{"id":3555,"date":"2024-09-23T21:16:43","date_gmt":"2024-09-23T19:16:43","guid":{"rendered":"https:\/\/marc-chazelle.fr\/photographe\/?p=3555"},"modified":"2024-09-23T21:26:02","modified_gmt":"2024-09-23T19:26:02","slug":"photo-architecture-tour-emblem-la-defense","status":"publish","type":"post","link":"https:\/\/marc-chazelle.fr\/photographe\/photo-architecture-tour-emblem-la-defense\/","title":{"rendered":"Capturer la transformation d\u2019une tour de bureaux : La Tour Emblem La D\u00e9fense"},"content":{"rendered":"<p><div class=\"fusion-fullwidth fullwidth-box fusion-builder-row-1 fusion-flex-container nonhundred-percent-fullwidth non-hundred-percent-height-scrolling\" style=\"--awb-background-position:left top;--awb-border-sizes-top:0px;--awb-border-sizes-bottom:0px;--awb-border-sizes-left:0px;--awb-border-sizes-right:0px;--awb-border-radius-top-left:0px;--awb-border-radius-top-right:0px;--awb-border-radius-bottom-right:0px;--awb-border-radius-bottom-left:0px;--awb-padding-top:0px;--awb-margin-top:0px;--awb-background-color:#ffffff;--awb-flex-wrap:wrap;\" ><div class=\"fusion-builder-row fusion-row fusion-flex-align-items-flex-start fusion-flex-content-wrap\" style=\"max-width:1216.8px;margin-left: calc(-4% \/ 2 );margin-right: calc(-4% \/ 2 );\"><div class=\"fusion-layout-column fusion_builder_column fusion-builder-column-0 fusion_builder_column_1_1 1_1 fusion-flex-column\" style=\"--awb-bg-color:var(--awb-color1);--awb-bg-color-hover:var(--awb-color1);--awb-bg-size:cover;--awb-width-large:100%;--awb-margin-top-large:0px;--awb-spacing-right-large:1.92%;--awb-margin-bottom-large:0px;--awb-spacing-left-large:1.92%;--awb-width-medium:100%;--awb-order-medium:0;--awb-spacing-right-medium:1.92%;--awb-spacing-left-medium:1.92%;--awb-width-small:100%;--awb-order-small:0;--awb-spacing-right-small:1.92%;--awb-spacing-left-small:1.92%;\"><div class=\"fusion-column-wrapper fusion-column-has-shadow fusion-flex-justify-content-flex-start fusion-content-layout-column\"><div class=\"fusion-title title fusion-title-1 fusion-title-center fusion-title-text fusion-title-size-one\" style=\"--awb-text-color:var(--awb-color4);--awb-margin-bottom:50px;--awb-font-size:45px;\"><div class=\"title-sep-container title-sep-container-left\"><div class=\"title-sep sep- sep-solid\" style=\"border-color:var(--awb-color7);\"><\/div><\/div><span class=\"awb-title-spacer\"><\/span><h1 class=\"fusion-title-heading title-heading-center fusion-responsive-typography-calculated\" style=\"font-family:&quot;Roboto&quot;;font-style:normal;font-weight:700;margin:0;font-size:1em;--fontSize:45;line-height:var(--awb-typography1-line-height);\"><h3><b>Capturer la transformation d\u2019une tour de bureaux : La Tour Emblem La D\u00e9fense<\/b><\/h3><\/h1><span class=\"awb-title-spacer\"><\/span><div class=\"title-sep-container title-sep-container-right\"><div class=\"title-sep sep- sep-solid\" style=\"border-color:var(--awb-color7);\"><\/div><\/div><\/div><\/div><\/div><div class=\"fusion-layout-column fusion_builder_column fusion-builder-column-1 fusion_builder_column_2_3 2_3 fusion-flex-column\" style=\"--awb-padding-top:60px;--awb-bg-blend:overlay;--awb-bg-size:cover;--awb-width-large:66.666666666667%;--awb-margin-top-large:0px;--awb-spacing-right-large:5.76%;--awb-margin-bottom-large:40px;--awb-spacing-left-large:2.88%;--awb-width-medium:100%;--awb-spacing-right-medium:1.92%;--awb-spacing-left-medium:1.92%;--awb-width-small:100%;--awb-spacing-right-small:1.92%;--awb-spacing-left-small:1.92%;\"><div class=\"fusion-column-wrapper fusion-flex-justify-content-flex-start fusion-content-layout-column\"><div class=\"fusion-text fusion-text-1\"><p style=\"color: var(--awb-color5);\"><b><i>En tant que photographe professionnel sp\u00e9cialis\u00e9 dans la photo d&rsquo;entreprise, j&rsquo;ai eu le privil\u00e8ge de r\u00e9aliser les visuels de la tour Emblem, un projet embl\u00e9matique situ\u00e9 au c\u0153ur de La D\u00e9fense. Cette tour, anciennement connue sous le nom de Tour C\u00e8dre, a r\u00e9cemment fait peau neuve gr\u00e2ce \u00e0 une r\u00e9novation ambitieuse men\u00e9e par Petit (Vinci Construction France) pour le compte de RedTree Capital et Invesco.<\/i><\/b><\/p>\n<\/div><div ><a class=\"fusion-button button-flat button-medium button-custom fusion-button-default button-1 fusion-button-default-span fusion-button-default-type\" style=\"--button_accent_color:var(--awb-color7);--button_border_color:var(--awb-color8);--button_accent_hover_color:var(--awb-color5);--button_border_hover_color:var(--awb-color5);--button_border_width-top:1px;--button_border_width-right:1px;--button_border_width-bottom:1px;--button_border_width-left:1px;--button_gradient_top_color:var(--awb-color1);--button_gradient_bottom_color:var(--awb-color1);--button_gradient_top_color_hover:var(--awb-color1);--button_gradient_bottom_color_hover:var(--awb-color1);--button_margin-bottom:30px;width:calc(100%);\" target=\"_self\" href=\"#contact1\"><span class=\"fusion-button-text\">Prendre un rendez-vous<\/span><\/a><\/div><div class=\"fusion-title title fusion-title-2 fusion-title-text fusion-title-size-two\" style=\"--awb-text-color:var(--awb-color8);--awb-font-size:24px;\"><div class=\"title-sep-container title-sep-container-left fusion-no-large-visibility fusion-no-medium-visibility fusion-no-small-visibility\"><div class=\"title-sep sep- sep-solid\" style=\"border-color:var(--awb-color7);\"><\/div><\/div><span class=\"awb-title-spacer fusion-no-large-visibility fusion-no-medium-visibility fusion-no-small-visibility\"><\/span><h2 class=\"fusion-title-heading title-heading-left fusion-responsive-typography-calculated\" style=\"margin:0;font-size:1em;--fontSize:24;--minFontSize:24;line-height:1.2;\"><h4><b>Un Projet de Transformation Architecturale<\/b><\/h4><\/h2><span class=\"awb-title-spacer\"><\/span><div class=\"title-sep-container title-sep-container-right\"><div class=\"title-sep sep- sep-solid\" style=\"border-color:var(--awb-color7);\"><\/div><\/div><\/div><div class=\"fusion-text fusion-text-2\" style=\"--awb-margin-top:-35px;\"><p style=\"color: #000000;\">Premi\u00e8re du Faubourg de l\u2019Arche, la tour, inaugur\u00e9e en 1998, a \u00e9t\u00e9 enti\u00e8rement restructur\u00e9e apr\u00e8s 24 mois de travaux. L\u2019objectif \u00e9tait de moderniser ce b\u00e2timent de 29 \u00e9tages et 29 000 m\u00b2. L\u2019intervention la plus spectaculaire a \u00e9t\u00e9 le remplacement de la fa\u00e7ade en granite marron par une peau blanche, compos\u00e9e de 1 455 panneaux de B\u00e9ton Fibr\u00e9 \u00e0 Ultra Haute Performance (BFUHP). Ce proc\u00e9d\u00e9, non seulement innovant d&rsquo;un point de vue technique, a aussi donn\u00e9 une dimension esth\u00e9tique moderne et \u00e9pur\u00e9e \u00e0 la tour.<\/p>\n<p style=\"color: #000000;\">Mon r\u00f4le en tant que photographe a \u00e9t\u00e9 de capturer cette transformation impressionnante en mettant en valeur la luminosit\u00e9 et les lignes architecturales du nouveau design.<\/p>\n<\/div><div class=\"fusion-image-element awb-imageframe-style awb-imageframe-style-below awb-imageframe-style-1\" style=\"--awb-caption-title-color:var(--awb-color8);--awb-caption-title-font-family:&quot;Roboto&quot;;--awb-caption-title-font-weight:400;--awb-caption-title-font-style:normal;--awb-caption-title-size:14px;--awb-caption-title-transform:var(--h4_typography-text-transform);--awb-caption-title-line-height:var(--h4_typography-line-height);--awb-caption-title-letter-spacing:var(--h4_typography-letter-spacing);\"><span class=\" fusion-imageframe imageframe-none imageframe-1 hover-type-none\"><a href=\"https:\/\/marc-chazelle.fr\/photographe\/wp-content\/uploads\/2024\/09\/photo-architecture-tour-Emblem-la-defense-26.jpg\" class=\"fusion-lightbox\" data-rel=\"iLightbox[8d10bb04e3e77117b52]\" data-title=\"photo architecture &#8211; tour Emblem &#8211; la d\u00e9fense (26)\" title=\"photo architecture &#8211; tour Emblem &#8211; la d\u00e9fense (26)\"><img decoding=\"async\" width=\"2500\" height=\"1664\" alt=\"Hall d\u2019accueil de la tour emblem - reportage photo architecture\" src=\"https:\/\/marc-chazelle.fr\/photographe\/wp-content\/uploads\/2024\/09\/photo-architecture-tour-Emblem-la-defense-26.jpg\" class=\"img-responsive wp-image-3578\" srcset=\"https:\/\/marc-chazelle.fr\/photographe\/wp-content\/uploads\/2024\/09\/photo-architecture-tour-Emblem-la-defense-26-200x133.jpg 200w, https:\/\/marc-chazelle.fr\/photographe\/wp-content\/uploads\/2024\/09\/photo-architecture-tour-Emblem-la-defense-26-400x266.jpg 400w, https:\/\/marc-chazelle.fr\/photographe\/wp-content\/uploads\/2024\/09\/photo-architecture-tour-Emblem-la-defense-26-600x399.jpg 600w, https:\/\/marc-chazelle.fr\/photographe\/wp-content\/uploads\/2024\/09\/photo-architecture-tour-Emblem-la-defense-26-800x532.jpg 800w, https:\/\/marc-chazelle.fr\/photographe\/wp-content\/uploads\/2024\/09\/photo-architecture-tour-Emblem-la-defense-26-1200x799.jpg 1200w, https:\/\/marc-chazelle.fr\/photographe\/wp-content\/uploads\/2024\/09\/photo-architecture-tour-Emblem-la-defense-26.jpg 2500w\" sizes=\"(max-width: 800px) 100vw, (max-width: 640px) 100vw, 800px\" \/><\/a><\/span><div class=\"awb-imageframe-caption-container\"><div class=\"awb-imageframe-caption\"><h4 class=\"awb-imageframe-caption-title\">Hall d'accueil de la tour Emblem \u00e0 La D\u00e9fense<\/h4><\/div><\/div><\/div><div class=\"fusion-title title fusion-title-3 fusion-title-text fusion-title-size-two\" style=\"--awb-text-color:var(--awb-color8);--awb-font-size:24px;\"><div class=\"title-sep-container title-sep-container-left fusion-no-large-visibility fusion-no-medium-visibility fusion-no-small-visibility\"><div class=\"title-sep sep- sep-solid\" style=\"border-color:var(--awb-color7);\"><\/div><\/div><span class=\"awb-title-spacer fusion-no-large-visibility fusion-no-medium-visibility fusion-no-small-visibility\"><\/span><h2 class=\"fusion-title-heading title-heading-left fusion-responsive-typography-calculated\" style=\"margin:0;font-size:1em;--fontSize:24;--minFontSize:24;line-height:1.2;\"><h4><b>Le Hall, les bureaux et le Rooftop : Nouveaux Espaces, Nouvelle Vie<\/b><\/h4><\/h2><span class=\"awb-title-spacer\"><\/span><div class=\"title-sep-container title-sep-container-right\"><div class=\"title-sep sep- sep-solid\" style=\"border-color:var(--awb-color7);\"><\/div><\/div><\/div><div class=\"fusion-text fusion-text-3\" style=\"--awb-margin-top:-35px;\"><p style=\"color: var(--awb-color8);\">Outre cette fa\u00e7ade spectaculaire, j&rsquo;ai surtout document\u00e9 le r\u00e9am\u00e9nagement int\u00e9rieur comme le hall d\u2019accueil, agrandi avec des baies vitr\u00e9es en double hauteur qui inondent l\u2019espace de lumi\u00e8re naturelle. La transparence et la luminosit\u00e9 de ces nouvelles baies \u00e9taient essentielles \u00e0 capturer, refl\u00e9tant la modernit\u00e9 et l\u2019accueil chaleureux du lieu.<\/p>\n<p style=\"color: var(--awb-color8);\">Le r\u00e9am\u00e9nagement des bureaux a, lui aussi, constitu\u00e9 une \u00e9tape cl\u00e9 du projet. Les espaces de travail, enti\u00e8rement modernis\u00e9s, offrent d\u00e9sormais une circulation fluide et optimis\u00e9e, favorisant la collaboration tout en assurant un confort visuel et ergonomique pour les occupants. Mon travail photographique s&rsquo;est concentr\u00e9 sur la mise en avant de ces espaces de bureaux contemporains, avec une attention particuli\u00e8re port\u00e9e \u00e0 la lumi\u00e8re naturelle et \u00e0 la qualit\u00e9 des mat\u00e9riaux. Chaque clich\u00e9 devait rendre justice \u00e0 l\u2019\u00e9quilibre entre design, fonctionnalit\u00e9 et bien-\u00eatre des utilisateurs.<\/p>\n<p style=\"color: var(--awb-color8);\">Cerise sur le gateau, au sommet de la tour, le rooftop totalement r\u00e9habilit\u00e9. Avec la cr\u00e9ation d\u2019une surdalle pour supporter les surcharges d\u2019exploitation, cet espace offre d\u00e9sormais une vue imprenable sur Paris. J&rsquo;ai cherch\u00e9 \u00e0 immortaliser l&rsquo;ambiance unique de cet espace, \u00e0 la fois lieu de d\u00e9tente et de connexion avec le panorama urbain.<\/p>\n<\/div><div class=\"fusion-image-element awb-imageframe-style awb-imageframe-style-below awb-imageframe-style-2\" style=\"--awb-caption-title-color:var(--awb-color8);--awb-caption-title-font-family:&quot;Roboto&quot;;--awb-caption-title-font-weight:400;--awb-caption-title-font-style:normal;--awb-caption-title-size:14px;--awb-caption-title-transform:var(--h4_typography-text-transform);--awb-caption-title-line-height:var(--h4_typography-line-height);--awb-caption-title-letter-spacing:var(--h4_typography-letter-spacing);\"><span class=\" fusion-imageframe imageframe-none imageframe-2 hover-type-none\"><a href=\"https:\/\/marc-chazelle.fr\/photographe\/wp-content\/uploads\/2024\/09\/photo-architecture-tour-Emblem-la-defense-11.jpg\" class=\"fusion-lightbox\" data-rel=\"iLightbox[f169b17cf4e3f16c650]\" data-title=\"photo architecture &#8211; tour Emblem &#8211; la d\u00e9fense (11)\" title=\"photo architecture &#8211; tour Emblem &#8211; la d\u00e9fense (11)\"><img decoding=\"async\" width=\"2500\" height=\"1669\" alt=\"Bureaux de la tour emblem - reportage photo architecture\" src=\"https:\/\/marc-chazelle.fr\/photographe\/wp-content\/uploads\/2024\/09\/photo-architecture-tour-Emblem-la-defense-11.jpg\" class=\"img-responsive wp-image-3563\" srcset=\"https:\/\/marc-chazelle.fr\/photographe\/wp-content\/uploads\/2024\/09\/photo-architecture-tour-Emblem-la-defense-11-200x134.jpg 200w, https:\/\/marc-chazelle.fr\/photographe\/wp-content\/uploads\/2024\/09\/photo-architecture-tour-Emblem-la-defense-11-400x267.jpg 400w, https:\/\/marc-chazelle.fr\/photographe\/wp-content\/uploads\/2024\/09\/photo-architecture-tour-Emblem-la-defense-11-600x401.jpg 600w, https:\/\/marc-chazelle.fr\/photographe\/wp-content\/uploads\/2024\/09\/photo-architecture-tour-Emblem-la-defense-11-800x534.jpg 800w, https:\/\/marc-chazelle.fr\/photographe\/wp-content\/uploads\/2024\/09\/photo-architecture-tour-Emblem-la-defense-11-1200x801.jpg 1200w, https:\/\/marc-chazelle.fr\/photographe\/wp-content\/uploads\/2024\/09\/photo-architecture-tour-Emblem-la-defense-11.jpg 2500w\" sizes=\"(max-width: 800px) 100vw, (max-width: 640px) 100vw, 800px\" \/><\/a><\/span><div class=\"awb-imageframe-caption-container\"><div class=\"awb-imageframe-caption\"><h4 class=\"awb-imageframe-caption-title\">Bureaux enti\u00e8rement r\u00e9nov\u00e9s<\/h4><\/div><\/div><\/div><div class=\"fusion-title title fusion-title-4 fusion-title-text fusion-title-size-two\" style=\"--awb-text-color:var(--awb-color8);--awb-font-size:24px;\"><div class=\"title-sep-container title-sep-container-left fusion-no-large-visibility fusion-no-medium-visibility fusion-no-small-visibility\"><div class=\"title-sep sep- sep-solid\" style=\"border-color:var(--awb-color7);\"><\/div><\/div><span class=\"awb-title-spacer fusion-no-large-visibility fusion-no-medium-visibility fusion-no-small-visibility\"><\/span><h2 class=\"fusion-title-heading title-heading-left fusion-responsive-typography-calculated\" style=\"margin:0;font-size:1em;--fontSize:24;--minFontSize:24;line-height:1.2;\"><h4><b>Une Exp\u00e9rience Photographique \u00e0 la Hauteur de l&rsquo;\u00c9v\u00e9nement<\/b><\/h4><\/h2><span class=\"awb-title-spacer\"><\/span><div class=\"title-sep-container title-sep-container-right\"><div class=\"title-sep sep- sep-solid\" style=\"border-color:var(--awb-color7);\"><\/div><\/div><\/div><div class=\"fusion-text fusion-text-4\" style=\"--awb-margin-top:-35px;\"><p style=\"color: var(--awb-color8);\">Travailler sur un projet d&rsquo;une telle envergure, dans un environnement aussi technique, demande non seulement une expertise en photographie architecturale, mais aussi une attention particuli\u00e8re aux d\u00e9tails et aux contraintes de s\u00e9curit\u00e9. Mon exp\u00e9rience de photographe de terrain m\u2019a permis de m\u2019adapter aux conditions parfois complexes du chantier, tout en saisissant la beaut\u00e9 de cette transformation.<\/p>\n<\/div><div class=\"fusion-separator fusion-full-width-sep\" style=\"align-self: center;margin-left: auto;margin-right: auto;margin-top:30px;width:100%;\"><\/div><div ><a class=\"fusion-button button-flat button-medium button-custom fusion-button-default button-2 fusion-button-default-span fusion-button-default-type\" style=\"--button_accent_color:var(--awb-color7);--button_border_color:var(--awb-color8);--button_accent_hover_color:var(--awb-color5);--button_border_hover_color:var(--awb-color5);--button_border_width-top:1px;--button_border_width-right:1px;--button_border_width-bottom:1px;--button_border_width-left:1px;--button_gradient_top_color:var(--awb-color1);--button_gradient_bottom_color:var(--awb-color1);--button_gradient_top_color_hover:var(--awb-color1);--button_gradient_bottom_color_hover:var(--awb-color1);--button_margin-bottom:30px;width:calc(100%);\" target=\"_self\" href=\"#contact1\"><span class=\"fusion-button-text\">Prendre un rendez-vous<\/span><\/a><\/div><div class=\"fusion-image-element awb-imageframe-style awb-imageframe-style-below awb-imageframe-style-3\" style=\"--awb-caption-title-color:var(--awb-color8);--awb-caption-title-font-family:&quot;Roboto&quot;;--awb-caption-title-font-weight:400;--awb-caption-title-font-style:normal;--awb-caption-title-size:14px;--awb-caption-title-transform:var(--h4_typography-text-transform);--awb-caption-title-line-height:var(--h4_typography-line-height);--awb-caption-title-letter-spacing:var(--h4_typography-letter-spacing);\"><span class=\" fusion-imageframe imageframe-none imageframe-3 hover-type-none\"><a href=\"https:\/\/marc-chazelle.fr\/photographe\/wp-content\/uploads\/2024\/09\/photo-architecture-tour-Emblem-la-defense-22.jpg\" class=\"fusion-lightbox\" data-rel=\"iLightbox[f040bf669898243ae88]\" data-title=\"photo architecture &#8211; tour Emblem &#8211; la d\u00e9fense (22)\" title=\"photo architecture &#8211; tour Emblem &#8211; la d\u00e9fense (22)\"><img decoding=\"async\" width=\"2500\" height=\"1669\" alt=\"roof top tour emblem - reportage photo architecture\" src=\"https:\/\/marc-chazelle.fr\/photographe\/wp-content\/uploads\/2024\/09\/photo-architecture-tour-Emblem-la-defense-22.jpg\" class=\"img-responsive wp-image-3574\" srcset=\"https:\/\/marc-chazelle.fr\/photographe\/wp-content\/uploads\/2024\/09\/photo-architecture-tour-Emblem-la-defense-22-200x134.jpg 200w, https:\/\/marc-chazelle.fr\/photographe\/wp-content\/uploads\/2024\/09\/photo-architecture-tour-Emblem-la-defense-22-400x267.jpg 400w, https:\/\/marc-chazelle.fr\/photographe\/wp-content\/uploads\/2024\/09\/photo-architecture-tour-Emblem-la-defense-22-600x401.jpg 600w, https:\/\/marc-chazelle.fr\/photographe\/wp-content\/uploads\/2024\/09\/photo-architecture-tour-Emblem-la-defense-22-800x534.jpg 800w, https:\/\/marc-chazelle.fr\/photographe\/wp-content\/uploads\/2024\/09\/photo-architecture-tour-Emblem-la-defense-22-1200x801.jpg 1200w, https:\/\/marc-chazelle.fr\/photographe\/wp-content\/uploads\/2024\/09\/photo-architecture-tour-Emblem-la-defense-22.jpg 2500w\" sizes=\"(max-width: 800px) 100vw, (max-width: 640px) 100vw, 800px\" \/><\/a><\/span><div class=\"awb-imageframe-caption-container\"><div class=\"awb-imageframe-caption\"><h4 class=\"awb-imageframe-caption-title\">Roof Top de la Tour Emblem<\/h4><\/div><\/div><\/div><div class=\"fusion-separator fusion-full-width-sep\" style=\"align-self: center;margin-left: auto;margin-right: auto;margin-top:60px;width:100%;\"><\/div><div class=\"fusion-title title fusion-title-5 fusion-title-text fusion-title-size-two\" style=\"--awb-text-color:var(--awb-color8);--awb-font-size:24px;\"><div class=\"title-sep-container title-sep-container-left fusion-no-large-visibility fusion-no-medium-visibility fusion-no-small-visibility\"><div class=\"title-sep sep- sep-solid\" style=\"border-color:var(--awb-color7);\"><\/div><\/div><span class=\"awb-title-spacer fusion-no-large-visibility fusion-no-medium-visibility fusion-no-small-visibility\"><\/span><h2 class=\"fusion-title-heading title-heading-left fusion-responsive-typography-calculated\" style=\"margin:0;font-size:1em;--fontSize:24;--minFontSize:24;line-height:1.2;\">Un Projet de promotion immobili\u00e8re, contactez-moi..<\/p><\/h2><span class=\"awb-title-spacer\"><\/span><div class=\"title-sep-container title-sep-container-right\"><div class=\"title-sep sep- sep-solid\" style=\"border-color:var(--awb-color7);\"><\/div><\/div><\/div><div class=\"fusion-text fusion-text-5\" style=\"--awb-margin-top:-10px;\"><p style=\"color: var(--awb-color8);\">Vous souhaitez mettre en valeur votre projet immobilier ou commercial avec des visuels de la m\u00eame qualit\u00e9 que ceux r\u00e9alis\u00e9s pour la tour Emblem ? Que vous soyez promoteur, architecte ou gestionnaire d&rsquo;entreprise, je vous accompagne pour sublimer votre projet \u00e0 travers des photographies qui capturent non seulement l&rsquo;architecture, mais aussi l&rsquo;\u00e2me de vos b\u00e2timents. Contactez-moi d\u00e8s maintenant pour discuter de vos besoins et donner vie \u00e0 vos espaces avec des images qui marqueront les esprits et mettront en avant votre savoir-faire.<\/p>\n<\/div><div class=\"awb-gallery-wrapper awb-gallery-wrapper-1 button-span-no\" style=\"--more-btn-alignment:center;\"><div style=\"margin:-5px;--awb-bordersize:0px;\" class=\"fusion-gallery fusion-gallery-container fusion-grid-3 fusion-columns-total-26 fusion-gallery-layout-grid fusion-gallery-1\"><div style=\"padding:5px;\" class=\"fusion-grid-column fusion-gallery-column fusion-gallery-column-3 hover-type-none\"><div class=\"fusion-gallery-image\"><a href=\"https:\/\/marc-chazelle.fr\/photographe\/wp-content\/uploads\/2024\/09\/photo-architecture-tour-Emblem-la-defense-5.jpg\" rel=\"noreferrer\" data-rel=\"iLightbox[gallery_image_1]\" class=\"fusion-lightbox\" target=\"_self\"><img decoding=\"async\" src=\"https:\/\/marc-chazelle.fr\/photographe\/wp-content\/uploads\/2024\/09\/photo-architecture-tour-Emblem-la-defense-5.jpg\" width=\"2500\" height=\"1669\" alt=\"Hall d\u2019accueil de la tour emblem - reportage photo architecture\" title=\"photo architecture &#8211; tour Emblem &#8211; la d\u00e9fense (5)\" aria-label=\"photo architecture &#8211; tour Emblem &#8211; la d\u00e9fense (5)\" class=\"img-responsive wp-image-3557\" srcset=\"https:\/\/marc-chazelle.fr\/photographe\/wp-content\/uploads\/2024\/09\/photo-architecture-tour-Emblem-la-defense-5-200x134.jpg 200w, https:\/\/marc-chazelle.fr\/photographe\/wp-content\/uploads\/2024\/09\/photo-architecture-tour-Emblem-la-defense-5-400x267.jpg 400w, https:\/\/marc-chazelle.fr\/photographe\/wp-content\/uploads\/2024\/09\/photo-architecture-tour-Emblem-la-defense-5-600x401.jpg 600w, https:\/\/marc-chazelle.fr\/photographe\/wp-content\/uploads\/2024\/09\/photo-architecture-tour-Emblem-la-defense-5-800x534.jpg 800w, https:\/\/marc-chazelle.fr\/photographe\/wp-content\/uploads\/2024\/09\/photo-architecture-tour-Emblem-la-defense-5-1200x801.jpg 1200w, https:\/\/marc-chazelle.fr\/photographe\/wp-content\/uploads\/2024\/09\/photo-architecture-tour-Emblem-la-defense-5.jpg 2500w\" sizes=\"(min-width: 2200px) 100vw, (min-width: 824px) 387px, (min-width: 732px) 580px, (min-width: 640px) 732px, \" \/><\/a><\/div><\/div><div style=\"padding:5px;\" class=\"fusion-grid-column fusion-gallery-column fusion-gallery-column-3 hover-type-none\"><div class=\"fusion-gallery-image\"><a href=\"https:\/\/marc-chazelle.fr\/photographe\/wp-content\/uploads\/2024\/09\/photo-architecture-tour-Emblem-la-defense-4.jpg\" rel=\"noreferrer\" data-rel=\"iLightbox[gallery_image_1]\" class=\"fusion-lightbox\" target=\"_self\"><img decoding=\"async\" src=\"https:\/\/marc-chazelle.fr\/photographe\/wp-content\/uploads\/2024\/09\/photo-architecture-tour-Emblem-la-defense-4.jpg\" width=\"2500\" height=\"1664\" alt=\"Hall d\u2019accueil de la tour emblem - reportage photo architecture\" title=\"photo architecture &#8211; tour Emblem &#8211; la d\u00e9fense (4)\" aria-label=\"photo architecture &#8211; tour Emblem &#8211; la d\u00e9fense (4)\" class=\"img-responsive wp-image-3582\" srcset=\"https:\/\/marc-chazelle.fr\/photographe\/wp-content\/uploads\/2024\/09\/photo-architecture-tour-Emblem-la-defense-4-200x133.jpg 200w, https:\/\/marc-chazelle.fr\/photographe\/wp-content\/uploads\/2024\/09\/photo-architecture-tour-Emblem-la-defense-4-400x266.jpg 400w, https:\/\/marc-chazelle.fr\/photographe\/wp-content\/uploads\/2024\/09\/photo-architecture-tour-Emblem-la-defense-4-600x399.jpg 600w, https:\/\/marc-chazelle.fr\/photographe\/wp-content\/uploads\/2024\/09\/photo-architecture-tour-Emblem-la-defense-4-800x532.jpg 800w, https:\/\/marc-chazelle.fr\/photographe\/wp-content\/uploads\/2024\/09\/photo-architecture-tour-Emblem-la-defense-4-1200x799.jpg 1200w, https:\/\/marc-chazelle.fr\/photographe\/wp-content\/uploads\/2024\/09\/photo-architecture-tour-Emblem-la-defense-4.jpg 2500w\" sizes=\"(min-width: 2200px) 100vw, (min-width: 824px) 387px, (min-width: 732px) 580px, (min-width: 640px) 732px, \" \/><\/a><\/div><\/div><div style=\"padding:5px;\" class=\"fusion-grid-column fusion-gallery-column fusion-gallery-column-3 hover-type-none\"><div class=\"fusion-gallery-image\"><a href=\"https:\/\/marc-chazelle.fr\/photographe\/wp-content\/uploads\/2024\/09\/photo-architecture-tour-Emblem-la-defense-3.jpg\" rel=\"noreferrer\" data-rel=\"iLightbox[gallery_image_1]\" class=\"fusion-lightbox\" target=\"_self\"><img decoding=\"async\" src=\"https:\/\/marc-chazelle.fr\/photographe\/wp-content\/uploads\/2024\/09\/photo-architecture-tour-Emblem-la-defense-3.jpg\" width=\"2500\" height=\"1664\" alt=\"Hall d\u2019accueil de la tour emblem - reportage photo architecture\" title=\"photo architecture &#8211; tour Emblem &#8211; la d\u00e9fense (3)\" aria-label=\"photo architecture &#8211; tour Emblem &#8211; la d\u00e9fense (3)\" class=\"img-responsive wp-image-3581\" srcset=\"https:\/\/marc-chazelle.fr\/photographe\/wp-content\/uploads\/2024\/09\/photo-architecture-tour-Emblem-la-defense-3-200x133.jpg 200w, https:\/\/marc-chazelle.fr\/photographe\/wp-content\/uploads\/2024\/09\/photo-architecture-tour-Emblem-la-defense-3-400x266.jpg 400w, https:\/\/marc-chazelle.fr\/photographe\/wp-content\/uploads\/2024\/09\/photo-architecture-tour-Emblem-la-defense-3-600x399.jpg 600w, https:\/\/marc-chazelle.fr\/photographe\/wp-content\/uploads\/2024\/09\/photo-architecture-tour-Emblem-la-defense-3-800x532.jpg 800w, https:\/\/marc-chazelle.fr\/photographe\/wp-content\/uploads\/2024\/09\/photo-architecture-tour-Emblem-la-defense-3-1200x799.jpg 1200w, https:\/\/marc-chazelle.fr\/photographe\/wp-content\/uploads\/2024\/09\/photo-architecture-tour-Emblem-la-defense-3.jpg 2500w\" sizes=\"(min-width: 2200px) 100vw, (min-width: 824px) 387px, (min-width: 732px) 580px, (min-width: 640px) 732px, \" \/><\/a><\/div><\/div><div class=\"clearfix\"><\/div><div style=\"padding:5px;\" class=\"fusion-grid-column fusion-gallery-column fusion-gallery-column-3 hover-type-none\"><div class=\"fusion-gallery-image\"><a href=\"https:\/\/marc-chazelle.fr\/photographe\/wp-content\/uploads\/2024\/09\/photo-architecture-tour-Emblem-la-defense-2.jpg\" rel=\"noreferrer\" data-rel=\"iLightbox[gallery_image_1]\" class=\"fusion-lightbox\" target=\"_self\"><img decoding=\"async\" src=\"https:\/\/marc-chazelle.fr\/photographe\/wp-content\/uploads\/2024\/09\/photo-architecture-tour-Emblem-la-defense-2.jpg\" width=\"2500\" height=\"1406\" alt=\"Hall d\u2019accueil de la tour emblem - reportage photo architecture\" title=\"photo architecture &#8211; tour Emblem &#8211; la d\u00e9fense (2)\" aria-label=\"photo architecture &#8211; tour Emblem &#8211; la d\u00e9fense (2)\" class=\"img-responsive wp-image-3580\" srcset=\"https:\/\/marc-chazelle.fr\/photographe\/wp-content\/uploads\/2024\/09\/photo-architecture-tour-Emblem-la-defense-2-200x112.jpg 200w, https:\/\/marc-chazelle.fr\/photographe\/wp-content\/uploads\/2024\/09\/photo-architecture-tour-Emblem-la-defense-2-400x225.jpg 400w, https:\/\/marc-chazelle.fr\/photographe\/wp-content\/uploads\/2024\/09\/photo-architecture-tour-Emblem-la-defense-2-600x337.jpg 600w, https:\/\/marc-chazelle.fr\/photographe\/wp-content\/uploads\/2024\/09\/photo-architecture-tour-Emblem-la-defense-2-800x450.jpg 800w, https:\/\/marc-chazelle.fr\/photographe\/wp-content\/uploads\/2024\/09\/photo-architecture-tour-Emblem-la-defense-2-1200x675.jpg 1200w, https:\/\/marc-chazelle.fr\/photographe\/wp-content\/uploads\/2024\/09\/photo-architecture-tour-Emblem-la-defense-2.jpg 2500w\" sizes=\"(min-width: 2200px) 100vw, (min-width: 824px) 387px, (min-width: 732px) 580px, (min-width: 640px) 732px, \" \/><\/a><\/div><\/div><div style=\"padding:5px;\" class=\"fusion-grid-column fusion-gallery-column fusion-gallery-column-3 hover-type-none\"><div class=\"fusion-gallery-image\"><a href=\"https:\/\/marc-chazelle.fr\/photographe\/wp-content\/uploads\/2024\/09\/photo-architecture-tour-Emblem-la-defense-1.jpg\" rel=\"noreferrer\" data-rel=\"iLightbox[gallery_image_1]\" class=\"fusion-lightbox\" target=\"_self\"><img decoding=\"async\" src=\"https:\/\/marc-chazelle.fr\/photographe\/wp-content\/uploads\/2024\/09\/photo-architecture-tour-Emblem-la-defense-1.jpg\" width=\"2500\" height=\"1669\" alt=\"Hall d\u2019accueil de la tour emblem - reportage photo architecture\" title=\"photo architecture &#8211; tour Emblem &#8211; la d\u00e9fense (1)\" aria-label=\"photo architecture &#8211; tour Emblem &#8211; la d\u00e9fense (1)\" class=\"img-responsive wp-image-3579\" srcset=\"https:\/\/marc-chazelle.fr\/photographe\/wp-content\/uploads\/2024\/09\/photo-architecture-tour-Emblem-la-defense-1-200x134.jpg 200w, https:\/\/marc-chazelle.fr\/photographe\/wp-content\/uploads\/2024\/09\/photo-architecture-tour-Emblem-la-defense-1-400x267.jpg 400w, https:\/\/marc-chazelle.fr\/photographe\/wp-content\/uploads\/2024\/09\/photo-architecture-tour-Emblem-la-defense-1-600x401.jpg 600w, https:\/\/marc-chazelle.fr\/photographe\/wp-content\/uploads\/2024\/09\/photo-architecture-tour-Emblem-la-defense-1-800x534.jpg 800w, https:\/\/marc-chazelle.fr\/photographe\/wp-content\/uploads\/2024\/09\/photo-architecture-tour-Emblem-la-defense-1-1200x801.jpg 1200w, https:\/\/marc-chazelle.fr\/photographe\/wp-content\/uploads\/2024\/09\/photo-architecture-tour-Emblem-la-defense-1.jpg 2500w\" sizes=\"(min-width: 2200px) 100vw, (min-width: 824px) 387px, (min-width: 732px) 580px, (min-width: 640px) 732px, \" \/><\/a><\/div><\/div><div style=\"padding:5px;\" class=\"fusion-grid-column fusion-gallery-column fusion-gallery-column-3 hover-type-none\"><div class=\"fusion-gallery-image\"><a href=\"https:\/\/marc-chazelle.fr\/photographe\/wp-content\/uploads\/2024\/09\/photo-architecture-tour-Emblem-la-defense-26.jpg\" rel=\"noreferrer\" data-rel=\"iLightbox[gallery_image_1]\" class=\"fusion-lightbox\" target=\"_self\"><img decoding=\"async\" src=\"https:\/\/marc-chazelle.fr\/photographe\/wp-content\/uploads\/2024\/09\/photo-architecture-tour-Emblem-la-defense-26.jpg\" width=\"2500\" height=\"1664\" alt=\"Hall d\u2019accueil de la tour emblem - reportage photo architecture\" title=\"photo architecture &#8211; tour Emblem &#8211; la d\u00e9fense (26)\" aria-label=\"photo architecture &#8211; tour Emblem &#8211; la d\u00e9fense (26)\" class=\"img-responsive wp-image-3578\" srcset=\"https:\/\/marc-chazelle.fr\/photographe\/wp-content\/uploads\/2024\/09\/photo-architecture-tour-Emblem-la-defense-26-200x133.jpg 200w, https:\/\/marc-chazelle.fr\/photographe\/wp-content\/uploads\/2024\/09\/photo-architecture-tour-Emblem-la-defense-26-400x266.jpg 400w, https:\/\/marc-chazelle.fr\/photographe\/wp-content\/uploads\/2024\/09\/photo-architecture-tour-Emblem-la-defense-26-600x399.jpg 600w, https:\/\/marc-chazelle.fr\/photographe\/wp-content\/uploads\/2024\/09\/photo-architecture-tour-Emblem-la-defense-26-800x532.jpg 800w, https:\/\/marc-chazelle.fr\/photographe\/wp-content\/uploads\/2024\/09\/photo-architecture-tour-Emblem-la-defense-26-1200x799.jpg 1200w, https:\/\/marc-chazelle.fr\/photographe\/wp-content\/uploads\/2024\/09\/photo-architecture-tour-Emblem-la-defense-26.jpg 2500w\" sizes=\"(min-width: 2200px) 100vw, (min-width: 824px) 387px, (min-width: 732px) 580px, (min-width: 640px) 732px, \" \/><\/a><\/div><\/div><div class=\"clearfix\"><\/div><div style=\"padding:5px;\" class=\"fusion-grid-column fusion-gallery-column fusion-gallery-column-3 hover-type-none\"><div class=\"fusion-gallery-image\"><a href=\"https:\/\/marc-chazelle.fr\/photographe\/wp-content\/uploads\/2024\/09\/photo-architecture-tour-Emblem-la-defense-25.jpg\" rel=\"noreferrer\" data-rel=\"iLightbox[gallery_image_1]\" class=\"fusion-lightbox\" target=\"_self\"><img decoding=\"async\" src=\"https:\/\/marc-chazelle.fr\/photographe\/wp-content\/uploads\/2024\/09\/photo-architecture-tour-Emblem-la-defense-25.jpg\" width=\"2500\" height=\"1406\" alt=\"Hall d\u2019accueil de la tour emblem - reportage photo architecture\" title=\"photo architecture &#8211; tour Emblem &#8211; la d\u00e9fense (25)\" aria-label=\"photo architecture &#8211; tour Emblem &#8211; la d\u00e9fense (25)\" class=\"img-responsive wp-image-3577\" srcset=\"https:\/\/marc-chazelle.fr\/photographe\/wp-content\/uploads\/2024\/09\/photo-architecture-tour-Emblem-la-defense-25-200x112.jpg 200w, https:\/\/marc-chazelle.fr\/photographe\/wp-content\/uploads\/2024\/09\/photo-architecture-tour-Emblem-la-defense-25-400x225.jpg 400w, https:\/\/marc-chazelle.fr\/photographe\/wp-content\/uploads\/2024\/09\/photo-architecture-tour-Emblem-la-defense-25-600x337.jpg 600w, https:\/\/marc-chazelle.fr\/photographe\/wp-content\/uploads\/2024\/09\/photo-architecture-tour-Emblem-la-defense-25-800x450.jpg 800w, https:\/\/marc-chazelle.fr\/photographe\/wp-content\/uploads\/2024\/09\/photo-architecture-tour-Emblem-la-defense-25-1200x675.jpg 1200w, https:\/\/marc-chazelle.fr\/photographe\/wp-content\/uploads\/2024\/09\/photo-architecture-tour-Emblem-la-defense-25.jpg 2500w\" sizes=\"(min-width: 2200px) 100vw, (min-width: 824px) 387px, (min-width: 732px) 580px, (min-width: 640px) 732px, \" \/><\/a><\/div><\/div><div style=\"padding:5px;\" class=\"fusion-grid-column fusion-gallery-column fusion-gallery-column-3 hover-type-none\"><div class=\"fusion-gallery-image\"><a href=\"https:\/\/marc-chazelle.fr\/photographe\/wp-content\/uploads\/2024\/09\/photo-architecture-tour-Emblem-la-defense-24.jpg\" rel=\"noreferrer\" data-rel=\"iLightbox[gallery_image_1]\" class=\"fusion-lightbox\" target=\"_self\"><img decoding=\"async\" src=\"https:\/\/marc-chazelle.fr\/photographe\/wp-content\/uploads\/2024\/09\/photo-architecture-tour-Emblem-la-defense-24.jpg\" width=\"2500\" height=\"1669\" alt=\"Hall d\u2019accueil de la tour emblem - reportage photo architecture\" title=\"photo architecture &#8211; tour Emblem &#8211; la d\u00e9fense (24)\" aria-label=\"photo architecture &#8211; tour Emblem &#8211; la d\u00e9fense (24)\" class=\"img-responsive wp-image-3576\" srcset=\"https:\/\/marc-chazelle.fr\/photographe\/wp-content\/uploads\/2024\/09\/photo-architecture-tour-Emblem-la-defense-24-200x134.jpg 200w, https:\/\/marc-chazelle.fr\/photographe\/wp-content\/uploads\/2024\/09\/photo-architecture-tour-Emblem-la-defense-24-400x267.jpg 400w, https:\/\/marc-chazelle.fr\/photographe\/wp-content\/uploads\/2024\/09\/photo-architecture-tour-Emblem-la-defense-24-600x401.jpg 600w, https:\/\/marc-chazelle.fr\/photographe\/wp-content\/uploads\/2024\/09\/photo-architecture-tour-Emblem-la-defense-24-800x534.jpg 800w, https:\/\/marc-chazelle.fr\/photographe\/wp-content\/uploads\/2024\/09\/photo-architecture-tour-Emblem-la-defense-24-1200x801.jpg 1200w, https:\/\/marc-chazelle.fr\/photographe\/wp-content\/uploads\/2024\/09\/photo-architecture-tour-Emblem-la-defense-24.jpg 2500w\" sizes=\"(min-width: 2200px) 100vw, (min-width: 824px) 387px, (min-width: 732px) 580px, (min-width: 640px) 732px, \" \/><\/a><\/div><\/div><div style=\"padding:5px;\" class=\"fusion-grid-column fusion-gallery-column fusion-gallery-column-3 hover-type-none\"><div class=\"fusion-gallery-image\"><a href=\"https:\/\/marc-chazelle.fr\/photographe\/wp-content\/uploads\/2024\/09\/photo-architecture-tour-Emblem-la-defense-23.jpg\" rel=\"noreferrer\" data-rel=\"iLightbox[gallery_image_1]\" class=\"fusion-lightbox\" target=\"_self\"><img decoding=\"async\" src=\"https:\/\/marc-chazelle.fr\/photographe\/wp-content\/uploads\/2024\/09\/photo-architecture-tour-Emblem-la-defense-23.jpg\" width=\"2500\" height=\"1406\" alt=\"Hall d\u2019accueil de la tour emblem - reportage photo architecture\" title=\"photo architecture &#8211; tour Emblem &#8211; la d\u00e9fense (23)\" aria-label=\"photo architecture &#8211; tour Emblem &#8211; la d\u00e9fense (23)\" class=\"img-responsive wp-image-3575\" srcset=\"https:\/\/marc-chazelle.fr\/photographe\/wp-content\/uploads\/2024\/09\/photo-architecture-tour-Emblem-la-defense-23-200x112.jpg 200w, https:\/\/marc-chazelle.fr\/photographe\/wp-content\/uploads\/2024\/09\/photo-architecture-tour-Emblem-la-defense-23-400x225.jpg 400w, https:\/\/marc-chazelle.fr\/photographe\/wp-content\/uploads\/2024\/09\/photo-architecture-tour-Emblem-la-defense-23-600x337.jpg 600w, https:\/\/marc-chazelle.fr\/photographe\/wp-content\/uploads\/2024\/09\/photo-architecture-tour-Emblem-la-defense-23-800x450.jpg 800w, https:\/\/marc-chazelle.fr\/photographe\/wp-content\/uploads\/2024\/09\/photo-architecture-tour-Emblem-la-defense-23-1200x675.jpg 1200w, https:\/\/marc-chazelle.fr\/photographe\/wp-content\/uploads\/2024\/09\/photo-architecture-tour-Emblem-la-defense-23.jpg 2500w\" sizes=\"(min-width: 2200px) 100vw, (min-width: 824px) 387px, (min-width: 732px) 580px, (min-width: 640px) 732px, \" \/><\/a><\/div><\/div><div class=\"clearfix\"><\/div><div style=\"padding:5px;\" class=\"fusion-grid-column fusion-gallery-column fusion-gallery-column-3 hover-type-none\"><div class=\"fusion-gallery-image\"><a href=\"https:\/\/marc-chazelle.fr\/photographe\/wp-content\/uploads\/2024\/09\/photo-architecture-tour-Emblem-la-defense-22.jpg\" rel=\"noreferrer\" data-rel=\"iLightbox[gallery_image_1]\" class=\"fusion-lightbox\" target=\"_self\"><img decoding=\"async\" src=\"https:\/\/marc-chazelle.fr\/photographe\/wp-content\/uploads\/2024\/09\/photo-architecture-tour-Emblem-la-defense-22.jpg\" width=\"2500\" height=\"1669\" alt=\"roof top tour emblem - reportage photo architecture\" title=\"photo architecture &#8211; tour Emblem &#8211; la d\u00e9fense (22)\" aria-label=\"photo architecture &#8211; tour Emblem &#8211; la d\u00e9fense (22)\" class=\"img-responsive wp-image-3574\" srcset=\"https:\/\/marc-chazelle.fr\/photographe\/wp-content\/uploads\/2024\/09\/photo-architecture-tour-Emblem-la-defense-22-200x134.jpg 200w, https:\/\/marc-chazelle.fr\/photographe\/wp-content\/uploads\/2024\/09\/photo-architecture-tour-Emblem-la-defense-22-400x267.jpg 400w, https:\/\/marc-chazelle.fr\/photographe\/wp-content\/uploads\/2024\/09\/photo-architecture-tour-Emblem-la-defense-22-600x401.jpg 600w, https:\/\/marc-chazelle.fr\/photographe\/wp-content\/uploads\/2024\/09\/photo-architecture-tour-Emblem-la-defense-22-800x534.jpg 800w, https:\/\/marc-chazelle.fr\/photographe\/wp-content\/uploads\/2024\/09\/photo-architecture-tour-Emblem-la-defense-22-1200x801.jpg 1200w, https:\/\/marc-chazelle.fr\/photographe\/wp-content\/uploads\/2024\/09\/photo-architecture-tour-Emblem-la-defense-22.jpg 2500w\" sizes=\"(min-width: 2200px) 100vw, (min-width: 824px) 387px, (min-width: 732px) 580px, (min-width: 640px) 732px, \" \/><\/a><\/div><\/div><div style=\"padding:5px;\" class=\"fusion-grid-column fusion-gallery-column fusion-gallery-column-3 hover-type-none\"><div class=\"fusion-gallery-image\"><a href=\"https:\/\/marc-chazelle.fr\/photographe\/wp-content\/uploads\/2024\/09\/photo-architecture-tour-Emblem-la-defense-21.jpg\" rel=\"noreferrer\" data-rel=\"iLightbox[gallery_image_1]\" class=\"fusion-lightbox\" target=\"_self\"><img decoding=\"async\" src=\"https:\/\/marc-chazelle.fr\/photographe\/wp-content\/uploads\/2024\/09\/photo-architecture-tour-Emblem-la-defense-21.jpg\" width=\"1664\" height=\"2500\" alt=\"roof top tour emblem - reportage photo architecture\" title=\"photo architecture &#8211; tour Emblem &#8211; la d\u00e9fense (21)\" aria-label=\"photo architecture &#8211; tour Emblem &#8211; la d\u00e9fense (21)\" class=\"img-responsive wp-image-3573\" srcset=\"https:\/\/marc-chazelle.fr\/photographe\/wp-content\/uploads\/2024\/09\/photo-architecture-tour-Emblem-la-defense-21-200x300.jpg 200w, https:\/\/marc-chazelle.fr\/photographe\/wp-content\/uploads\/2024\/09\/photo-architecture-tour-Emblem-la-defense-21-400x601.jpg 400w, https:\/\/marc-chazelle.fr\/photographe\/wp-content\/uploads\/2024\/09\/photo-architecture-tour-Emblem-la-defense-21-600x901.jpg 600w, https:\/\/marc-chazelle.fr\/photographe\/wp-content\/uploads\/2024\/09\/photo-architecture-tour-Emblem-la-defense-21-800x1202.jpg 800w, https:\/\/marc-chazelle.fr\/photographe\/wp-content\/uploads\/2024\/09\/photo-architecture-tour-Emblem-la-defense-21-1200x1803.jpg 1200w, https:\/\/marc-chazelle.fr\/photographe\/wp-content\/uploads\/2024\/09\/photo-architecture-tour-Emblem-la-defense-21.jpg 1664w\" sizes=\"(min-width: 2200px) 100vw, (min-width: 824px) 387px, (min-width: 732px) 580px, (min-width: 640px) 732px, \" \/><\/a><\/div><\/div><div style=\"padding:5px;\" class=\"fusion-grid-column fusion-gallery-column fusion-gallery-column-3 hover-type-none\"><div class=\"fusion-gallery-image\"><a href=\"https:\/\/marc-chazelle.fr\/photographe\/wp-content\/uploads\/2024\/09\/photo-architecture-tour-Emblem-la-defense-20.jpg\" rel=\"noreferrer\" data-rel=\"iLightbox[gallery_image_1]\" class=\"fusion-lightbox\" target=\"_self\"><img decoding=\"async\" src=\"https:\/\/marc-chazelle.fr\/photographe\/wp-content\/uploads\/2024\/09\/photo-architecture-tour-Emblem-la-defense-20.jpg\" width=\"2500\" height=\"1669\" alt=\"roof top tour emblem - reportage photo architecture\" title=\"photo architecture &#8211; tour Emblem &#8211; la d\u00e9fense (20)\" aria-label=\"photo architecture &#8211; tour Emblem &#8211; la d\u00e9fense (20)\" class=\"img-responsive wp-image-3572\" srcset=\"https:\/\/marc-chazelle.fr\/photographe\/wp-content\/uploads\/2024\/09\/photo-architecture-tour-Emblem-la-defense-20-200x134.jpg 200w, https:\/\/marc-chazelle.fr\/photographe\/wp-content\/uploads\/2024\/09\/photo-architecture-tour-Emblem-la-defense-20-400x267.jpg 400w, https:\/\/marc-chazelle.fr\/photographe\/wp-content\/uploads\/2024\/09\/photo-architecture-tour-Emblem-la-defense-20-600x401.jpg 600w, https:\/\/marc-chazelle.fr\/photographe\/wp-content\/uploads\/2024\/09\/photo-architecture-tour-Emblem-la-defense-20-800x534.jpg 800w, https:\/\/marc-chazelle.fr\/photographe\/wp-content\/uploads\/2024\/09\/photo-architecture-tour-Emblem-la-defense-20-1200x801.jpg 1200w, https:\/\/marc-chazelle.fr\/photographe\/wp-content\/uploads\/2024\/09\/photo-architecture-tour-Emblem-la-defense-20.jpg 2500w\" sizes=\"(min-width: 2200px) 100vw, (min-width: 824px) 387px, (min-width: 732px) 580px, (min-width: 640px) 732px, \" \/><\/a><\/div><\/div><div class=\"clearfix\"><\/div><div style=\"padding:5px;\" class=\"fusion-grid-column fusion-gallery-column fusion-gallery-column-3 hover-type-none\"><div class=\"fusion-gallery-image\"><a href=\"https:\/\/marc-chazelle.fr\/photographe\/wp-content\/uploads\/2024\/09\/photo-architecture-tour-Emblem-la-defense-19.jpg\" rel=\"noreferrer\" data-rel=\"iLightbox[gallery_image_1]\" class=\"fusion-lightbox\" target=\"_self\"><img decoding=\"async\" src=\"https:\/\/marc-chazelle.fr\/photographe\/wp-content\/uploads\/2024\/09\/photo-architecture-tour-Emblem-la-defense-19.jpg\" width=\"2500\" height=\"1669\" alt=\"roof top tour emblem - reportage photo architecture\" title=\"photo architecture &#8211; tour Emblem &#8211; la d\u00e9fense (19)\" aria-label=\"photo architecture &#8211; tour Emblem &#8211; la d\u00e9fense (19)\" class=\"img-responsive wp-image-3571\" srcset=\"https:\/\/marc-chazelle.fr\/photographe\/wp-content\/uploads\/2024\/09\/photo-architecture-tour-Emblem-la-defense-19-200x134.jpg 200w, https:\/\/marc-chazelle.fr\/photographe\/wp-content\/uploads\/2024\/09\/photo-architecture-tour-Emblem-la-defense-19-400x267.jpg 400w, https:\/\/marc-chazelle.fr\/photographe\/wp-content\/uploads\/2024\/09\/photo-architecture-tour-Emblem-la-defense-19-600x401.jpg 600w, https:\/\/marc-chazelle.fr\/photographe\/wp-content\/uploads\/2024\/09\/photo-architecture-tour-Emblem-la-defense-19-800x534.jpg 800w, https:\/\/marc-chazelle.fr\/photographe\/wp-content\/uploads\/2024\/09\/photo-architecture-tour-Emblem-la-defense-19-1200x801.jpg 1200w, https:\/\/marc-chazelle.fr\/photographe\/wp-content\/uploads\/2024\/09\/photo-architecture-tour-Emblem-la-defense-19.jpg 2500w\" sizes=\"(min-width: 2200px) 100vw, (min-width: 824px) 387px, (min-width: 732px) 580px, (min-width: 640px) 732px, \" \/><\/a><\/div><\/div><div style=\"padding:5px;\" class=\"fusion-grid-column fusion-gallery-column fusion-gallery-column-3 hover-type-none\"><div class=\"fusion-gallery-image\"><a href=\"https:\/\/marc-chazelle.fr\/photographe\/wp-content\/uploads\/2024\/09\/photo-architecture-tour-Emblem-la-defense-18.jpg\" rel=\"noreferrer\" data-rel=\"iLightbox[gallery_image_1]\" class=\"fusion-lightbox\" target=\"_self\"><img decoding=\"async\" src=\"https:\/\/marc-chazelle.fr\/photographe\/wp-content\/uploads\/2024\/09\/photo-architecture-tour-Emblem-la-defense-18.jpg\" width=\"2500\" height=\"1406\" alt=\"roof top tour emblem - reportage photo architecture\" title=\"photo architecture &#8211; tour Emblem &#8211; la d\u00e9fense (18)\" aria-label=\"photo architecture &#8211; tour Emblem &#8211; la d\u00e9fense (18)\" class=\"img-responsive wp-image-3570\" srcset=\"https:\/\/marc-chazelle.fr\/photographe\/wp-content\/uploads\/2024\/09\/photo-architecture-tour-Emblem-la-defense-18-200x112.jpg 200w, https:\/\/marc-chazelle.fr\/photographe\/wp-content\/uploads\/2024\/09\/photo-architecture-tour-Emblem-la-defense-18-400x225.jpg 400w, https:\/\/marc-chazelle.fr\/photographe\/wp-content\/uploads\/2024\/09\/photo-architecture-tour-Emblem-la-defense-18-600x337.jpg 600w, https:\/\/marc-chazelle.fr\/photographe\/wp-content\/uploads\/2024\/09\/photo-architecture-tour-Emblem-la-defense-18-800x450.jpg 800w, https:\/\/marc-chazelle.fr\/photographe\/wp-content\/uploads\/2024\/09\/photo-architecture-tour-Emblem-la-defense-18-1200x675.jpg 1200w, https:\/\/marc-chazelle.fr\/photographe\/wp-content\/uploads\/2024\/09\/photo-architecture-tour-Emblem-la-defense-18.jpg 2500w\" sizes=\"(min-width: 2200px) 100vw, (min-width: 824px) 387px, (min-width: 732px) 580px, (min-width: 640px) 732px, \" \/><\/a><\/div><\/div><div style=\"padding:5px;\" class=\"fusion-grid-column fusion-gallery-column fusion-gallery-column-3 hover-type-none\"><div class=\"fusion-gallery-image\"><a href=\"https:\/\/marc-chazelle.fr\/photographe\/wp-content\/uploads\/2024\/09\/photo-architecture-tour-Emblem-la-defense-17.jpg\" rel=\"noreferrer\" data-rel=\"iLightbox[gallery_image_1]\" class=\"fusion-lightbox\" target=\"_self\"><img decoding=\"async\" src=\"https:\/\/marc-chazelle.fr\/photographe\/wp-content\/uploads\/2024\/09\/photo-architecture-tour-Emblem-la-defense-17.jpg\" width=\"2500\" height=\"1669\" alt=\"couloir - tour emblem - reportage photo architecture\" title=\"photo architecture &#8211; tour Emblem &#8211; la d\u00e9fense (17)\" aria-label=\"photo architecture &#8211; tour Emblem &#8211; la d\u00e9fense (17)\" class=\"img-responsive wp-image-3569\" srcset=\"https:\/\/marc-chazelle.fr\/photographe\/wp-content\/uploads\/2024\/09\/photo-architecture-tour-Emblem-la-defense-17-200x134.jpg 200w, https:\/\/marc-chazelle.fr\/photographe\/wp-content\/uploads\/2024\/09\/photo-architecture-tour-Emblem-la-defense-17-400x267.jpg 400w, https:\/\/marc-chazelle.fr\/photographe\/wp-content\/uploads\/2024\/09\/photo-architecture-tour-Emblem-la-defense-17-600x401.jpg 600w, https:\/\/marc-chazelle.fr\/photographe\/wp-content\/uploads\/2024\/09\/photo-architecture-tour-Emblem-la-defense-17-800x534.jpg 800w, https:\/\/marc-chazelle.fr\/photographe\/wp-content\/uploads\/2024\/09\/photo-architecture-tour-Emblem-la-defense-17-1200x801.jpg 1200w, https:\/\/marc-chazelle.fr\/photographe\/wp-content\/uploads\/2024\/09\/photo-architecture-tour-Emblem-la-defense-17.jpg 2500w\" sizes=\"(min-width: 2200px) 100vw, (min-width: 824px) 387px, (min-width: 732px) 580px, (min-width: 640px) 732px, \" \/><\/a><\/div><\/div><div class=\"clearfix\"><\/div><div style=\"padding:5px;\" class=\"fusion-grid-column fusion-gallery-column fusion-gallery-column-3 hover-type-none\"><div class=\"fusion-gallery-image\"><a href=\"https:\/\/marc-chazelle.fr\/photographe\/wp-content\/uploads\/2024\/09\/photo-architecture-tour-Emblem-la-defense-16.jpg\" rel=\"noreferrer\" data-rel=\"iLightbox[gallery_image_1]\" class=\"fusion-lightbox\" target=\"_self\"><img decoding=\"async\" src=\"https:\/\/marc-chazelle.fr\/photographe\/wp-content\/uploads\/2024\/09\/photo-architecture-tour-Emblem-la-defense-16.jpg\" width=\"2500\" height=\"1406\" alt=\"roof top vue de la tour emblem - reportage photo architecture\" title=\"photo architecture &#8211; tour Emblem &#8211; la d\u00e9fense (16)\" aria-label=\"photo architecture &#8211; tour Emblem &#8211; la d\u00e9fense (16)\" class=\"img-responsive wp-image-3568\" srcset=\"https:\/\/marc-chazelle.fr\/photographe\/wp-content\/uploads\/2024\/09\/photo-architecture-tour-Emblem-la-defense-16-200x112.jpg 200w, https:\/\/marc-chazelle.fr\/photographe\/wp-content\/uploads\/2024\/09\/photo-architecture-tour-Emblem-la-defense-16-400x225.jpg 400w, https:\/\/marc-chazelle.fr\/photographe\/wp-content\/uploads\/2024\/09\/photo-architecture-tour-Emblem-la-defense-16-600x337.jpg 600w, https:\/\/marc-chazelle.fr\/photographe\/wp-content\/uploads\/2024\/09\/photo-architecture-tour-Emblem-la-defense-16-800x450.jpg 800w, https:\/\/marc-chazelle.fr\/photographe\/wp-content\/uploads\/2024\/09\/photo-architecture-tour-Emblem-la-defense-16-1200x675.jpg 1200w, https:\/\/marc-chazelle.fr\/photographe\/wp-content\/uploads\/2024\/09\/photo-architecture-tour-Emblem-la-defense-16.jpg 2500w\" sizes=\"(min-width: 2200px) 100vw, (min-width: 824px) 387px, (min-width: 732px) 580px, (min-width: 640px) 732px, \" \/><\/a><\/div><\/div><div style=\"padding:5px;\" class=\"fusion-grid-column fusion-gallery-column fusion-gallery-column-3 hover-type-none\"><div class=\"fusion-gallery-image\"><a href=\"https:\/\/marc-chazelle.fr\/photographe\/wp-content\/uploads\/2024\/09\/photo-architecture-tour-Emblem-la-defense-15.jpg\" rel=\"noreferrer\" data-rel=\"iLightbox[gallery_image_1]\" class=\"fusion-lightbox\" target=\"_self\"><img decoding=\"async\" src=\"https:\/\/marc-chazelle.fr\/photographe\/wp-content\/uploads\/2024\/09\/photo-architecture-tour-Emblem-la-defense-15.jpg\" width=\"2500\" height=\"1669\" alt=\"couloir de la tour emblem - reportage photo architecture\" title=\"photo architecture &#8211; tour Emblem &#8211; la d\u00e9fense (15)\" aria-label=\"photo architecture &#8211; tour Emblem &#8211; la d\u00e9fense (15)\" class=\"img-responsive wp-image-3567\" srcset=\"https:\/\/marc-chazelle.fr\/photographe\/wp-content\/uploads\/2024\/09\/photo-architecture-tour-Emblem-la-defense-15-200x134.jpg 200w, https:\/\/marc-chazelle.fr\/photographe\/wp-content\/uploads\/2024\/09\/photo-architecture-tour-Emblem-la-defense-15-400x267.jpg 400w, https:\/\/marc-chazelle.fr\/photographe\/wp-content\/uploads\/2024\/09\/photo-architecture-tour-Emblem-la-defense-15-600x401.jpg 600w, https:\/\/marc-chazelle.fr\/photographe\/wp-content\/uploads\/2024\/09\/photo-architecture-tour-Emblem-la-defense-15-800x534.jpg 800w, https:\/\/marc-chazelle.fr\/photographe\/wp-content\/uploads\/2024\/09\/photo-architecture-tour-Emblem-la-defense-15-1200x801.jpg 1200w, https:\/\/marc-chazelle.fr\/photographe\/wp-content\/uploads\/2024\/09\/photo-architecture-tour-Emblem-la-defense-15.jpg 2500w\" sizes=\"(min-width: 2200px) 100vw, (min-width: 824px) 387px, (min-width: 732px) 580px, (min-width: 640px) 732px, \" \/><\/a><\/div><\/div><div style=\"padding:5px;\" class=\"fusion-grid-column fusion-gallery-column fusion-gallery-column-3 hover-type-none\"><div class=\"fusion-gallery-image\"><a href=\"https:\/\/marc-chazelle.fr\/photographe\/wp-content\/uploads\/2024\/09\/photo-architecture-tour-Emblem-la-defense-14.jpg\" rel=\"noreferrer\" data-rel=\"iLightbox[gallery_image_1]\" class=\"fusion-lightbox\" target=\"_self\"><img decoding=\"async\" src=\"https:\/\/marc-chazelle.fr\/photographe\/wp-content\/uploads\/2024\/09\/photo-architecture-tour-Emblem-la-defense-14.jpg\" width=\"2500\" height=\"1669\" alt=\"Salon de coiffure de la tour emblem - reportage photo architecture\" title=\"photo architecture &#8211; tour Emblem &#8211; la d\u00e9fense (14)\" aria-label=\"photo architecture &#8211; tour Emblem &#8211; la d\u00e9fense (14)\" class=\"img-responsive wp-image-3566\" srcset=\"https:\/\/marc-chazelle.fr\/photographe\/wp-content\/uploads\/2024\/09\/photo-architecture-tour-Emblem-la-defense-14-200x134.jpg 200w, https:\/\/marc-chazelle.fr\/photographe\/wp-content\/uploads\/2024\/09\/photo-architecture-tour-Emblem-la-defense-14-400x267.jpg 400w, https:\/\/marc-chazelle.fr\/photographe\/wp-content\/uploads\/2024\/09\/photo-architecture-tour-Emblem-la-defense-14-600x401.jpg 600w, https:\/\/marc-chazelle.fr\/photographe\/wp-content\/uploads\/2024\/09\/photo-architecture-tour-Emblem-la-defense-14-800x534.jpg 800w, https:\/\/marc-chazelle.fr\/photographe\/wp-content\/uploads\/2024\/09\/photo-architecture-tour-Emblem-la-defense-14-1200x801.jpg 1200w, https:\/\/marc-chazelle.fr\/photographe\/wp-content\/uploads\/2024\/09\/photo-architecture-tour-Emblem-la-defense-14.jpg 2500w\" sizes=\"(min-width: 2200px) 100vw, (min-width: 824px) 387px, (min-width: 732px) 580px, (min-width: 640px) 732px, \" \/><\/a><\/div><\/div><div class=\"clearfix\"><\/div><div style=\"padding:5px;\" class=\"fusion-grid-column fusion-gallery-column fusion-gallery-column-3 hover-type-none\"><div class=\"fusion-gallery-image\"><a href=\"https:\/\/marc-chazelle.fr\/photographe\/wp-content\/uploads\/2024\/09\/photo-architecture-tour-Emblem-la-defense-13.jpg\" rel=\"noreferrer\" data-rel=\"iLightbox[gallery_image_1]\" class=\"fusion-lightbox\" target=\"_self\"><img decoding=\"async\" src=\"https:\/\/marc-chazelle.fr\/photographe\/wp-content\/uploads\/2024\/09\/photo-architecture-tour-Emblem-la-defense-13.jpg\" width=\"1669\" height=\"2500\" alt=\"Salon de coiffure de la tour emblem - reportage photo architecture\" title=\"photo architecture &#8211; tour Emblem &#8211; la d\u00e9fense (13)\" aria-label=\"photo architecture &#8211; tour Emblem &#8211; la d\u00e9fense (13)\" class=\"img-responsive wp-image-3565\" srcset=\"https:\/\/marc-chazelle.fr\/photographe\/wp-content\/uploads\/2024\/09\/photo-architecture-tour-Emblem-la-defense-13-200x300.jpg 200w, https:\/\/marc-chazelle.fr\/photographe\/wp-content\/uploads\/2024\/09\/photo-architecture-tour-Emblem-la-defense-13-400x599.jpg 400w, https:\/\/marc-chazelle.fr\/photographe\/wp-content\/uploads\/2024\/09\/photo-architecture-tour-Emblem-la-defense-13-600x899.jpg 600w, https:\/\/marc-chazelle.fr\/photographe\/wp-content\/uploads\/2024\/09\/photo-architecture-tour-Emblem-la-defense-13-800x1198.jpg 800w, https:\/\/marc-chazelle.fr\/photographe\/wp-content\/uploads\/2024\/09\/photo-architecture-tour-Emblem-la-defense-13-1200x1797.jpg 1200w, https:\/\/marc-chazelle.fr\/photographe\/wp-content\/uploads\/2024\/09\/photo-architecture-tour-Emblem-la-defense-13.jpg 1669w\" sizes=\"(min-width: 2200px) 100vw, (min-width: 824px) 387px, (min-width: 732px) 580px, (min-width: 640px) 732px, \" \/><\/a><\/div><\/div><div style=\"padding:5px;\" class=\"fusion-grid-column fusion-gallery-column fusion-gallery-column-3 hover-type-none\"><div class=\"fusion-gallery-image\"><a href=\"https:\/\/marc-chazelle.fr\/photographe\/wp-content\/uploads\/2024\/09\/photo-architecture-tour-Emblem-la-defense-12.jpg\" rel=\"noreferrer\" data-rel=\"iLightbox[gallery_image_1]\" class=\"fusion-lightbox\" target=\"_self\"><img decoding=\"async\" src=\"https:\/\/marc-chazelle.fr\/photographe\/wp-content\/uploads\/2024\/09\/photo-architecture-tour-Emblem-la-defense-12.jpg\" width=\"2500\" height=\"1669\" alt=\"Bureaux de la tour emblem - reportage photo architecture\" title=\"photo architecture &#8211; tour Emblem &#8211; la d\u00e9fense (12)\" aria-label=\"photo architecture &#8211; tour Emblem &#8211; la d\u00e9fense (12)\" class=\"img-responsive wp-image-3564\" srcset=\"https:\/\/marc-chazelle.fr\/photographe\/wp-content\/uploads\/2024\/09\/photo-architecture-tour-Emblem-la-defense-12-200x134.jpg 200w, https:\/\/marc-chazelle.fr\/photographe\/wp-content\/uploads\/2024\/09\/photo-architecture-tour-Emblem-la-defense-12-400x267.jpg 400w, https:\/\/marc-chazelle.fr\/photographe\/wp-content\/uploads\/2024\/09\/photo-architecture-tour-Emblem-la-defense-12-600x401.jpg 600w, https:\/\/marc-chazelle.fr\/photographe\/wp-content\/uploads\/2024\/09\/photo-architecture-tour-Emblem-la-defense-12-800x534.jpg 800w, https:\/\/marc-chazelle.fr\/photographe\/wp-content\/uploads\/2024\/09\/photo-architecture-tour-Emblem-la-defense-12-1200x801.jpg 1200w, https:\/\/marc-chazelle.fr\/photographe\/wp-content\/uploads\/2024\/09\/photo-architecture-tour-Emblem-la-defense-12.jpg 2500w\" sizes=\"(min-width: 2200px) 100vw, (min-width: 824px) 387px, (min-width: 732px) 580px, (min-width: 640px) 732px, \" \/><\/a><\/div><\/div><div style=\"padding:5px;\" class=\"fusion-grid-column fusion-gallery-column fusion-gallery-column-3 hover-type-none\"><div class=\"fusion-gallery-image\"><a href=\"https:\/\/marc-chazelle.fr\/photographe\/wp-content\/uploads\/2024\/09\/photo-architecture-tour-Emblem-la-defense-11.jpg\" rel=\"noreferrer\" data-rel=\"iLightbox[gallery_image_1]\" class=\"fusion-lightbox\" target=\"_self\"><img decoding=\"async\" src=\"https:\/\/marc-chazelle.fr\/photographe\/wp-content\/uploads\/2024\/09\/photo-architecture-tour-Emblem-la-defense-11.jpg\" width=\"2500\" height=\"1669\" alt=\"Bureaux de la tour emblem - reportage photo architecture\" title=\"photo architecture &#8211; tour Emblem &#8211; la d\u00e9fense (11)\" aria-label=\"photo architecture &#8211; tour Emblem &#8211; la d\u00e9fense (11)\" class=\"img-responsive wp-image-3563\" srcset=\"https:\/\/marc-chazelle.fr\/photographe\/wp-content\/uploads\/2024\/09\/photo-architecture-tour-Emblem-la-defense-11-200x134.jpg 200w, https:\/\/marc-chazelle.fr\/photographe\/wp-content\/uploads\/2024\/09\/photo-architecture-tour-Emblem-la-defense-11-400x267.jpg 400w, https:\/\/marc-chazelle.fr\/photographe\/wp-content\/uploads\/2024\/09\/photo-architecture-tour-Emblem-la-defense-11-600x401.jpg 600w, https:\/\/marc-chazelle.fr\/photographe\/wp-content\/uploads\/2024\/09\/photo-architecture-tour-Emblem-la-defense-11-800x534.jpg 800w, https:\/\/marc-chazelle.fr\/photographe\/wp-content\/uploads\/2024\/09\/photo-architecture-tour-Emblem-la-defense-11-1200x801.jpg 1200w, https:\/\/marc-chazelle.fr\/photographe\/wp-content\/uploads\/2024\/09\/photo-architecture-tour-Emblem-la-defense-11.jpg 2500w\" sizes=\"(min-width: 2200px) 100vw, (min-width: 824px) 387px, (min-width: 732px) 580px, (min-width: 640px) 732px, \" \/><\/a><\/div><\/div><div class=\"clearfix\"><\/div><div style=\"padding:5px;\" class=\"fusion-grid-column fusion-gallery-column fusion-gallery-column-3 hover-type-none\"><div class=\"fusion-gallery-image\"><a href=\"https:\/\/marc-chazelle.fr\/photographe\/wp-content\/uploads\/2024\/09\/photo-architecture-tour-Emblem-la-defense-10.jpg\" rel=\"noreferrer\" data-rel=\"iLightbox[gallery_image_1]\" class=\"fusion-lightbox\" target=\"_self\"><img decoding=\"async\" src=\"https:\/\/marc-chazelle.fr\/photographe\/wp-content\/uploads\/2024\/09\/photo-architecture-tour-Emblem-la-defense-10.jpg\" width=\"2500\" height=\"1406\" alt=\"Bureaux de la tour emblem - reportage photo architecture\" title=\"photo architecture &#8211; tour Emblem &#8211; la d\u00e9fense (10)\" aria-label=\"photo architecture &#8211; tour Emblem &#8211; la d\u00e9fense (10)\" class=\"img-responsive wp-image-3562\" srcset=\"https:\/\/marc-chazelle.fr\/photographe\/wp-content\/uploads\/2024\/09\/photo-architecture-tour-Emblem-la-defense-10-200x112.jpg 200w, https:\/\/marc-chazelle.fr\/photographe\/wp-content\/uploads\/2024\/09\/photo-architecture-tour-Emblem-la-defense-10-400x225.jpg 400w, https:\/\/marc-chazelle.fr\/photographe\/wp-content\/uploads\/2024\/09\/photo-architecture-tour-Emblem-la-defense-10-600x337.jpg 600w, https:\/\/marc-chazelle.fr\/photographe\/wp-content\/uploads\/2024\/09\/photo-architecture-tour-Emblem-la-defense-10-800x450.jpg 800w, https:\/\/marc-chazelle.fr\/photographe\/wp-content\/uploads\/2024\/09\/photo-architecture-tour-Emblem-la-defense-10-1200x675.jpg 1200w, https:\/\/marc-chazelle.fr\/photographe\/wp-content\/uploads\/2024\/09\/photo-architecture-tour-Emblem-la-defense-10.jpg 2500w\" sizes=\"(min-width: 2200px) 100vw, (min-width: 824px) 387px, (min-width: 732px) 580px, (min-width: 640px) 732px, \" \/><\/a><\/div><\/div><div style=\"padding:5px;\" class=\"fusion-grid-column fusion-gallery-column fusion-gallery-column-3 hover-type-none\"><div class=\"fusion-gallery-image\"><a href=\"https:\/\/marc-chazelle.fr\/photographe\/wp-content\/uploads\/2024\/09\/photo-architecture-tour-Emblem-la-defense-9.jpg\" rel=\"noreferrer\" data-rel=\"iLightbox[gallery_image_1]\" class=\"fusion-lightbox\" target=\"_self\"><img decoding=\"async\" src=\"https:\/\/marc-chazelle.fr\/photographe\/wp-content\/uploads\/2024\/09\/photo-architecture-tour-Emblem-la-defense-9.jpg\" width=\"2500\" height=\"1664\" alt=\"Bureaux de la tour emblem - reportage photo architecture\" title=\"photo architecture &#8211; tour Emblem &#8211; la d\u00e9fense (9)\" aria-label=\"photo architecture &#8211; tour Emblem &#8211; la d\u00e9fense (9)\" class=\"img-responsive wp-image-3561\" srcset=\"https:\/\/marc-chazelle.fr\/photographe\/wp-content\/uploads\/2024\/09\/photo-architecture-tour-Emblem-la-defense-9-200x133.jpg 200w, https:\/\/marc-chazelle.fr\/photographe\/wp-content\/uploads\/2024\/09\/photo-architecture-tour-Emblem-la-defense-9-400x266.jpg 400w, https:\/\/marc-chazelle.fr\/photographe\/wp-content\/uploads\/2024\/09\/photo-architecture-tour-Emblem-la-defense-9-600x399.jpg 600w, https:\/\/marc-chazelle.fr\/photographe\/wp-content\/uploads\/2024\/09\/photo-architecture-tour-Emblem-la-defense-9-800x532.jpg 800w, https:\/\/marc-chazelle.fr\/photographe\/wp-content\/uploads\/2024\/09\/photo-architecture-tour-Emblem-la-defense-9-1200x799.jpg 1200w, https:\/\/marc-chazelle.fr\/photographe\/wp-content\/uploads\/2024\/09\/photo-architecture-tour-Emblem-la-defense-9.jpg 2500w\" sizes=\"(min-width: 2200px) 100vw, (min-width: 824px) 387px, (min-width: 732px) 580px, (min-width: 640px) 732px, \" \/><\/a><\/div><\/div><div style=\"padding:5px;\" class=\"fusion-grid-column fusion-gallery-column fusion-gallery-column-3 hover-type-none\"><div class=\"fusion-gallery-image\"><a href=\"https:\/\/marc-chazelle.fr\/photographe\/wp-content\/uploads\/2024\/09\/photo-architecture-tour-Emblem-la-defense-8.jpg\" rel=\"noreferrer\" data-rel=\"iLightbox[gallery_image_1]\" class=\"fusion-lightbox\" target=\"_self\"><img decoding=\"async\" src=\"https:\/\/marc-chazelle.fr\/photographe\/wp-content\/uploads\/2024\/09\/photo-architecture-tour-Emblem-la-defense-8.jpg\" width=\"2500\" height=\"1406\" alt=\"Bureaux de la tour emblem - reportage photo architecture\" title=\"photo architecture &#8211; tour Emblem &#8211; la d\u00e9fense (8)\" aria-label=\"photo architecture &#8211; tour Emblem &#8211; la d\u00e9fense (8)\" class=\"img-responsive wp-image-3560\" srcset=\"https:\/\/marc-chazelle.fr\/photographe\/wp-content\/uploads\/2024\/09\/photo-architecture-tour-Emblem-la-defense-8-200x112.jpg 200w, https:\/\/marc-chazelle.fr\/photographe\/wp-content\/uploads\/2024\/09\/photo-architecture-tour-Emblem-la-defense-8-400x225.jpg 400w, https:\/\/marc-chazelle.fr\/photographe\/wp-content\/uploads\/2024\/09\/photo-architecture-tour-Emblem-la-defense-8-600x337.jpg 600w, https:\/\/marc-chazelle.fr\/photographe\/wp-content\/uploads\/2024\/09\/photo-architecture-tour-Emblem-la-defense-8-800x450.jpg 800w, https:\/\/marc-chazelle.fr\/photographe\/wp-content\/uploads\/2024\/09\/photo-architecture-tour-Emblem-la-defense-8-1200x675.jpg 1200w, https:\/\/marc-chazelle.fr\/photographe\/wp-content\/uploads\/2024\/09\/photo-architecture-tour-Emblem-la-defense-8.jpg 2500w\" sizes=\"(min-width: 2200px) 100vw, (min-width: 824px) 387px, (min-width: 732px) 580px, (min-width: 640px) 732px, \" \/><\/a><\/div><\/div><div class=\"clearfix\"><\/div><div style=\"padding:5px;\" class=\"fusion-grid-column fusion-gallery-column fusion-gallery-column-3 hover-type-none\"><div class=\"fusion-gallery-image\"><a href=\"https:\/\/marc-chazelle.fr\/photographe\/wp-content\/uploads\/2024\/09\/photo-architecture-tour-Emblem-la-defense-7.jpg\" rel=\"noreferrer\" data-rel=\"iLightbox[gallery_image_1]\" class=\"fusion-lightbox\" target=\"_self\"><img decoding=\"async\" src=\"https:\/\/marc-chazelle.fr\/photographe\/wp-content\/uploads\/2024\/09\/photo-architecture-tour-Emblem-la-defense-7.jpg\" width=\"2500\" height=\"1669\" alt=\"Bureaux de la tour emblem - reportage photo architecture\" title=\"photo architecture &#8211; tour Emblem &#8211; la d\u00e9fense (7)\" aria-label=\"photo architecture &#8211; tour Emblem &#8211; la d\u00e9fense (7)\" class=\"img-responsive wp-image-3559\" srcset=\"https:\/\/marc-chazelle.fr\/photographe\/wp-content\/uploads\/2024\/09\/photo-architecture-tour-Emblem-la-defense-7-200x134.jpg 200w, https:\/\/marc-chazelle.fr\/photographe\/wp-content\/uploads\/2024\/09\/photo-architecture-tour-Emblem-la-defense-7-400x267.jpg 400w, https:\/\/marc-chazelle.fr\/photographe\/wp-content\/uploads\/2024\/09\/photo-architecture-tour-Emblem-la-defense-7-600x401.jpg 600w, https:\/\/marc-chazelle.fr\/photographe\/wp-content\/uploads\/2024\/09\/photo-architecture-tour-Emblem-la-defense-7-800x534.jpg 800w, https:\/\/marc-chazelle.fr\/photographe\/wp-content\/uploads\/2024\/09\/photo-architecture-tour-Emblem-la-defense-7-1200x801.jpg 1200w, https:\/\/marc-chazelle.fr\/photographe\/wp-content\/uploads\/2024\/09\/photo-architecture-tour-Emblem-la-defense-7.jpg 2500w\" sizes=\"(min-width: 2200px) 100vw, (min-width: 824px) 387px, (min-width: 732px) 580px, (min-width: 640px) 732px, \" \/><\/a><\/div><\/div><div style=\"padding:5px;\" class=\"fusion-grid-column fusion-gallery-column fusion-gallery-column-3 hover-type-none\"><div class=\"fusion-gallery-image\"><a href=\"https:\/\/marc-chazelle.fr\/photographe\/wp-content\/uploads\/2024\/09\/photo-architecture-tour-Emblem-la-defense-6.jpg\" rel=\"noreferrer\" data-rel=\"iLightbox[gallery_image_1]\" class=\"fusion-lightbox\" target=\"_self\"><img decoding=\"async\" src=\"https:\/\/marc-chazelle.fr\/photographe\/wp-content\/uploads\/2024\/09\/photo-architecture-tour-Emblem-la-defense-6.jpg\" width=\"2500\" height=\"1406\" alt=\"Bureaux de la tour emblem - reportage photo architecture\" title=\"photo architecture &#8211; tour Emblem &#8211; la d\u00e9fense (6)\" aria-label=\"photo architecture &#8211; tour Emblem &#8211; la d\u00e9fense (6)\" class=\"img-responsive wp-image-3558\" srcset=\"https:\/\/marc-chazelle.fr\/photographe\/wp-content\/uploads\/2024\/09\/photo-architecture-tour-Emblem-la-defense-6-200x112.jpg 200w, https:\/\/marc-chazelle.fr\/photographe\/wp-content\/uploads\/2024\/09\/photo-architecture-tour-Emblem-la-defense-6-400x225.jpg 400w, https:\/\/marc-chazelle.fr\/photographe\/wp-content\/uploads\/2024\/09\/photo-architecture-tour-Emblem-la-defense-6-600x337.jpg 600w, https:\/\/marc-chazelle.fr\/photographe\/wp-content\/uploads\/2024\/09\/photo-architecture-tour-Emblem-la-defense-6-800x450.jpg 800w, https:\/\/marc-chazelle.fr\/photographe\/wp-content\/uploads\/2024\/09\/photo-architecture-tour-Emblem-la-defense-6-1200x675.jpg 1200w, https:\/\/marc-chazelle.fr\/photographe\/wp-content\/uploads\/2024\/09\/photo-architecture-tour-Emblem-la-defense-6.jpg 2500w\" sizes=\"(min-width: 2200px) 100vw, (min-width: 824px) 387px, (min-width: 732px) 580px, (min-width: 640px) 732px, \" \/><\/a><\/div><\/div><\/div><\/div><\/div><\/div><div class=\"fusion-layout-column fusion_builder_column fusion-builder-column-2 fusion_builder_column_1_3 1_3 fusion-flex-column\" style=\"--awb-padding-top:10px;--awb-padding-right:30px;--awb-padding-bottom:30px;--awb-padding-left:30px;--awb-bg-color:rgba(120,155,157,0.31);--awb-bg-color-hover:rgba(120,155,157,0.31);--awb-bg-blend:overlay;--awb-bg-size:cover;--awb-border-color:var(--awb-color4);--awb-border-right:0;--awb-border-bottom:0;--awb-border-left:0;--awb-border-style:solid;--awb-width-large:33.333333333333%;--awb-margin-top-large:63px;--awb-spacing-right-large:5.76%;--awb-margin-bottom-large:0px;--awb-spacing-left-large:5.76%;--awb-width-medium:100%;--awb-spacing-right-medium:1.92%;--awb-spacing-left-medium:1.92%;--awb-width-small:100%;--awb-spacing-right-small:1.92%;--awb-spacing-left-small:1.92%;\"><div class=\"fusion-column-wrapper fusion-flex-justify-content-center fusion-content-layout-column\"><div class=\"fusion-text fusion-text-6\"><h4 class=\"fusion-responsive-typography-calculated\" style=\"text-align: left; --fontsize: 24; line-height: 1.25; --minfontsize: 24; color: var(--awb-color4); font-size: 24px;\" data-fontsize=\"24\" data-lineheight=\"30px\" data-fusion-font=\"true\">Auteur :<span style=\"font-weight: normal;\"> Marc CHAZELLE<\/span><\/h4>\n<\/div><div class=\"fusion-separator\" style=\"align-self: flex-start;margin-right:auto;margin-top:0px;width:100%;max-width:130px;\"><div class=\"fusion-separator-border sep-single sep-solid\" style=\"--awb-height:20px;--awb-amount:20px;--awb-sep-color:var(--awb-color3);border-color:var(--awb-color3);border-top-width:1px;\"><\/div><\/div><div class=\"fusion-image-element \" style=\"--awb-margin-top:20px;--awb-margin-bottom:10px;--awb-caption-title-font-family:var(--h2_typography-font-family);--awb-caption-title-font-weight:var(--h2_typography-font-weight);--awb-caption-title-font-style:var(--h2_typography-font-style);--awb-caption-title-size:var(--h2_typography-font-size);--awb-caption-title-transform:var(--h2_typography-text-transform);--awb-caption-title-line-height:var(--h2_typography-line-height);--awb-caption-title-letter-spacing:var(--h2_typography-letter-spacing);\"><span class=\" fusion-imageframe imageframe-none imageframe-4 hover-type-none\"><img decoding=\"async\" width=\"1064\" height=\"1600\" title=\"portrait nb1\" src=\"https:\/\/marc-chazelle.fr\/photographe\/wp-content\/uploads\/2024\/06\/portrait-nb1.jpg\" alt class=\"img-responsive wp-image-2010\" srcset=\"https:\/\/marc-chazelle.fr\/photographe\/wp-content\/uploads\/2024\/06\/portrait-nb1-200x301.jpg 200w, https:\/\/marc-chazelle.fr\/photographe\/wp-content\/uploads\/2024\/06\/portrait-nb1-400x602.jpg 400w, https:\/\/marc-chazelle.fr\/photographe\/wp-content\/uploads\/2024\/06\/portrait-nb1-600x902.jpg 600w, https:\/\/marc-chazelle.fr\/photographe\/wp-content\/uploads\/2024\/06\/portrait-nb1-800x1203.jpg 800w, https:\/\/marc-chazelle.fr\/photographe\/wp-content\/uploads\/2024\/06\/portrait-nb1.jpg 1064w\" sizes=\"(max-width: 800px) 100vw, (max-width: 640px) 100vw, 400px\" \/><\/span><\/div><div class=\"fusion-text fusion-text-7\"><p><span data-fusion-font=\"true\" data-fusion-google-font=\"Roboto\" data-fusion-google-variant=\"300\">Artisan photographe passionn\u00e9<\/span><span data-fusion-font=\"true\" data-fusion-google-font=\"Roboto\" data-fusion-google-variant=\"300\">, install\u00e9 sur la c\u00f4te normande, je parcours depuis 15 ans la Normandie et la France pour accompagner les entreprises, les collectivit\u00e9s locales et les particuliers dans leurs projets photographiques et audiovisuels.<\/span><\/p>\n<\/div><div style=\"text-align:center;\"><a class=\"fusion-button button-flat button-small button-custom fusion-button-default button-3 fusion-button-default-span fusion-button-default-type\" style=\"--button_accent_color:#000000;--button_border_color:#000000;--button_accent_hover_color:var(--awb-color5);--button_border_hover_color:var(--awb-color5);--button_border_width-top:1px;--button_border_width-right:1px;--button_border_width-bottom:1px;--button_border_width-left:1px;--button_gradient_top_color:var(--awb-color1);--button_gradient_bottom_color:var(--awb-color1);--button_gradient_top_color_hover:var(--awb-color1);--button_gradient_bottom_color_hover:var(--awb-color1);--button_margin-top:0px;width:calc(100%);\" target=\"_self\" href=\"#\"><span class=\"fusion-button-text\">En savoir encore plus&#8230;<\/span><\/a><\/div><div class=\"fusion-text fusion-text-8\"><h4 class=\"fusion-responsive-typography-calculated\" style=\"text-align: left; --fontsize: 24; line-height: 1.25; --minfontsize: 24; color: var(--awb-color4);\" data-fontsize=\"24\" data-lineheight=\"30px\">Contactez-moi<\/h4>\n<\/div><div class=\"fusion-separator\" style=\"align-self: flex-start;margin-right:auto;margin-top:0px;margin-bottom:30px;width:100%;max-width:130px;\"><div class=\"fusion-separator-border sep-single sep-solid\" style=\"--awb-height:20px;--awb-amount:20px;--awb-sep-color:var(--awb-color3);border-color:var(--awb-color3);border-top-width:1px;\"><\/div><\/div><div class=\"fusion-text fusion-text-9\"><p>Tel : +33(0)6.22.74.17.86<br \/>\nEmail: <a href=\"mailto:info@company.com\">c<\/a>hazelle.marc@gmail.com<\/p>\n<p>Beuvron-en-Auge &#8211; Normandie<br \/>\nOrmesson &#8211; R\u00e9gion Parisienne<\/p>\n<\/div><div class=\"fusion-separator fusion-full-width-sep\" style=\"align-self: center;margin-left: auto;margin-right: auto;margin-top:10px;width:100%;\"><\/div><div class=\"fusion-social-links fusion-social-links-1\" style=\"--awb-margin-top:0px;--awb-margin-right:0px;--awb-margin-bottom:0px;--awb-margin-left:0px;--awb-alignment:center;--awb-box-border-top:0px;--awb-box-border-right:0px;--awb-box-border-bottom:0px;--awb-box-border-left:0px;--awb-icon-colors-hover:rgba(29,32,40,0.8);--awb-box-colors-hover:rgba(255,255,255,0.8);--awb-box-border-color:var(--awb-color3);--awb-box-border-color-hover:var(--awb-color4);\"><div class=\"fusion-social-networks boxed-icons color-type-custom\"><div class=\"fusion-social-networks-wrapper\"><a class=\"fusion-social-network-icon fusion-tooltip fusion-facebook awb-icon-facebook\" style=\"color:var(--awb-color4);font-size:20px;width:20px;background-color:rgba(120,155,157,0);border-color:rgba(120,155,157,0);border-radius:0px;\" data-placement=\"top\" data-title=\"Facebook\" data-toggle=\"tooltip\" title=\"Facebook\" aria-label=\"facebook\" target=\"_blank\" rel=\"noopener noreferrer\" href=\"https:\/\/www.facebook.com\/marc.chazelle.photographe\"><\/a><a class=\"fusion-social-network-icon fusion-tooltip fusion-instagram awb-icon-instagram\" style=\"color:var(--awb-color4);font-size:20px;width:20px;background-color:rgba(120,155,157,0);border-color:rgba(120,155,157,0);border-radius:0px;\" data-placement=\"top\" data-title=\"Instagram\" data-toggle=\"tooltip\" title=\"Instagram\" aria-label=\"instagram\" target=\"_blank\" rel=\"noopener noreferrer\" href=\"https:\/\/www.instagram.com\/marc.chazelle.photographe\/\"><\/a><a class=\"fusion-social-network-icon fusion-tooltip fusion-linkedin awb-icon-linkedin\" style=\"color:var(--awb-color4);font-size:20px;width:20px;background-color:rgba(120,155,157,0);border-color:rgba(120,155,157,0);border-radius:0px;\" data-placement=\"top\" data-title=\"LinkedIn\" data-toggle=\"tooltip\" title=\"LinkedIn\" aria-label=\"linkedin\" target=\"_blank\" rel=\"noopener noreferrer\" href=\"https:\/\/www.linkedin.com\/in\/marc-chazelle-photographe\/\"><\/a><\/div><\/div><\/div><div class=\"fusion-separator fusion-full-width-sep\" style=\"align-self: center;margin-left: auto;margin-right: auto;margin-top:25px;width:100%;\"><\/div><div style=\"text-align:center;\"><a class=\"fusion-button button-flat button-medium button-default fusion-button-default button-4 fusion-button-default-span fusion-button-default-type\" style=\"width:calc(100%);\" target=\"_blank\" rel=\"noopener noreferrer\" href=\"#contact1\"><span class=\"fusion-button-text\">Contactez-moi<\/span><\/a><\/div><\/div><\/div><\/div><\/div><div class=\"fusion-fullwidth fullwidth-box fusion-builder-row-2 fusion-flex-container has-pattern-background has-mask-background hundred-percent-fullwidth non-hundred-percent-height-scrolling\" style=\"--awb-border-radius-top-left:0px;--awb-border-radius-top-right:0px;--awb-border-radius-bottom-right:0px;--awb-border-radius-bottom-left:0px;--awb-background-color:var(--awb-color1);--awb-flex-wrap:wrap;\" ><div class=\"fusion-builder-row fusion-row fusion-flex-align-items-flex-start fusion-flex-content-wrap\" style=\"width:104% !important;max-width:104% !important;margin-left: calc(-4% \/ 2 );margin-right: calc(-4% \/ 2 );\"><div class=\"fusion-layout-column fusion_builder_column fusion-builder-column-3 fusion_builder_column_1_1 1_1 fusion-flex-column\" style=\"--awb-bg-size:cover;--awb-width-large:100%;--awb-margin-top-large:30px;--awb-spacing-right-large:1.92%;--awb-margin-bottom-large:30px;--awb-spacing-left-large:1.92%;--awb-width-medium:100%;--awb-order-medium:0;--awb-spacing-right-medium:1.92%;--awb-spacing-left-medium:1.92%;--awb-width-small:100%;--awb-order-small:0;--awb-spacing-right-small:1.92%;--awb-spacing-left-small:1.92%;\"><div class=\"fusion-column-wrapper fusion-column-has-shadow fusion-flex-justify-content-flex-start fusion-content-layout-column\"><div ><a class=\"fusion-button button-flat button-medium button-custom fusion-button-default button-5 fusion-button-default-span fusion-button-default-type\" style=\"--button_accent_color:var(--awb-color7);--button_border_color:var(--awb-color8);--button_accent_hover_color:var(--awb-color5);--button_border_hover_color:var(--awb-color5);--button_border_width-top:1px;--button_border_width-right:1px;--button_border_width-bottom:1px;--button_border_width-left:1px;--button_gradient_top_color:var(--awb-color1);--button_gradient_bottom_color:var(--awb-color1);--button_gradient_top_color_hover:var(--awb-color1);--button_gradient_bottom_color_hover:var(--awb-color1);width:calc(100%);\" target=\"_self\" href=\"#contact1\"><span class=\"fusion-button-text\">Prendre un rendez-vous<\/span><\/a><\/div><\/div><\/div><div class=\"fusion-layout-column fusion_builder_column fusion-builder-column-4 fusion_builder_column_1_1 1_1 fusion-flex-column\" style=\"--awb-bg-blend:overlay;--awb-bg-size:cover;--awb-width-large:100%;--awb-margin-top-large:0px;--awb-spacing-right-large:1.92%;--awb-margin-bottom-large:0px;--awb-spacing-left-large:1.92%;--awb-width-medium:100%;--awb-spacing-right-medium:1.92%;--awb-spacing-left-medium:1.92%;--awb-width-small:100%;--awb-spacing-right-small:1.92%;--awb-spacing-left-small:1.92%;\"><div class=\"fusion-column-wrapper fusion-flex-justify-content-flex-start fusion-content-layout-column\"><div class=\"fusion-separator fusion-full-width-sep\" style=\"align-self: center;margin-left: auto;margin-right: auto;margin-top:50px;width:100%;\"><\/div><div class=\"fusion-section-separator section-separator slant fusion-section-separator-1\" style=\"--awb-spacer-height:99px;--awb-svg-margin-left:1.92%;--awb-svg-margin-right:1.92%;--awb-svg-margin-left-medium:1.92%;--awb-svg-margin-right-medium:1.92%;--awb-svg-margin-left-small:1.92%;--awb-svg-margin-right-small:1.92%;--awb-divider-height:99px;--awb-spacer-padding-top:inherit;--awb-sep-padding:0;--awb-svg-padding:0;--awb-svg-tag-margin-bottom:-3px;--awb-sep-svg-display:block;\"><div class=\"fusion-section-separator-svg\"><svg class=\"fusion-slant-candy\" xmlns=\"http:\/\/www.w3.org\/2000\/svg\" version=\"1.1\" width=\"100%\" height=\"100\" viewBox=\"0 0 100 100\" preserveAspectRatio=\"none\" fill=\"rgba(0,0,0,1)\"><path d=\"M100 0 L0 100 L101 100 Z\"><\/path><\/svg><\/div><div class=\"fusion-section-separator-spacer\"><div class=\"fusion-section-separator-spacer-height\"><\/div><\/div><\/div><\/div><\/div><\/div><\/div><\/p>\n","protected":false},"excerpt":{"rendered":"","protected":false},"author":1,"featured_media":3578,"comment_status":"open","ping_status":"open","sticky":false,"template":"","format":"standard","meta":{"footnotes":""},"categories":[47,48],"tags":[],"class_list":["post-3555","post","type-post","status-publish","format-standard","has-post-thumbnail","hentry","category-photo-industrielle","category-securite"],"yoast_head":"<!-- This site is optimized with the Yoast SEO plugin v23.5 - https:\/\/yoast.com\/wordpress\/plugins\/seo\/ -->\n<title>Capturer la transformation d\u2019une tour de bureaux : La Tour Emblem La D\u00e9fense - Marc CHAZELLE Photographe d&#039;entreprise - Normandie &amp; Paris<\/title>\n<meta name=\"description\" content=\"J&#039;ai captur\u00e9 la transformation de la Tour Emblem \u00e0 La D\u00e9fense. Une tour embl\u00e9matique du quartier d&#039;affaire de La D\u00e9fense - Photo d&#039;architecture\" \/>\n<meta name=\"robots\" content=\"index, follow, max-snippet:-1, max-image-preview:large, max-video-preview:-1\" \/>\n<link rel=\"canonical\" href=\"https:\/\/marc-chazelle.fr\/photographe\/photo-architecture-tour-emblem-la-defense\/\" \/>\n<meta property=\"og:locale\" content=\"fr_FR\" \/>\n<meta property=\"og:type\" content=\"article\" \/>\n<meta property=\"og:title\" content=\"Capturer la transformation d\u2019une tour de bureaux : La Tour Emblem La D\u00e9fense - Marc CHAZELLE Photographe d&#039;entreprise - Normandie &amp; Paris\" \/>\n<meta property=\"og:description\" content=\"J&#039;ai captur\u00e9 la transformation de la Tour Emblem \u00e0 La D\u00e9fense. Une tour embl\u00e9matique du quartier d&#039;affaire de La D\u00e9fense - Photo d&#039;architecture\" \/>\n<meta property=\"og:url\" content=\"https:\/\/marc-chazelle.fr\/photographe\/photo-architecture-tour-emblem-la-defense\/\" \/>\n<meta property=\"og:site_name\" content=\"Marc CHAZELLE Photographe d&#039;entreprise - Normandie &amp; Paris\" \/>\n<meta property=\"article:publisher\" content=\"https:\/\/www.facebook.com\/marc.chazelle.photographe\/\" \/>\n<meta property=\"article:published_time\" content=\"2024-09-23T19:16:43+00:00\" \/>\n<meta property=\"article:modified_time\" content=\"2024-09-23T19:26:02+00:00\" \/>\n<meta property=\"og:image\" content=\"https:\/\/marc-chazelle.fr\/photographe\/wp-content\/uploads\/2024\/09\/photo-architecture-tour-Emblem-la-defense-26.jpg\" \/>\n\t<meta property=\"og:image:width\" content=\"2500\" \/>\n\t<meta property=\"og:image:height\" content=\"1664\" \/>\n\t<meta property=\"og:image:type\" content=\"image\/jpeg\" \/>\n<meta name=\"author\" content=\"photo\" \/>\n<meta name=\"twitter:card\" content=\"summary_large_image\" \/>\n<meta name=\"twitter:label1\" content=\"\u00c9crit par\" \/>\n\t<meta name=\"twitter:data1\" content=\"photo\" \/>\n\t<meta name=\"twitter:label2\" content=\"Dur\u00e9e de lecture estim\u00e9e\" \/>\n\t<meta name=\"twitter:data2\" content=\"4 minutes\" \/>\n<script type=\"application\/ld+json\" class=\"yoast-schema-graph\">{\"@context\":\"https:\/\/schema.org\",\"@graph\":[{\"@type\":\"Article\",\"@id\":\"https:\/\/marc-chazelle.fr\/photographe\/photo-architecture-tour-emblem-la-defense\/#article\",\"isPartOf\":{\"@id\":\"https:\/\/marc-chazelle.fr\/photographe\/photo-architecture-tour-emblem-la-defense\/\"},\"author\":{\"name\":\"photo\",\"@id\":\"https:\/\/marc-chazelle.fr\/photographe\/#\/schema\/person\/2b730ad5b9bdeb913331ed633c91100d\"},\"headline\":\"Capturer la transformation d\u2019une tour de bureaux : La Tour Emblem La D\u00e9fense\",\"datePublished\":\"2024-09-23T19:16:43+00:00\",\"dateModified\":\"2024-09-23T19:26:02+00:00\",\"mainEntityOfPage\":{\"@id\":\"https:\/\/marc-chazelle.fr\/photographe\/photo-architecture-tour-emblem-la-defense\/\"},\"wordCount\":3761,\"commentCount\":0,\"publisher\":{\"@id\":\"https:\/\/marc-chazelle.fr\/photographe\/#organization\"},\"image\":{\"@id\":\"https:\/\/marc-chazelle.fr\/photographe\/photo-architecture-tour-emblem-la-defense\/#primaryimage\"},\"thumbnailUrl\":\"https:\/\/marc-chazelle.fr\/photographe\/wp-content\/uploads\/2024\/09\/photo-architecture-tour-Emblem-la-defense-26.jpg\",\"articleSection\":[\"Photo industrielle\",\"s\u00e9curit\u00e9\"],\"inLanguage\":\"fr-FR\",\"potentialAction\":[{\"@type\":\"CommentAction\",\"name\":\"Comment\",\"target\":[\"https:\/\/marc-chazelle.fr\/photographe\/photo-architecture-tour-emblem-la-defense\/#respond\"]}]},{\"@type\":\"WebPage\",\"@id\":\"https:\/\/marc-chazelle.fr\/photographe\/photo-architecture-tour-emblem-la-defense\/\",\"url\":\"https:\/\/marc-chazelle.fr\/photographe\/photo-architecture-tour-emblem-la-defense\/\",\"name\":\"Capturer la transformation d\u2019une tour de bureaux : La Tour Emblem La D\u00e9fense - Marc CHAZELLE Photographe d&#039;entreprise - Normandie &amp; Paris\",\"isPartOf\":{\"@id\":\"https:\/\/marc-chazelle.fr\/photographe\/#website\"},\"primaryImageOfPage\":{\"@id\":\"https:\/\/marc-chazelle.fr\/photographe\/photo-architecture-tour-emblem-la-defense\/#primaryimage\"},\"image\":{\"@id\":\"https:\/\/marc-chazelle.fr\/photographe\/photo-architecture-tour-emblem-la-defense\/#primaryimage\"},\"thumbnailUrl\":\"https:\/\/marc-chazelle.fr\/photographe\/wp-content\/uploads\/2024\/09\/photo-architecture-tour-Emblem-la-defense-26.jpg\",\"datePublished\":\"2024-09-23T19:16:43+00:00\",\"dateModified\":\"2024-09-23T19:26:02+00:00\",\"description\":\"J'ai captur\u00e9 la transformation de la Tour Emblem \u00e0 La D\u00e9fense. Une tour embl\u00e9matique du quartier d'affaire de La D\u00e9fense - Photo d'architecture\",\"breadcrumb\":{\"@id\":\"https:\/\/marc-chazelle.fr\/photographe\/photo-architecture-tour-emblem-la-defense\/#breadcrumb\"},\"inLanguage\":\"fr-FR\",\"potentialAction\":[{\"@type\":\"ReadAction\",\"target\":[\"https:\/\/marc-chazelle.fr\/photographe\/photo-architecture-tour-emblem-la-defense\/\"]}]},{\"@type\":\"ImageObject\",\"inLanguage\":\"fr-FR\",\"@id\":\"https:\/\/marc-chazelle.fr\/photographe\/photo-architecture-tour-emblem-la-defense\/#primaryimage\",\"url\":\"https:\/\/marc-chazelle.fr\/photographe\/wp-content\/uploads\/2024\/09\/photo-architecture-tour-Emblem-la-defense-26.jpg\",\"contentUrl\":\"https:\/\/marc-chazelle.fr\/photographe\/wp-content\/uploads\/2024\/09\/photo-architecture-tour-Emblem-la-defense-26.jpg\",\"width\":2500,\"height\":1664,\"caption\":\"Hall d\u2019accueil de la tour emblem - reportage photo architecture\"},{\"@type\":\"BreadcrumbList\",\"@id\":\"https:\/\/marc-chazelle.fr\/photographe\/photo-architecture-tour-emblem-la-defense\/#breadcrumb\",\"itemListElement\":[{\"@type\":\"ListItem\",\"position\":1,\"name\":\"Accueil\",\"item\":\"https:\/\/marc-chazelle.fr\/photographe\/\"},{\"@type\":\"ListItem\",\"position\":2,\"name\":\"Capturer la transformation d\u2019une tour de bureaux : La Tour Emblem La D\u00e9fense\"}]},{\"@type\":\"WebSite\",\"@id\":\"https:\/\/marc-chazelle.fr\/photographe\/#website\",\"url\":\"https:\/\/marc-chazelle.fr\/photographe\/\",\"name\":\"Marc CHAZELLE Photographe d'entreprise - Normandie & Paris\",\"description\":\"\",\"publisher\":{\"@id\":\"https:\/\/marc-chazelle.fr\/photographe\/#organization\"},\"potentialAction\":[{\"@type\":\"SearchAction\",\"target\":{\"@type\":\"EntryPoint\",\"urlTemplate\":\"https:\/\/marc-chazelle.fr\/photographe\/?s={search_term_string}\"},\"query-input\":{\"@type\":\"PropertyValueSpecification\",\"valueRequired\":true,\"valueName\":\"search_term_string\"}}],\"inLanguage\":\"fr-FR\"},{\"@type\":\"Organization\",\"@id\":\"https:\/\/marc-chazelle.fr\/photographe\/#organization\",\"name\":\"Marc CHAZELLE Photographe d'entreprise - Normandie & Paris\",\"url\":\"https:\/\/marc-chazelle.fr\/photographe\/\",\"logo\":{\"@type\":\"ImageObject\",\"inLanguage\":\"fr-FR\",\"@id\":\"https:\/\/marc-chazelle.fr\/photographe\/#\/schema\/logo\/image\/\",\"url\":\"https:\/\/marc-chazelle.fr\/photographe\/wp-content\/uploads\/2024\/09\/appareil-photo-1-copie.webp\",\"contentUrl\":\"https:\/\/marc-chazelle.fr\/photographe\/wp-content\/uploads\/2024\/09\/appareil-photo-1-copie.webp\",\"width\":2000,\"height\":2000,\"caption\":\"Marc CHAZELLE Photographe d'entreprise - Normandie & Paris\"},\"image\":{\"@id\":\"https:\/\/marc-chazelle.fr\/photographe\/#\/schema\/logo\/image\/\"},\"sameAs\":[\"https:\/\/www.facebook.com\/marc.chazelle.photographe\/\",\"https:\/\/www.instagram.com\/marc.chazelle.photographe\/\",\"https:\/\/www.linkedin.com\/in\/marc-chazelle-photographe\/\"]},{\"@type\":\"Person\",\"@id\":\"https:\/\/marc-chazelle.fr\/photographe\/#\/schema\/person\/2b730ad5b9bdeb913331ed633c91100d\",\"name\":\"photo\",\"image\":{\"@type\":\"ImageObject\",\"inLanguage\":\"fr-FR\",\"@id\":\"https:\/\/marc-chazelle.fr\/photographe\/#\/schema\/person\/image\/\",\"url\":\"https:\/\/secure.gravatar.com\/avatar\/1584137e92f7a4131a7f6b5101d8657acc0a7ec479f22403a74189ea46bf5169?s=96&d=mm&r=g\",\"contentUrl\":\"https:\/\/secure.gravatar.com\/avatar\/1584137e92f7a4131a7f6b5101d8657acc0a7ec479f22403a74189ea46bf5169?s=96&d=mm&r=g\",\"caption\":\"photo\"},\"sameAs\":[\"https:\/\/marc-chazelle.fr\/photographe\"],\"url\":\"https:\/\/marc-chazelle.fr\/photographe\/author\/photo\/\"}]}<\/script>\n<!-- \/ Yoast SEO plugin. -->","yoast_head_json":{"title":"Capturer la transformation d\u2019une tour de bureaux : La Tour Emblem La D\u00e9fense - Marc CHAZELLE Photographe d&#039;entreprise - Normandie &amp; Paris","description":"J'ai captur\u00e9 la transformation de la Tour Emblem \u00e0 La D\u00e9fense. Une tour embl\u00e9matique du quartier d'affaire de La D\u00e9fense - Photo d'architecture","robots":{"index":"index","follow":"follow","max-snippet":"max-snippet:-1","max-image-preview":"max-image-preview:large","max-video-preview":"max-video-preview:-1"},"canonical":"https:\/\/marc-chazelle.fr\/photographe\/photo-architecture-tour-emblem-la-defense\/","og_locale":"fr_FR","og_type":"article","og_title":"Capturer la transformation d\u2019une tour de bureaux : La Tour Emblem La D\u00e9fense - Marc CHAZELLE Photographe d&#039;entreprise - Normandie &amp; Paris","og_description":"J'ai captur\u00e9 la transformation de la Tour Emblem \u00e0 La D\u00e9fense. Une tour embl\u00e9matique du quartier d'affaire de La D\u00e9fense - Photo d'architecture","og_url":"https:\/\/marc-chazelle.fr\/photographe\/photo-architecture-tour-emblem-la-defense\/","og_site_name":"Marc CHAZELLE Photographe d&#039;entreprise - Normandie &amp; Paris","article_publisher":"https:\/\/www.facebook.com\/marc.chazelle.photographe\/","article_published_time":"2024-09-23T19:16:43+00:00","article_modified_time":"2024-09-23T19:26:02+00:00","og_image":[{"width":2500,"height":1664,"url":"https:\/\/marc-chazelle.fr\/photographe\/wp-content\/uploads\/2024\/09\/photo-architecture-tour-Emblem-la-defense-26.jpg","type":"image\/jpeg"}],"author":"photo","twitter_card":"summary_large_image","twitter_misc":{"\u00c9crit par":"photo","Dur\u00e9e de lecture estim\u00e9e":"4 minutes"},"schema":{"@context":"https:\/\/schema.org","@graph":[{"@type":"Article","@id":"https:\/\/marc-chazelle.fr\/photographe\/photo-architecture-tour-emblem-la-defense\/#article","isPartOf":{"@id":"https:\/\/marc-chazelle.fr\/photographe\/photo-architecture-tour-emblem-la-defense\/"},"author":{"name":"photo","@id":"https:\/\/marc-chazelle.fr\/photographe\/#\/schema\/person\/2b730ad5b9bdeb913331ed633c91100d"},"headline":"Capturer la transformation d\u2019une tour de bureaux : La Tour Emblem La D\u00e9fense","datePublished":"2024-09-23T19:16:43+00:00","dateModified":"2024-09-23T19:26:02+00:00","mainEntityOfPage":{"@id":"https:\/\/marc-chazelle.fr\/photographe\/photo-architecture-tour-emblem-la-defense\/"},"wordCount":3761,"commentCount":0,"publisher":{"@id":"https:\/\/marc-chazelle.fr\/photographe\/#organization"},"image":{"@id":"https:\/\/marc-chazelle.fr\/photographe\/photo-architecture-tour-emblem-la-defense\/#primaryimage"},"thumbnailUrl":"https:\/\/marc-chazelle.fr\/photographe\/wp-content\/uploads\/2024\/09\/photo-architecture-tour-Emblem-la-defense-26.jpg","articleSection":["Photo industrielle","s\u00e9curit\u00e9"],"inLanguage":"fr-FR","potentialAction":[{"@type":"CommentAction","name":"Comment","target":["https:\/\/marc-chazelle.fr\/photographe\/photo-architecture-tour-emblem-la-defense\/#respond"]}]},{"@type":"WebPage","@id":"https:\/\/marc-chazelle.fr\/photographe\/photo-architecture-tour-emblem-la-defense\/","url":"https:\/\/marc-chazelle.fr\/photographe\/photo-architecture-tour-emblem-la-defense\/","name":"Capturer la transformation d\u2019une tour de bureaux : La Tour Emblem La D\u00e9fense - Marc CHAZELLE Photographe d&#039;entreprise - Normandie &amp; Paris","isPartOf":{"@id":"https:\/\/marc-chazelle.fr\/photographe\/#website"},"primaryImageOfPage":{"@id":"https:\/\/marc-chazelle.fr\/photographe\/photo-architecture-tour-emblem-la-defense\/#primaryimage"},"image":{"@id":"https:\/\/marc-chazelle.fr\/photographe\/photo-architecture-tour-emblem-la-defense\/#primaryimage"},"thumbnailUrl":"https:\/\/marc-chazelle.fr\/photographe\/wp-content\/uploads\/2024\/09\/photo-architecture-tour-Emblem-la-defense-26.jpg","datePublished":"2024-09-23T19:16:43+00:00","dateModified":"2024-09-23T19:26:02+00:00","description":"J'ai captur\u00e9 la transformation de la Tour Emblem \u00e0 La D\u00e9fense. Une tour embl\u00e9matique du quartier d'affaire de La D\u00e9fense - Photo d'architecture","breadcrumb":{"@id":"https:\/\/marc-chazelle.fr\/photographe\/photo-architecture-tour-emblem-la-defense\/#breadcrumb"},"inLanguage":"fr-FR","potentialAction":[{"@type":"ReadAction","target":["https:\/\/marc-chazelle.fr\/photographe\/photo-architecture-tour-emblem-la-defense\/"]}]},{"@type":"ImageObject","inLanguage":"fr-FR","@id":"https:\/\/marc-chazelle.fr\/photographe\/photo-architecture-tour-emblem-la-defense\/#primaryimage","url":"https:\/\/marc-chazelle.fr\/photographe\/wp-content\/uploads\/2024\/09\/photo-architecture-tour-Emblem-la-defense-26.jpg","contentUrl":"https:\/\/marc-chazelle.fr\/photographe\/wp-content\/uploads\/2024\/09\/photo-architecture-tour-Emblem-la-defense-26.jpg","width":2500,"height":1664,"caption":"Hall d\u2019accueil de la tour emblem - reportage photo architecture"},{"@type":"BreadcrumbList","@id":"https:\/\/marc-chazelle.fr\/photographe\/photo-architecture-tour-emblem-la-defense\/#breadcrumb","itemListElement":[{"@type":"ListItem","position":1,"name":"Accueil","item":"https:\/\/marc-chazelle.fr\/photographe\/"},{"@type":"ListItem","position":2,"name":"Capturer la transformation d\u2019une tour de bureaux : La Tour Emblem La D\u00e9fense"}]},{"@type":"WebSite","@id":"https:\/\/marc-chazelle.fr\/photographe\/#website","url":"https:\/\/marc-chazelle.fr\/photographe\/","name":"Marc CHAZELLE Photographe d'entreprise - Normandie & Paris","description":"","publisher":{"@id":"https:\/\/marc-chazelle.fr\/photographe\/#organization"},"potentialAction":[{"@type":"SearchAction","target":{"@type":"EntryPoint","urlTemplate":"https:\/\/marc-chazelle.fr\/photographe\/?s={search_term_string}"},"query-input":{"@type":"PropertyValueSpecification","valueRequired":true,"valueName":"search_term_string"}}],"inLanguage":"fr-FR"},{"@type":"Organization","@id":"https:\/\/marc-chazelle.fr\/photographe\/#organization","name":"Marc CHAZELLE Photographe d'entreprise - Normandie & Paris","url":"https:\/\/marc-chazelle.fr\/photographe\/","logo":{"@type":"ImageObject","inLanguage":"fr-FR","@id":"https:\/\/marc-chazelle.fr\/photographe\/#\/schema\/logo\/image\/","url":"https:\/\/marc-chazelle.fr\/photographe\/wp-content\/uploads\/2024\/09\/appareil-photo-1-copie.webp","contentUrl":"https:\/\/marc-chazelle.fr\/photographe\/wp-content\/uploads\/2024\/09\/appareil-photo-1-copie.webp","width":2000,"height":2000,"caption":"Marc CHAZELLE Photographe d'entreprise - Normandie & Paris"},"image":{"@id":"https:\/\/marc-chazelle.fr\/photographe\/#\/schema\/logo\/image\/"},"sameAs":["https:\/\/www.facebook.com\/marc.chazelle.photographe\/","https:\/\/www.instagram.com\/marc.chazelle.photographe\/","https:\/\/www.linkedin.com\/in\/marc-chazelle-photographe\/"]},{"@type":"Person","@id":"https:\/\/marc-chazelle.fr\/photographe\/#\/schema\/person\/2b730ad5b9bdeb913331ed633c91100d","name":"photo","image":{"@type":"ImageObject","inLanguage":"fr-FR","@id":"https:\/\/marc-chazelle.fr\/photographe\/#\/schema\/person\/image\/","url":"https:\/\/secure.gravatar.com\/avatar\/1584137e92f7a4131a7f6b5101d8657acc0a7ec479f22403a74189ea46bf5169?s=96&d=mm&r=g","contentUrl":"https:\/\/secure.gravatar.com\/avatar\/1584137e92f7a4131a7f6b5101d8657acc0a7ec479f22403a74189ea46bf5169?s=96&d=mm&r=g","caption":"photo"},"sameAs":["https:\/\/marc-chazelle.fr\/photographe"],"url":"https:\/\/marc-chazelle.fr\/photographe\/author\/photo\/"}]}},"_links":{"self":[{"href":"https:\/\/marc-chazelle.fr\/photographe\/wp-json\/wp\/v2\/posts\/3555","targetHints":{"allow":["GET"]}}],"collection":[{"href":"https:\/\/marc-chazelle.fr\/photographe\/wp-json\/wp\/v2\/posts"}],"about":[{"href":"https:\/\/marc-chazelle.fr\/photographe\/wp-json\/wp\/v2\/types\/post"}],"author":[{"embeddable":true,"href":"https:\/\/marc-chazelle.fr\/photographe\/wp-json\/wp\/v2\/users\/1"}],"replies":[{"embeddable":true,"href":"https:\/\/marc-chazelle.fr\/photographe\/wp-json\/wp\/v2\/comments?post=3555"}],"version-history":[{"count":0,"href":"https:\/\/marc-chazelle.fr\/photographe\/wp-json\/wp\/v2\/posts\/3555\/revisions"}],"wp:featuredmedia":[{"embeddable":true,"href":"https:\/\/marc-chazelle.fr\/photographe\/wp-json\/wp\/v2\/media\/3578"}],"wp:attachment":[{"href":"https:\/\/marc-chazelle.fr\/photographe\/wp-json\/wp\/v2\/media?parent=3555"}],"wp:term":[{"taxonomy":"category","embeddable":true,"href":"https:\/\/marc-chazelle.fr\/photographe\/wp-json\/wp\/v2\/categories?post=3555"},{"taxonomy":"post_tag","embeddable":true,"href":"https:\/\/marc-chazelle.fr\/photographe\/wp-json\/wp\/v2\/tags?post=3555"}],"curies":[{"name":"wp","href":"https:\/\/api.w.org\/{rel}","templated":true}]}}