{"id":4169,"date":"2025-01-15T06:59:43","date_gmt":"2025-01-15T05:59:43","guid":{"rendered":"https:\/\/marc-chazelle.fr\/photographe\/?p=4169"},"modified":"2025-01-16T10:59:44","modified_gmt":"2025-01-16T09:59:44","slug":"choisir-sa-salle-de-mariage-en-normandie","status":"publish","type":"post","link":"https:\/\/marc-chazelle.fr\/photographe\/choisir-sa-salle-de-mariage-en-normandie\/","title":{"rendered":"Choisir sa salle de mariage en Normandie"},"content":{"rendered":"<p><div class=\"fusion-fullwidth fullwidth-box fusion-builder-row-1 fusion-flex-container nonhundred-percent-fullwidth non-hundred-percent-height-scrolling\" style=\"--awb-background-position:left top;--awb-border-sizes-top:0px;--awb-border-sizes-bottom:0px;--awb-border-sizes-left:0px;--awb-border-sizes-right:0px;--awb-border-radius-top-left:0px;--awb-border-radius-top-right:0px;--awb-border-radius-bottom-right:0px;--awb-border-radius-bottom-left:0px;--awb-padding-top:0px;--awb-margin-top:0px;--awb-background-color:#ffffff;--awb-flex-wrap:wrap;\" ><div class=\"fusion-builder-row fusion-row fusion-flex-align-items-flex-start fusion-flex-content-wrap\" style=\"max-width:1216.8px;margin-left: calc(-4% \/ 2 );margin-right: calc(-4% \/ 2 );\"><div class=\"fusion-layout-column fusion_builder_column fusion-builder-column-0 fusion_builder_column_1_1 1_1 fusion-flex-column\" style=\"--awb-bg-color:var(--awb-color1);--awb-bg-color-hover:var(--awb-color1);--awb-bg-size:cover;--awb-width-large:100%;--awb-margin-top-large:0px;--awb-spacing-right-large:1.92%;--awb-margin-bottom-large:0px;--awb-spacing-left-large:1.92%;--awb-width-medium:100%;--awb-order-medium:0;--awb-spacing-right-medium:1.92%;--awb-spacing-left-medium:1.92%;--awb-width-small:100%;--awb-order-small:0;--awb-spacing-right-small:1.92%;--awb-spacing-left-small:1.92%;\"><div class=\"fusion-column-wrapper fusion-column-has-shadow fusion-flex-justify-content-flex-start fusion-content-layout-column\"><div class=\"fusion-title title fusion-title-1 fusion-title-center fusion-title-text fusion-title-size-one\" style=\"--awb-text-color:var(--awb-color4);--awb-margin-bottom:-20px;--awb-font-size:45px;\"><div class=\"title-sep-container title-sep-container-left\"><div class=\"title-sep sep- sep-solid\" style=\"border-color:var(--awb-color7);\"><\/div><\/div><span class=\"awb-title-spacer\"><\/span><h1 class=\"fusion-title-heading title-heading-center fusion-responsive-typography-calculated\" style=\"font-family:&quot;Roboto&quot;;font-style:normal;font-weight:700;margin:0;font-size:1em;text-transform:uppercase;--fontSize:45;line-height:var(--awb-typography1-line-height);\"><h1 class=\"section-title\">Choisir sa salle de mariage en Normandie<\/h1><\/h1><span class=\"awb-title-spacer\"><\/span><div class=\"title-sep-container title-sep-container-right\"><div class=\"title-sep sep- sep-solid\" style=\"border-color:var(--awb-color7);\"><\/div><\/div><\/div><div class=\"fusion-title title fusion-title-2 fusion-no-small-visibility fusion-title-center fusion-title-text fusion-title-size-two\" style=\"--awb-text-color:var(--awb-color8);--awb-font-size:15px;\"><div class=\"title-sep-container title-sep-container-left\"><div class=\"title-sep sep- sep-solid\" style=\"border-color:var(--awb-color7);\"><\/div><\/div><span class=\"awb-title-spacer\"><\/span><h2 class=\"fusion-title-heading title-heading-center fusion-responsive-typography-calculated\" style=\"margin:0;font-size:1em;--fontSize:15;--minFontSize:15;line-height:1.2;\"><h3 class=\"section-subtitle\">La Normandie un vivier de salles d&rsquo;exception pour votre mariage<\/h3>\n<div class=\"section-end\"><\/div>\n<div class=\"section-contents clearfix\"><\/div><\/h2><span class=\"awb-title-spacer\"><\/span><div class=\"title-sep-container title-sep-container-right\"><div class=\"title-sep sep- sep-solid\" style=\"border-color:var(--awb-color7);\"><\/div><\/div><\/div><\/div><\/div><div class=\"fusion-layout-column fusion_builder_column fusion-builder-column-1 fusion_builder_column_1_1 1_1 fusion-flex-column\" style=\"--awb-padding-top:60px;--awb-bg-blend:overlay;--awb-bg-size:cover;--awb-width-large:100%;--awb-margin-top-large:0px;--awb-spacing-right-large:3.84%;--awb-margin-bottom-large:40px;--awb-spacing-left-large:1.92%;--awb-width-medium:100%;--awb-spacing-right-medium:1.92%;--awb-spacing-left-medium:1.92%;--awb-width-small:100%;--awb-spacing-right-small:1.92%;--awb-spacing-left-small:1.92%;\"><div class=\"fusion-column-wrapper fusion-flex-justify-content-flex-start fusion-content-layout-column\"><div class=\"fusion-text fusion-text-1\"><p><span style=\"color: var(--awb-text-color); font-family: var(--awb-text-font-family); font-size: var(--awb-font-size); font-style: var(--awb-text-font-style); font-weight: var(--awb-text-font-weight); letter-spacing: var(--awb-letter-spacing); text-align: var(--awb-content-alignment); text-transform: var(--awb-text-transform); background-color: var(--awb-bg-color);\">Depuis plus de 12 ans, j&rsquo;explore la Normandie et ses lieux de r\u00e9ception en tant que photographe de mariage. Autant dire que j&rsquo;ai eu l&rsquo;occasion de d\u00e9couvrir des p\u00e9pites\u2026 mais aussi quelques surprises moins heureuses.<\/span><\/p>\n<p>Les adresses que je partage ici ne sont pas forc\u00e9ment les plus spectaculaires ou les plus \u00ab\u00a0Instagramables\u00a0\u00bb, mais elles ont toutes un point commun : elles ont \u00e9t\u00e9 le cadre de moments inoubliables pour les mari\u00e9s que j&rsquo;ai accompagn\u00e9s.<\/p>\n<p>(Et pour \u00eatre clair, les salles cit\u00e9es ne sont pas class\u00e9es par ordre de pr\u00e9f\u00e9rence.)<\/p>\n<\/div><div class=\"fusion-image-element awb-imageframe-style awb-imageframe-style-below awb-imageframe-style-1\" style=\"--awb-caption-title-color:var(--awb-color8);--awb-caption-title-font-family:&quot;Roboto&quot;;--awb-caption-title-font-weight:400;--awb-caption-title-font-style:normal;--awb-caption-title-size:14px;--awb-caption-title-transform:var(--h4_typography-text-transform);--awb-caption-title-line-height:var(--h4_typography-line-height);--awb-caption-title-letter-spacing:var(--h4_typography-letter-spacing);\"><span class=\" fusion-imageframe imageframe-none imageframe-1 hover-type-none\"><a href=\"https:\/\/marc-chazelle.fr\/photographe\/wp-content\/uploads\/2024\/10\/photographe-evenementiel-normandie-paris-35.jpg\" class=\"fusion-lightbox\" data-rel=\"iLightbox[f92438e10b77efb1ef6]\" data-title=\"photographe evenementiel normandie paris-35\" title=\"photographe evenementiel normandie paris-35\"><img decoding=\"async\" width=\"1920\" height=\"1277\" alt=\"R\u00e9ception aux franciscaines \u00e0 Deauville\" src=\"https:\/\/marc-chazelle.fr\/photographe\/wp-content\/uploads\/2024\/10\/photographe-evenementiel-normandie-paris-35.jpg\" class=\"img-responsive wp-image-4032\" srcset=\"https:\/\/marc-chazelle.fr\/photographe\/wp-content\/uploads\/2024\/10\/photographe-evenementiel-normandie-paris-35-200x133.jpg 200w, https:\/\/marc-chazelle.fr\/photographe\/wp-content\/uploads\/2024\/10\/photographe-evenementiel-normandie-paris-35-400x266.jpg 400w, https:\/\/marc-chazelle.fr\/photographe\/wp-content\/uploads\/2024\/10\/photographe-evenementiel-normandie-paris-35-600x399.jpg 600w, https:\/\/marc-chazelle.fr\/photographe\/wp-content\/uploads\/2024\/10\/photographe-evenementiel-normandie-paris-35-800x532.jpg 800w, https:\/\/marc-chazelle.fr\/photographe\/wp-content\/uploads\/2024\/10\/photographe-evenementiel-normandie-paris-35-1200x798.jpg 1200w, https:\/\/marc-chazelle.fr\/photographe\/wp-content\/uploads\/2024\/10\/photographe-evenementiel-normandie-paris-35.jpg 1920w\" sizes=\"(max-width: 800px) 100vw, (max-width: 640px) 100vw, 1200px\" \/><\/a><\/span><div class=\"awb-imageframe-caption-container\"><div class=\"awb-imageframe-caption\"><h4 class=\"awb-imageframe-caption-title\">Salle de reception de mariage <\/h4><\/div><\/div><\/div><div ><a class=\"fusion-button button-flat button-medium button-custom fusion-button-default button-1 fusion-button-default-span fusion-button-default-type\" style=\"--button_accent_color:var(--awb-color7);--button_border_color:var(--awb-color8);--button_accent_hover_color:var(--awb-color5);--button_border_hover_color:var(--awb-color5);--button_border_width-top:1px;--button_border_width-right:1px;--button_border_width-bottom:1px;--button_border_width-left:1px;--button_gradient_top_color:var(--awb-color1);--button_gradient_bottom_color:var(--awb-color1);--button_gradient_top_color_hover:var(--awb-color1);--button_gradient_bottom_color_hover:var(--awb-color1);--button_margin-top:30px;--button_margin-bottom:30px;width:calc(100%);\" target=\"_self\" href=\"#contact1\"><span class=\"fusion-button-text\">Vous cherchez un photographe de mariage ? C&rsquo;est ici&#8230;<\/span><\/a><\/div><div class=\"fusion-title title fusion-title-3 fusion-title-text fusion-title-size-two\" style=\"--awb-text-color:var(--awb-color8);--awb-font-size:24px;\"><div class=\"title-sep-container title-sep-container-left fusion-no-large-visibility fusion-no-medium-visibility fusion-no-small-visibility\"><div class=\"title-sep sep- sep-solid\" style=\"border-color:var(--awb-color7);\"><\/div><\/div><span class=\"awb-title-spacer fusion-no-large-visibility fusion-no-medium-visibility fusion-no-small-visibility\"><\/span><h2 class=\"fusion-title-heading title-heading-left fusion-responsive-typography-calculated\" style=\"margin:0;font-size:1em;--fontSize:24;--minFontSize:24;line-height:1.2;\"><h3 class=\"section-title\">Le Ch\u00e2teau d&rsquo;Hermival &#8211; Hermival les Vaux &#8211; Pays d&rsquo;Auge<\/h3><\/h2><span class=\"awb-title-spacer\"><\/span><div class=\"title-sep-container title-sep-container-right\"><div class=\"title-sep sep- sep-solid\" style=\"border-color:var(--awb-color7);\"><\/div><\/div><\/div><div class=\"fusion-text fusion-text-2\" style=\"--awb-margin-top:-35px;\"><p>Vous aimez les projets un peu fous, vous allez \u00eatre servi. En 2019, Adrien me dit : \u00ab\u00a0j&rsquo;ai laiss\u00e9 tomber mon travail et avec ma femme nous avons repris <b><a href=\"https:\/\/www.chateauhermival.fr\/\">le Ch\u00e2teau d&rsquo;Hermival <\/a><\/b>\u00e0 c\u00f4t\u00e9 de <a href=\"https:\/\/www.ville-lisieux.fr\/\">Lisieux <\/a>pour en faire une salle de mariage\u00a0\u00bb. Waouh, superbe projet, je connais le gar\u00e7on, je n&rsquo;ai aucun doute sur la qualit\u00e9 du projet.<\/p>\n<p>Manque de chance, leur ouverture co\u00efncide \u00e0 quelques jours pr\u00eats avec les restrictions du <a href=\"https:\/\/www.gouvernement.fr\/info-coronavirus\">Covid<\/a>, et son cort\u00e8ge d&rsquo;annulations et de reports. L\u00e0, je me dis, \u00e7a va \u00eatre chaud. <span style=\"color: var(--awb-text-color); font-family: var(--awb-text-font-family); font-size: var(--awb-font-size); font-style: var(--awb-text-font-style); font-weight: var(--awb-text-font-weight); letter-spacing: var(--awb-letter-spacing); text-align: var(--awb-content-alignment); text-transform: var(--awb-text-transform); background-color: var(--awb-bg-color-hover);\">Mais, ils ont tenu bon et on profit\u00e9 de cette \u00e9preuve pour cr\u00e9er <\/span><b style=\"color: var(--awb-text-color); font-family: var(--awb-text-font-family); font-size: var(--awb-font-size); font-style: var(--awb-text-font-style); letter-spacing: var(--awb-letter-spacing); text-align: var(--awb-content-alignment); text-transform: var(--awb-text-transform); background-color: var(--awb-bg-color-hover);\">une salle de mariage exceptionnelle<\/b><span style=\"color: var(--awb-text-color); font-family: var(--awb-text-font-family); font-size: var(--awb-font-size); font-style: var(--awb-text-font-style); font-weight: var(--awb-text-font-weight); letter-spacing: var(--awb-letter-spacing); text-align: var(--awb-content-alignment); text-transform: var(--awb-text-transform); background-color: var(--awb-bg-color-hover);\">, un lieu magique et je pense plus merveilleux que le projet initial.<\/span><\/p>\n<p>Pour faire court, vous pourrez festoyer avec votre centaine d&rsquo;invit\u00e9s dans un ch\u00e2teau \u00e0 couper le souffle et dans leur nouvelle orangerie. Et vous pourrez \u00e9galement vous pr\u00e9parer et dormir dans une des gigantesques chambres d\u00e9cor\u00e9es avec go\u00fbt.<\/p>\n<p>Vous l&rsquo;avez compris, le ch\u00e2teau d&rsquo;Hermival et ses propri\u00e9taires Adrien &amp; Anne-H\u00e9l\u00e8ne sont un de mes coups de c\u0153ur. <span style=\"color: var(--awb-text-color); font-family: var(--awb-text-font-family); font-size: var(--awb-font-size); font-style: var(--awb-text-font-style); font-weight: var(--awb-text-font-weight); letter-spacing: var(--awb-letter-spacing); text-align: var(--awb-content-alignment); text-transform: var(--awb-text-transform); background-color: var(--awb-bg-color-hover);\">Par contre, il fallait s&rsquo;y attendre, ils sont victimes de leur succ\u00e8s alors ne tardez pas \u00e0 les contacter pour bloquer votre date.<\/span><\/p>\n<p><a style=\"font-family: var(--awb-text-font-family); font-size: var(--awb-font-size); font-style: var(--awb-text-font-style); font-weight: var(--awb-text-font-weight); letter-spacing: var(--awb-letter-spacing); text-align: var(--awb-content-alignment); text-transform: var(--awb-text-transform); background-color: var(--awb-bg-color-hover);\" href=\"https:\/\/www.chateauhermival.fr\/\"><u>Rendez-vous sur leur site web<\/u><\/a>o, vus pouvez aussi jeter un coup d&rsquo;oeil sur le festival qu&rsquo;il viennent de cr\u00e9er<u> <a href=\"https:\/\/unwabu.fr\/reportage-photo-video-chato-party-chateau-hermival\/\">La Chato Party<\/a><\/u><\/p>\n<\/div><div class=\"fusion-image-element awb-imageframe-style awb-imageframe-style-below awb-imageframe-style-2\" style=\"--awb-caption-title-color:var(--awb-color8);--awb-caption-title-font-family:&quot;Roboto&quot;;--awb-caption-title-font-weight:400;--awb-caption-title-font-style:normal;--awb-caption-title-size:14px;--awb-caption-title-transform:var(--h4_typography-text-transform);--awb-caption-title-line-height:var(--h4_typography-line-height);--awb-caption-title-letter-spacing:var(--h4_typography-letter-spacing);\"><span class=\" fusion-imageframe imageframe-none imageframe-2 hover-type-none\"><a href=\"https:\/\/marc-chazelle.fr\/photographe\/wp-content\/uploads\/2025\/01\/DSC_8583-Modifier.jpg\" class=\"fusion-lightbox\" data-rel=\"iLightbox[904921078f787f8d814]\" data-title=\"Chateau Hermival\" title=\"Chateau Hermival\"><img decoding=\"async\" width=\"2500\" height=\"1663\" alt=\"Chateau d&#039;Hermival de nuit avec un couple de mari\u00e9s\" src=\"https:\/\/marc-chazelle.fr\/photographe\/wp-content\/uploads\/2025\/01\/DSC_8583-Modifier.jpg\" class=\"img-responsive wp-image-4186\" srcset=\"https:\/\/marc-chazelle.fr\/photographe\/wp-content\/uploads\/2025\/01\/DSC_8583-Modifier-200x133.jpg 200w, https:\/\/marc-chazelle.fr\/photographe\/wp-content\/uploads\/2025\/01\/DSC_8583-Modifier-400x266.jpg 400w, https:\/\/marc-chazelle.fr\/photographe\/wp-content\/uploads\/2025\/01\/DSC_8583-Modifier-600x399.jpg 600w, https:\/\/marc-chazelle.fr\/photographe\/wp-content\/uploads\/2025\/01\/DSC_8583-Modifier-800x532.jpg 800w, https:\/\/marc-chazelle.fr\/photographe\/wp-content\/uploads\/2025\/01\/DSC_8583-Modifier-1200x798.jpg 1200w, https:\/\/marc-chazelle.fr\/photographe\/wp-content\/uploads\/2025\/01\/DSC_8583-Modifier.jpg 2500w\" sizes=\"(max-width: 800px) 100vw, (max-width: 640px) 100vw, 1200px\" \/><\/a><\/span><div class=\"awb-imageframe-caption-container\"><div class=\"awb-imageframe-caption\"><h4 class=\"awb-imageframe-caption-title\">Chateau d'hermival de nuit<\/h4><\/div><\/div><\/div><div class=\"fusion-title title fusion-title-4 fusion-title-text fusion-title-size-two\" style=\"--awb-text-color:var(--awb-color8);--awb-font-size:24px;\"><div class=\"title-sep-container title-sep-container-left fusion-no-large-visibility fusion-no-medium-visibility fusion-no-small-visibility\"><div class=\"title-sep sep- sep-solid\" style=\"border-color:var(--awb-color7);\"><\/div><\/div><span class=\"awb-title-spacer fusion-no-large-visibility fusion-no-medium-visibility fusion-no-small-visibility\"><\/span><h2 class=\"fusion-title-heading title-heading-left fusion-responsive-typography-calculated\" style=\"margin:0;font-size:1em;--fontSize:24;--minFontSize:24;line-height:1.2;\"><h3 class=\"section-title\">Le Domaine de Bois Roger &#8211; Cl\u00e9ville &#8211; Pays d&rsquo;Auge<\/h3><\/h2><span class=\"awb-title-spacer\"><\/span><div class=\"title-sep-container title-sep-container-right\"><div class=\"title-sep sep- sep-solid\" style=\"border-color:var(--awb-color7);\"><\/div><\/div><\/div><div class=\"fusion-text fusion-text-3\" style=\"--awb-margin-top:-35px;\"><p>Je vous propose de poursuivre cet article par ma derni\u00e8re d\u00e9couverte de 2023 et pas des moindres : <a href=\"https:\/\/domaineboisroger.com\/\"><u>Le Domaine de Bois Roger<\/u><\/a>.<\/p>\n<p>J\u2019ai vu beaucoup de lieux de r\u00e9ception dans mon parcours de photographe de mariage et \u00e9v\u00e8nementiel, mais<b> peu m\u2019ont envout\u00e9 \u00e0 ce point d\u00e8s l\u2019entr\u00e9e<\/b>.<\/p>\n<p>Vous n\u2019avez pas franchi le portail d\u2019entr\u00e9e que vous \u00eates accueillis dans ce magnifique domaine par <b>une myriade de cigognes blanches<\/b>. Elles nichent aux quatre coins du domaine, sur les chemin\u00e9es, sur les portails, dans les arbres et tournoient au-dessus du domaine, c\u2019est magique.<\/p>\n<p>Il y a une raison \u00e0 cette \u00e9tonnante pr\u00e9sence d&rsquo;oiseaux sur le domaine. Le lieu appartenait au r\u00e9alisateur du<u> <a href=\"https:\/\/www.parismatch.com\/Culture\/Cinema\/Jacques-Perrin-Peuple-Migrateur-tournage-2001-interview-1801176\">film le peuple migrateur<\/a>, <a href=\"https:\/\/www.cinematheque.fr\/cycle\/jacques-perrin-181.html\">Jacques Perrin<\/a><\/u>, qui a fait na\u00eetre et \u00e9lever un grand nombre de ces oiseaux sur le domaine.<\/p>\n<p>C\u00f4t\u00e9 mariage, c\u2019est le sans faute. Ce domaine de plus de 5 hectares nich\u00e9 au c\u0153ur du Pays d\u2019Auge, non loin des plages de la C\u00f4te Fleurie (<a href=\"https:\/\/www.cabourg.fr\/\">Cabourg <\/a>et <a href=\"https:\/\/www.ville-houlgate.fr\/\">Houlgate<\/a>) a \u00e9t\u00e9 enti\u00e8rement pens\u00e9 et con\u00e7u pour recevoir les mari\u00e9s dans les meilleures conditions. Logement \u00e0 foison, piscine, padel, et bien \u00e9videmment une salle de r\u00e9ception majestueuse pouvant accueillir jusqu&rsquo;\u00e0 300 personnes assises.<\/p>\n<p>C\u00f4t\u00e9 photographie, le domaine de Bois Roger regorge de possibilit\u00e9s, des \u00e9tangs bord\u00e9s de verdure, une vieille chapelle class\u00e9e, des arbres immenses\u2026 J\u2019ai que l\u2019embarras du choix.<\/p>\n<p>Vous l\u2019avez compris, c\u2019est un v\u00e9ritable coup de c\u0153ur pour ce domaine.<\/p>\n<p><u>Rendez-vous sur leur site web<\/u><\/p>\n<\/div><div class=\"fusion-image-element awb-imageframe-style awb-imageframe-style-below awb-imageframe-style-3\" style=\"--awb-caption-title-color:var(--awb-color8);--awb-caption-title-font-family:&quot;Roboto&quot;;--awb-caption-title-font-weight:400;--awb-caption-title-font-style:normal;--awb-caption-title-size:14px;--awb-caption-title-transform:var(--h4_typography-text-transform);--awb-caption-title-line-height:var(--h4_typography-line-height);--awb-caption-title-letter-spacing:var(--h4_typography-letter-spacing);\"><span class=\" fusion-imageframe imageframe-none imageframe-3 hover-type-none\"><a href=\"https:\/\/marc-chazelle.fr\/photographe\/wp-content\/uploads\/2025\/01\/Domaine-de-bois-roger.png\" class=\"fusion-lightbox\" data-rel=\"iLightbox[8667dabb47bb85cb99f]\" data-title=\"Domaine de bois roger\" title=\"Domaine de bois roger\"><img decoding=\"async\" width=\"1448\" height=\"916\" src=\"https:\/\/marc-chazelle.fr\/photographe\/wp-content\/uploads\/2025\/01\/Domaine-de-bois-roger.png\" alt class=\"img-responsive wp-image-4189\" srcset=\"https:\/\/marc-chazelle.fr\/photographe\/wp-content\/uploads\/2025\/01\/Domaine-de-bois-roger-200x127.png 200w, https:\/\/marc-chazelle.fr\/photographe\/wp-content\/uploads\/2025\/01\/Domaine-de-bois-roger-400x253.png 400w, https:\/\/marc-chazelle.fr\/photographe\/wp-content\/uploads\/2025\/01\/Domaine-de-bois-roger-600x380.png 600w, https:\/\/marc-chazelle.fr\/photographe\/wp-content\/uploads\/2025\/01\/Domaine-de-bois-roger-800x506.png 800w, https:\/\/marc-chazelle.fr\/photographe\/wp-content\/uploads\/2025\/01\/Domaine-de-bois-roger-1200x759.png 1200w, https:\/\/marc-chazelle.fr\/photographe\/wp-content\/uploads\/2025\/01\/Domaine-de-bois-roger.png 1448w\" sizes=\"(max-width: 800px) 100vw, (max-width: 640px) 100vw, 1200px\" \/><\/a><\/span><div class=\"awb-imageframe-caption-container\"><div class=\"awb-imageframe-caption\"><h4 class=\"awb-imageframe-caption-title\">Domaine de Bois Roger vu de la piscine<\/h4><\/div><\/div><\/div><div class=\"fusion-title title fusion-title-5 fusion-title-text fusion-title-size-two\" style=\"--awb-text-color:var(--awb-color8);--awb-font-size:24px;\"><div class=\"title-sep-container title-sep-container-left fusion-no-large-visibility fusion-no-medium-visibility fusion-no-small-visibility\"><div class=\"title-sep sep- sep-solid\" style=\"border-color:var(--awb-color7);\"><\/div><\/div><span class=\"awb-title-spacer fusion-no-large-visibility fusion-no-medium-visibility fusion-no-small-visibility\"><\/span><h2 class=\"fusion-title-heading title-heading-left fusion-responsive-typography-calculated\" style=\"margin:0;font-size:1em;--fontSize:24;--minFontSize:24;line-height:1.2;\"><h3 class=\"section-title\">Le Domaine de Cussy &#8211; Tour en Bessin &#8211; Bessin<\/h3><\/h2><span class=\"awb-title-spacer\"><\/span><div class=\"title-sep-container title-sep-container-right\"><div class=\"title-sep sep- sep-solid\" style=\"border-color:var(--awb-color7);\"><\/div><\/div><\/div><div class=\"fusion-text fusion-text-4\" style=\"--awb-margin-top:-35px;\"><p>Depuis que ce domaine a \u00e9t\u00e9 repris c\u2019est le jour et la nuit. Les nouveaux propri\u00e9taires ont su remettre une dynamique \u00e0 ce magnifique domaine. Un coup de jeune qui se ressent dans tout le domaine, la salle, les ext\u00e9rieurs, les logements, tout a \u00e9t\u00e9 remani\u00e9 et repens\u00e9 <b>pour offrir aux mari\u00e9s et leur famille le cadre id\u00e9al.<\/b><\/p>\n<p>J\u2019ai eu la chance de r\u00e9aliser plusieurs mariages de ce magnifique lieu de r\u00e9ception, et je suis \u00e0 chaque fois subjugu\u00e9 par le lieu mais aussi par l\u2019accueil des propri\u00e9taires aux petits soins pour leur mari\u00e9s.<\/p>\n<p>Pour les photos, on peut rapidement se rendre en bord de mer pour r\u00e9aliser des superbes photos, ou au c\u0153ur de <a href=\"https:\/\/www.bayeux.fr\/fr\">Bayeux <\/a>autour de la <a href=\"https:\/\/www.bayeux.fr\/fr\/decouvrir-bayeux\/cathedrale-notre-dame\">cath\u00e9drale<\/a>, et si vous \u00eates trop court niveau timing, l\u2019immense domaine offre un magnifique terrain de jeu pour un <u><a href=\"https:\/\/www.marc-chazelle.fr\/mon-approche-de-la-photo-de-mariage.html\">photographe inspir\u00e9<\/a><\/u>.<\/p>\n<p>Si vous cherchez une salle de mariage, ne manquez pas de visiter<b> le <a href=\"https:\/\/www.domainedecussy.com\/\">domaine de Cussy<\/a><\/b>.<\/p>\n<\/div><div class=\"fusion-separator fusion-full-width-sep\" style=\"align-self: center;margin-left: auto;margin-right: auto;margin-top:30px;width:100%;\"><\/div><div ><a class=\"fusion-button button-flat button-medium button-custom fusion-button-default button-2 fusion-button-default-span fusion-button-default-type\" style=\"--button_accent_color:var(--awb-color7);--button_border_color:var(--awb-color8);--button_accent_hover_color:var(--awb-color5);--button_border_hover_color:var(--awb-color5);--button_border_width-top:1px;--button_border_width-right:1px;--button_border_width-bottom:1px;--button_border_width-left:1px;--button_gradient_top_color:var(--awb-color1);--button_gradient_bottom_color:var(--awb-color1);--button_gradient_top_color_hover:var(--awb-color1);--button_gradient_bottom_color_hover:var(--awb-color1);--button_margin-bottom:30px;width:calc(100%);\" target=\"_self\" href=\"#contact1\"><span class=\"fusion-button-text\">Prendre un rendez-vous<\/span><\/a><\/div><div class=\"fusion-image-element awb-imageframe-style awb-imageframe-style-below awb-imageframe-style-4\" style=\"--awb-caption-title-color:var(--awb-color8);--awb-caption-title-font-family:&quot;Roboto&quot;;--awb-caption-title-font-weight:400;--awb-caption-title-font-style:normal;--awb-caption-title-size:14px;--awb-caption-title-transform:var(--h4_typography-text-transform);--awb-caption-title-line-height:var(--h4_typography-line-height);--awb-caption-title-letter-spacing:var(--h4_typography-letter-spacing);\"><span class=\" fusion-imageframe imageframe-none imageframe-4 hover-type-none\"><a href=\"https:\/\/marc-chazelle.fr\/photographe\/wp-content\/uploads\/2025\/01\/domaine-de-cussy.jpeg\" class=\"fusion-lightbox\" data-rel=\"iLightbox[8537b78751f37ec5e92]\" data-title=\"domaine de cussy\" title=\"domaine de cussy\"><img decoding=\"async\" width=\"960\" height=\"640\" alt=\"domaine de cussy\" src=\"https:\/\/marc-chazelle.fr\/photographe\/wp-content\/uploads\/2025\/01\/domaine-de-cussy.jpeg\" class=\"img-responsive wp-image-4199\" srcset=\"https:\/\/marc-chazelle.fr\/photographe\/wp-content\/uploads\/2025\/01\/domaine-de-cussy-200x133.jpeg 200w, https:\/\/marc-chazelle.fr\/photographe\/wp-content\/uploads\/2025\/01\/domaine-de-cussy-400x267.jpeg 400w, https:\/\/marc-chazelle.fr\/photographe\/wp-content\/uploads\/2025\/01\/domaine-de-cussy-600x400.jpeg 600w, https:\/\/marc-chazelle.fr\/photographe\/wp-content\/uploads\/2025\/01\/domaine-de-cussy-800x533.jpeg 800w, https:\/\/marc-chazelle.fr\/photographe\/wp-content\/uploads\/2025\/01\/domaine-de-cussy.jpeg 960w\" sizes=\"(max-width: 800px) 100vw, (max-width: 640px) 100vw, 960px\" \/><\/a><\/span><div class=\"awb-imageframe-caption-container\"><div class=\"awb-imageframe-caption\"><h4 class=\"awb-imageframe-caption-title\">vue du superbe domaine de Cussy<\/h4><\/div><\/div><\/div><div class=\"fusion-separator fusion-full-width-sep\" style=\"align-self: center;margin-left: auto;margin-right: auto;margin-top:60px;width:100%;\"><\/div><div class=\"fusion-title title fusion-title-6 fusion-title-text fusion-title-size-two\" style=\"--awb-text-color:var(--awb-color8);--awb-margin-bottom:-10px;--awb-font-size:24px;\"><div class=\"title-sep-container title-sep-container-left fusion-no-large-visibility fusion-no-medium-visibility fusion-no-small-visibility\"><div class=\"title-sep sep- sep-solid\" style=\"border-color:var(--awb-color7);\"><\/div><\/div><span class=\"awb-title-spacer fusion-no-large-visibility fusion-no-medium-visibility fusion-no-small-visibility\"><\/span><h2 class=\"fusion-title-heading title-heading-left fusion-responsive-typography-calculated\" style=\"margin:0;font-size:1em;text-transform:none;--fontSize:24;--minFontSize:24;line-height:1.2;\"><h3 class=\"section-title\">Le Manoir de Chivr\u00e9 &#8211; <a tabindex=\"0\" href=\"https:\/\/www.google.com\/maps\/place\/\/data=!4m2!3m1!1s0x480ba4827292abd9:0xc41ef99b25aa7b12?sa=X&amp;ved=1t:8290&amp;ictx=111\" data-url=\"\/maps\/place\/\/data=!4m2!3m1!1s0x480ba4827292abd9:0xc41ef99b25aa7b12?sa=X&amp;ved=2ahUKEwiMnL-WjfeKAxXHVKQEHTabCkwQ4kB6BAgHEAA\">Sainte-Marguerite-d&rsquo;Elle<\/a> &#8211; Bessin<\/h3><\/h2><span class=\"awb-title-spacer\"><\/span><div class=\"title-sep-container title-sep-container-right\"><div class=\"title-sep sep- sep-solid\" style=\"border-color:var(--awb-color7);\"><\/div><\/div><\/div><div class=\"fusion-text fusion-text-5\" style=\"--awb-margin-top:-10px;\"><p>Comme tout <a href=\"https:\/\/www.marc-chazelle.fr\/le-couple-mariage-normandie.html\"><u>photographe de mariage<\/u><\/a> et plus particuli\u00e8rement sur la Normandie, il m\u2019arrive de retourner r\u00e9guli\u00e8rement et parfois la m\u00eame saison, dans les m\u00eames lieux de r\u00e9ception. C\u2019est plus compliqu\u00e9 que pour les autres prestataires, car il faut se r\u00e9inventer et ne pas livrer une copie identique du dernier mariage.<\/p>\n<p>Heureusement qu\u2019il y a des salles comme le<a href=\"https:\/\/www.manoirdechivre.fr\/\"><b> Manoir de Chivr\u00e9<\/b><\/a>, ce lieu magnifique me surprend \u00e0 chaque mariage. Ce manoir du XVI\u00e8me si\u00e8cle au c\u0153ur de la campagne Normande, m\u2019offre \u00e0 chaque mariage une nouvelle facette.<\/p>\n<p>Il faut dire que la restauration de ce manoir a \u00e9t\u00e9 r\u00e9alis\u00e9e de main de ma\u00eetre par Laurence. Une restauration faites avec go\u00fbt et non pas pour assouvir un plaisir personnel, mais pour coller au plus proche des besoins des couples de mari\u00e9s.<\/p>\n<p>Le manoir de Chivr\u00e9 pr\u00e9sente pour les mari\u00e9s et pour moi, photographe plusieurs avantages. En premier lieu, sa situation, au c\u0153ur de la superbe campagne Normande (Le Bessin), \u00e0 20 minutes de Bayeux, sa cath\u00e9drale et des bords de l\u2019aure, mais aussi des superbes plages du d\u00e9barquement (<a href=\"https:\/\/www.normandie-tourisme.fr\/decouverte\/d-day-et-bataille-de-normandie\/les-plages-du-debarquement\/omaha-beach\/\">Omaha Beach<\/a>, Vierville, St Laurent sur mer). Cette situation offre une diversit\u00e9 de panoramas, bords de mer, campagne, bords de rivi\u00e8re bucolique, id\u00e9ale pour tout photographe.<\/p>\n<p>Le deuxi\u00e8me point c\u2019est le cachet du Manoir et de son domaine. Parfaitement entretenu \u00e0 l\u2019int\u00e9rieur comme \u00e0 l\u2019ext\u00e9rieur, avec une d\u00e9coration claire et lumineuse parfaitement adapt\u00e9e aux prises de vues type reportage que je r\u00e9alise.<\/p>\n<p><a href=\"https:\/\/www.manoirdechivre.fr\/\"><b>Visiter le site du manoir de Chivr\u00e9 <\/b><\/a><\/p>\n<\/div><div class=\"fusion-image-element awb-imageframe-style awb-imageframe-style-below awb-imageframe-style-5\" style=\"--awb-caption-title-color:var(--awb-color8);--awb-caption-title-font-family:&quot;Roboto&quot;;--awb-caption-title-font-weight:400;--awb-caption-title-font-style:normal;--awb-caption-title-size:14px;--awb-caption-title-transform:var(--h4_typography-text-transform);--awb-caption-title-line-height:var(--h4_typography-line-height);--awb-caption-title-letter-spacing:var(--h4_typography-letter-spacing);\"><span class=\" fusion-imageframe imageframe-none imageframe-5 hover-type-none\"><a href=\"https:\/\/marc-chazelle.fr\/photographe\/wp-content\/uploads\/2025\/01\/manoir-de-chivre.png\" class=\"fusion-lightbox\" data-rel=\"iLightbox[317c3b949154c66f8a6]\" data-title=\"manoir de chivr\u00e9\" title=\"manoir de chivr\u00e9\"><img decoding=\"async\" width=\"2048\" height=\"1352\" alt=\"manoir de Chivr\u00e9 en Normandie\" src=\"https:\/\/marc-chazelle.fr\/photographe\/wp-content\/uploads\/2025\/01\/manoir-de-chivre.png\" class=\"img-responsive wp-image-4192\" srcset=\"https:\/\/marc-chazelle.fr\/photographe\/wp-content\/uploads\/2025\/01\/manoir-de-chivre-200x132.png 200w, https:\/\/marc-chazelle.fr\/photographe\/wp-content\/uploads\/2025\/01\/manoir-de-chivre-400x264.png 400w, https:\/\/marc-chazelle.fr\/photographe\/wp-content\/uploads\/2025\/01\/manoir-de-chivre-600x396.png 600w, https:\/\/marc-chazelle.fr\/photographe\/wp-content\/uploads\/2025\/01\/manoir-de-chivre-800x528.png 800w, https:\/\/marc-chazelle.fr\/photographe\/wp-content\/uploads\/2025\/01\/manoir-de-chivre-1200x792.png 1200w, https:\/\/marc-chazelle.fr\/photographe\/wp-content\/uploads\/2025\/01\/manoir-de-chivre.png 2048w\" sizes=\"(max-width: 800px) 100vw, (max-width: 640px) 100vw, 1200px\" \/><\/a><\/span><div class=\"awb-imageframe-caption-container\"><div class=\"awb-imageframe-caption\"><h4 class=\"awb-imageframe-caption-title\">Manoir de Chivr\u00e9 <\/h4><\/div><\/div><\/div><div class=\"fusion-title title fusion-title-7 fusion-title-text fusion-title-size-two\" style=\"--awb-text-color:var(--awb-color8);--awb-margin-bottom:-10px;--awb-font-size:24px;\"><div class=\"title-sep-container title-sep-container-left fusion-no-large-visibility fusion-no-medium-visibility fusion-no-small-visibility\"><div class=\"title-sep sep- sep-solid\" style=\"border-color:var(--awb-color7);\"><\/div><\/div><span class=\"awb-title-spacer fusion-no-large-visibility fusion-no-medium-visibility fusion-no-small-visibility\"><\/span><h2 class=\"fusion-title-heading title-heading-left fusion-responsive-typography-calculated\" style=\"margin:0;font-size:1em;text-transform:none;--fontSize:24;--minFontSize:24;line-height:1.2;\"><h3 class=\"section-title\">Le Manoir de Sens &#8211; Beuvron-en-Auge &#8211; Pays d&rsquo;Auge<\/h3><\/h2><span class=\"awb-title-spacer\"><\/span><div class=\"title-sep-container title-sep-container-right\"><div class=\"title-sep sep- sep-solid\" style=\"border-color:var(--awb-color7);\"><\/div><\/div><\/div><div class=\"fusion-text fusion-text-6\" style=\"--awb-margin-top:-10px;\"><p>\u00c0 seulement 800 m\u00e8tres de <a href=\"https:\/\/www.beuvron-en-auge.fr\/\"><b>Beuvron-en-Auge<\/b><\/a>, class\u00e9 parmi <a href=\"https:\/\/www.les-plus-beaux-villages-de-france.org\/fr\/\">les plus beaux villages de France<\/a>, et \u00e0 15 kilom\u00e8tres de <span style=\"color: #000000;\"><a href=\"https:\/\/www.normandie-cabourg-paysdauge-tourisme.fr\/destinations\/cabourg\/\">Cabourg<\/a><\/span>, le somptueux manoir de Sens incarne \u00e0 la perfection l&rsquo;\u00e9l\u00e9gance et le charme de la Normandie avec son architecture anglo-normande.<\/p>\n<p>D\u00e8s l\u2019entr\u00e9e, le d\u00e9cor est plant\u00e9 :<b> les trotteurs et poulains du haras de Sens<\/b> vous accueillent dans une atmosph\u00e8re bucolique et authentique. Ce moment d\u2019arriv\u00e9e, empreint de s\u00e9r\u00e9nit\u00e9, reste grav\u00e9 dans les m\u00e9moires, et je ne m&rsquo;en lasse jamais, croyez-moi.<\/p>\n<p>Pour votre r\u00e9ception, les anciennes \u00e9curies du manoir, magnifiquement restaur\u00e9es, offrent un cadre spacieux et chaleureux, pouvant accueillir jusqu\u2019\u00e0 250 convives assis. Que ce soit un d\u00eener raffin\u00e9 ou une soir\u00e9e festive, cet espace s\u2019adapte \u00e0 vos envies tout en conservant son cachet unique.<\/p>\n<p>Et apr\u00e8s une journ\u00e9e riche en \u00e9motions, quoi de mieux que de prolonger la magie ? Le manoir propose des chambres d\u2019exception, alliant confort et raffinement, avec des vues imprenables sur le parc et le haras.<\/p>\n<p>Le manoir de Sens est bien plus qu\u2019un lieu de r\u00e9ception : <b>c\u2019est une v\u00e9ritable exp\u00e9rience, un \u00e9crin magique <\/b>o\u00f9 chaque instant devient inoubliable.<\/p>\n<p>Site : <u><a href=\"https:\/\/www.manoirdesens.com\/fr\/\">Manoir de Sens<\/a><\/u><\/p>\n<\/div><div class=\"fusion-image-element awb-imageframe-style awb-imageframe-style-below awb-imageframe-style-6\" style=\"--awb-caption-title-color:var(--awb-color8);--awb-caption-title-font-family:&quot;Roboto&quot;;--awb-caption-title-font-weight:400;--awb-caption-title-font-style:normal;--awb-caption-title-size:14px;--awb-caption-title-transform:var(--h4_typography-text-transform);--awb-caption-title-line-height:var(--h4_typography-line-height);--awb-caption-title-letter-spacing:var(--h4_typography-letter-spacing);\"><span class=\" fusion-imageframe imageframe-none imageframe-6 hover-type-none\"><a href=\"https:\/\/marc-chazelle.fr\/photographe\/wp-content\/uploads\/2025\/01\/manoir-de-sens.jpg\" class=\"fusion-lightbox\" data-rel=\"iLightbox[03c5dfa9b4589781f28]\" data-title=\"manoir de sens\" title=\"manoir de sens\"><img decoding=\"async\" width=\"2500\" height=\"1073\" alt=\"manoir de sens \u00e0 Beuvron en Auge\" src=\"https:\/\/marc-chazelle.fr\/photographe\/wp-content\/uploads\/2025\/01\/manoir-de-sens.jpg\" class=\"img-responsive wp-image-4193\" srcset=\"https:\/\/marc-chazelle.fr\/photographe\/wp-content\/uploads\/2025\/01\/manoir-de-sens-200x86.jpg 200w, https:\/\/marc-chazelle.fr\/photographe\/wp-content\/uploads\/2025\/01\/manoir-de-sens-400x172.jpg 400w, https:\/\/marc-chazelle.fr\/photographe\/wp-content\/uploads\/2025\/01\/manoir-de-sens-600x258.jpg 600w, https:\/\/marc-chazelle.fr\/photographe\/wp-content\/uploads\/2025\/01\/manoir-de-sens-800x343.jpg 800w, https:\/\/marc-chazelle.fr\/photographe\/wp-content\/uploads\/2025\/01\/manoir-de-sens-1200x515.jpg 1200w, https:\/\/marc-chazelle.fr\/photographe\/wp-content\/uploads\/2025\/01\/manoir-de-sens.jpg 2500w\" sizes=\"(max-width: 800px) 100vw, (max-width: 640px) 100vw, 1200px\" \/><\/a><\/span><div class=\"awb-imageframe-caption-container\"><div class=\"awb-imageframe-caption\"><h4 class=\"awb-imageframe-caption-title\">Manoir de Sens \u00e0 Beuvron en Auge<\/h4><\/div><\/div><\/div><div ><a class=\"fusion-button button-flat button-medium button-custom fusion-button-default button-3 fusion-button-default-span fusion-button-default-type\" style=\"--button_accent_color:var(--awb-color7);--button_border_color:var(--awb-color8);--button_accent_hover_color:var(--awb-color5);--button_border_hover_color:var(--awb-color5);--button_border_width-top:1px;--button_border_width-right:1px;--button_border_width-bottom:1px;--button_border_width-left:1px;--button_gradient_top_color:var(--awb-color1);--button_gradient_bottom_color:var(--awb-color1);--button_gradient_top_color_hover:var(--awb-color1);--button_gradient_bottom_color_hover:var(--awb-color1);width:calc(100%);\" target=\"_self\" href=\"#contact1\"><span class=\"fusion-button-text\">Me contacter&#8230;<\/span><\/a><\/div><div class=\"fusion-title title fusion-title-8 fusion-title-text fusion-title-size-two\" style=\"--awb-text-color:var(--awb-color8);--awb-margin-bottom:-10px;--awb-font-size:24px;\"><div class=\"title-sep-container title-sep-container-left fusion-no-large-visibility fusion-no-medium-visibility fusion-no-small-visibility\"><div class=\"title-sep sep- sep-solid\" style=\"border-color:var(--awb-color7);\"><\/div><\/div><span class=\"awb-title-spacer fusion-no-large-visibility fusion-no-medium-visibility fusion-no-small-visibility\"><\/span><h2 class=\"fusion-title-heading title-heading-left fusion-responsive-typography-calculated\" style=\"margin:0;font-size:1em;text-transform:none;--fontSize:24;--minFontSize:24;line-height:1.2;\"><h3 class=\"section-title\">Le Moulin de Bully &#8211; \u00a0Feuguerolles-Bully &#8211; Proche de Caen<\/h3><\/h2><span class=\"awb-title-spacer\"><\/span><div class=\"title-sep-container title-sep-container-right\"><div class=\"title-sep sep- sep-solid\" style=\"border-color:var(--awb-color7);\"><\/div><\/div><\/div><div class=\"fusion-text fusion-text-7\" style=\"--awb-margin-top:-10px;\"><p>\u00c0 seulement 15 minutes de Caen, le Moulin de Bully est <b>un lieu d\u2019exception nich\u00e9 au bord de l\u2019Orne<\/b>, offrant un cadre enchanteur m\u00ealant histoire et nature, id\u00e9al pour c\u00e9l\u00e9brer votre mariage.<\/p>\n<p><span style=\"background-color: var(--awb-bg-color-hover); color: var(--awb-text-color); font-family: var(--awb-text-font-family); font-size: var(--awb-font-size); font-style: var(--awb-text-font-style); font-weight: var(--awb-text-font-weight); letter-spacing: var(--awb-letter-spacing); text-align: var(--awb-content-alignment); text-transform: var(--awb-text-transform);\">Cet ancien moulin du XVIII\u1d49 si\u00e8cle s\u00e9duit par son authenticit\u00e9 et sa polyvalence. Que vous envisagiez une c\u00e9r\u00e9monie intime ou une grande f\u00eate r\u00e9unissant jusqu\u2019\u00e0 250 invit\u00e9s, le Moulin de Bully s\u2019adapte \u00e0 toutes vos envies. Le d\u00eener et la soir\u00e9e dansante peuvent se d\u00e9rouler dans la minoterie, une vaste salle de 300 m\u00b2 empreinte de caract\u00e8re o\u00f9 les farines \u00e9taient autrefois pr\u00e9par\u00e9es, ou dans les anciennes \u00e9curies, qui ont conserv\u00e9 tout leur cachet.<\/span><\/p>\n<p>Le domaine offre \u00e9galement des h\u00e9bergements sur place, avec une capacit\u00e9 de 40 couchages r\u00e9partis sur 7 chambres, 1 g\u00eete et 1 dortoir, permettant \u00e0 vos proches de prolonger les festivit\u00e9s en toute s\u00e9r\u00e9nit\u00e9.<\/p>\n<p>Le Moulin de Bully est bien plus qu\u2019un simple lieu de r\u00e9ception : c\u2019est une parenth\u00e8se hors du temps, o\u00f9 chaque d\u00e9tail contribue \u00e0 rendre votre journ\u00e9e inoubliable.<\/p>\n<p>Pour plus d&rsquo;informations, vous pouvez consulter leur site officiel <span style=\"color: var(--awb-text-color); font-family: var(--awb-text-font-family); font-size: var(--awb-font-size); font-style: var(--awb-text-font-style); font-weight: var(--awb-text-font-weight); letter-spacing: var(--awb-letter-spacing); text-align: var(--awb-content-alignment); text-transform: var(--awb-text-transform); background-color: var(--awb-bg-color-hover);\">: <\/span><b style=\"color: var(--awb-text-color); font-family: var(--awb-text-font-family); font-size: var(--awb-font-size); font-style: var(--awb-text-font-style); letter-spacing: var(--awb-letter-spacing); text-align: var(--awb-content-alignment); text-transform: var(--awb-text-transform); background-color: var(--awb-bg-color-hover);\"><a href=\"https:\/\/moulin-de-bully.fr\/\">Moulin de Bully<\/a><\/b><\/p>\n<\/div><div class=\"fusion-image-element awb-imageframe-style awb-imageframe-style-below awb-imageframe-style-7\" style=\"--awb-caption-title-color:var(--awb-color8);--awb-caption-title-font-family:&quot;Roboto&quot;;--awb-caption-title-font-weight:400;--awb-caption-title-font-style:normal;--awb-caption-title-size:14px;--awb-caption-title-transform:var(--h4_typography-text-transform);--awb-caption-title-line-height:var(--h4_typography-line-height);--awb-caption-title-letter-spacing:var(--h4_typography-letter-spacing);\"><span class=\" fusion-imageframe imageframe-none imageframe-7 hover-type-none\"><a href=\"https:\/\/marc-chazelle.fr\/photographe\/wp-content\/uploads\/2025\/01\/photo-de-couple-au-moulin-de-bully.jpg\" class=\"fusion-lightbox\" data-rel=\"iLightbox[a641b977f378fbc7468]\" data-title=\"photo-de-couple-au-moulin-de-bully\" title=\"photo-de-couple-au-moulin-de-bully\"><img decoding=\"async\" width=\"1200\" height=\"675\" alt=\"photo de couple au moulin de Bully au bord de l&#039;orne\" src=\"https:\/\/marc-chazelle.fr\/photographe\/wp-content\/uploads\/2025\/01\/photo-de-couple-au-moulin-de-bully.jpg\" class=\"img-responsive wp-image-4195\" srcset=\"https:\/\/marc-chazelle.fr\/photographe\/wp-content\/uploads\/2025\/01\/photo-de-couple-au-moulin-de-bully-200x113.jpg 200w, https:\/\/marc-chazelle.fr\/photographe\/wp-content\/uploads\/2025\/01\/photo-de-couple-au-moulin-de-bully-400x225.jpg 400w, https:\/\/marc-chazelle.fr\/photographe\/wp-content\/uploads\/2025\/01\/photo-de-couple-au-moulin-de-bully-600x338.jpg 600w, https:\/\/marc-chazelle.fr\/photographe\/wp-content\/uploads\/2025\/01\/photo-de-couple-au-moulin-de-bully-800x450.jpg 800w, https:\/\/marc-chazelle.fr\/photographe\/wp-content\/uploads\/2025\/01\/photo-de-couple-au-moulin-de-bully.jpg 1200w\" sizes=\"(max-width: 800px) 100vw, (max-width: 640px) 100vw, 1200px\" \/><\/a><\/span><div class=\"awb-imageframe-caption-container\"><div class=\"awb-imageframe-caption\"><h4 class=\"awb-imageframe-caption-title\">Photo de couple au Moulin de Bully<\/h4><\/div><\/div><\/div><div class=\"fusion-title title fusion-title-9 fusion-title-text fusion-title-size-two\" style=\"--awb-text-color:var(--awb-color8);--awb-margin-bottom:-10px;--awb-font-size:24px;\"><div class=\"title-sep-container title-sep-container-left fusion-no-large-visibility fusion-no-medium-visibility fusion-no-small-visibility\"><div class=\"title-sep sep- sep-solid\" style=\"border-color:var(--awb-color7);\"><\/div><\/div><span class=\"awb-title-spacer fusion-no-large-visibility fusion-no-medium-visibility fusion-no-small-visibility\"><\/span><h2 class=\"fusion-title-heading title-heading-left fusion-responsive-typography-calculated\" style=\"margin:0;font-size:1em;text-transform:none;--fontSize:24;--minFontSize:24;line-height:1.2;\"><h3 class=\"section-title\">Le Pressoir de Tourgeville &#8211; Tourgeville &#8211; C\u00f4te fleurie<\/h3><\/h2><span class=\"awb-title-spacer\"><\/span><div class=\"title-sep-container title-sep-container-right\"><div class=\"title-sep sep- sep-solid\" style=\"border-color:var(--awb-color7);\"><\/div><\/div><\/div><div class=\"fusion-text fusion-text-8\" style=\"--awb-margin-top:-10px;\"><p>\u00c0 seulement 5 kilom\u00e8tres de Deauville, le Pressoir de Tourg\u00e9ville est une propri\u00e9t\u00e9 d&rsquo;exception qui marie \u00e0 la perfection le charme normand et la tranquillit\u00e9, tout en \u00e9tant pr\u00e9serv\u00e9e de l&rsquo;agitation touristique.<\/p>\n<p><span style=\"color: var(--awb-text-color); font-family: var(--awb-text-font-family); font-size: var(--awb-font-size); font-style: var(--awb-text-font-style); font-weight: var(--awb-text-font-weight); letter-spacing: var(--awb-letter-spacing); text-align: var(--awb-content-alignment); text-transform: var(--awb-text-transform); background-color: var(--awb-bg-color);\">Ce lieu est particuli\u00e8rement pris\u00e9 des couples parisiens en qu\u00eate d&rsquo;un cadre authentique pour leur mariage. La salle de r\u00e9ception, un ancien pressoir du XVIII\u1d49 si\u00e8cle restaur\u00e9 avec soin, peut accueillir jusqu&rsquo;\u00e0 200 convives, offrant un espace id\u00e9al pour les grandes c\u00e9l\u00e9brations.<\/span><\/p>\n<p>Le domaine s&rsquo;\u00e9tend sur un parc de 2,5 hectares, comprenant un verger et un \u00e9tang, et propose trois grands g\u00eetes construits dans le style typique \u00e0 colombages de la Normandie. Ces h\u00e9bergements peuvent accueillir jusqu&rsquo;\u00e0 26 personnes, permettant \u00e0 vos proches de prolonger les festivit\u00e9s lors d&rsquo;un week-end de mariage m\u00e9morable.<\/p>\n<p><span style=\"color: var(--awb-text-color); font-family: var(--awb-text-font-family); font-size: var(--awb-font-size); font-style: var(--awb-text-font-style); font-weight: var(--awb-text-font-weight); letter-spacing: var(--awb-letter-spacing); text-align: var(--awb-content-alignment); text-transform: var(--awb-text-transform); background-color: var(--awb-bg-color-hover);\">Le Pressoir de Tourg\u00e9ville offre ainsi un cadre idyllique et authentique pour c\u00e9l\u00e9brer votre union, alliant confort moderne et charme d&rsquo;antan, le tout \u00e0 proximit\u00e9 des c\u00e9l\u00e8bres planches de Deauville.<\/span><\/p>\n<p>Pour plus d&rsquo;informations, vous pouvez consulter leur site officiel :<\/p>\n<p>Site : <a href=\"https:\/\/www.pressoirdetourgeville.com\/\">Pressoir de Tourg\u00e9ville<\/a><\/p>\n<\/div><div class=\"fusion-image-element awb-imageframe-style awb-imageframe-style-below awb-imageframe-style-8\" style=\"--awb-caption-title-color:var(--awb-color8);--awb-caption-title-font-family:&quot;Roboto&quot;;--awb-caption-title-font-weight:400;--awb-caption-title-font-style:normal;--awb-caption-title-size:14px;--awb-caption-title-transform:var(--h4_typography-text-transform);--awb-caption-title-line-height:var(--h4_typography-line-height);--awb-caption-title-letter-spacing:var(--h4_typography-letter-spacing);\"><span class=\" fusion-imageframe imageframe-none imageframe-8 hover-type-none\"><a href=\"https:\/\/marc-chazelle.fr\/photographe\/wp-content\/uploads\/2025\/01\/pressoir-de-tourgeville.jpg\" class=\"fusion-lightbox\" data-rel=\"iLightbox[a506beac707b87a7dc0]\" data-title=\"pressoir de tourgeville\" title=\"pressoir de tourgeville\"><img decoding=\"async\" width=\"1920\" height=\"550\" alt=\"Pressoir de Trougeville\" src=\"https:\/\/marc-chazelle.fr\/photographe\/wp-content\/uploads\/2025\/01\/pressoir-de-tourgeville.jpg\" class=\"img-responsive wp-image-4196\" srcset=\"https:\/\/marc-chazelle.fr\/photographe\/wp-content\/uploads\/2025\/01\/pressoir-de-tourgeville-200x57.jpg 200w, https:\/\/marc-chazelle.fr\/photographe\/wp-content\/uploads\/2025\/01\/pressoir-de-tourgeville-400x115.jpg 400w, https:\/\/marc-chazelle.fr\/photographe\/wp-content\/uploads\/2025\/01\/pressoir-de-tourgeville-600x172.jpg 600w, https:\/\/marc-chazelle.fr\/photographe\/wp-content\/uploads\/2025\/01\/pressoir-de-tourgeville-800x229.jpg 800w, https:\/\/marc-chazelle.fr\/photographe\/wp-content\/uploads\/2025\/01\/pressoir-de-tourgeville-1200x344.jpg 1200w, https:\/\/marc-chazelle.fr\/photographe\/wp-content\/uploads\/2025\/01\/pressoir-de-tourgeville.jpg 1920w\" sizes=\"(max-width: 800px) 100vw, (max-width: 640px) 100vw, 1200px\" \/><\/a><\/span><div class=\"awb-imageframe-caption-container\"><div class=\"awb-imageframe-caption\"><h4 class=\"awb-imageframe-caption-title\">La salle de r\u00e9ception du pressoir de Tourgeville<\/h4><\/div><\/div><\/div><div class=\"fusion-title title fusion-title-10 fusion-title-text fusion-title-size-two\" style=\"--awb-text-color:var(--awb-color8);--awb-margin-bottom:-10px;--awb-font-size:24px;\"><div class=\"title-sep-container title-sep-container-left fusion-no-large-visibility fusion-no-medium-visibility fusion-no-small-visibility\"><div class=\"title-sep sep- sep-solid\" style=\"border-color:var(--awb-color7);\"><\/div><\/div><span class=\"awb-title-spacer fusion-no-large-visibility fusion-no-medium-visibility fusion-no-small-visibility\"><\/span><h2 class=\"fusion-title-heading title-heading-left fusion-responsive-typography-calculated\" style=\"margin:0;font-size:1em;text-transform:none;--fontSize:24;--minFontSize:24;line-height:1.2;\"><h3 class=\"section-title\">La Villa Strassburger &#8211; Deauville &#8211; C\u00f4te Fleurie<\/h3><\/h2><span class=\"awb-title-spacer\"><\/span><div class=\"title-sep-container title-sep-container-right\"><div class=\"title-sep sep- sep-solid\" style=\"border-color:var(--awb-color7);\"><\/div><\/div><\/div><div class=\"fusion-text fusion-text-9\" style=\"--awb-margin-top:-10px;\"><p>Nich\u00e9e \u00e0 quelques pas des plages et des mythiques planches de <a href=\"https:\/\/www.mairie-deauville.fr\/ville\">Deauville<\/a>,<a href=\"https:\/\/www.indeauville.fr\/la-villa-strassburger\"> <b>la Villa Strassburger <\/b><\/a><b>est un joyau architectural de la Belle \u00c9poque<\/b>. Construite en 1907 pour<a href=\"https:\/\/fr.wikipedia.org\/wiki\/Henri_de_Rothschild\"> le baron Henri de Rothschild<\/a>, cette demeure est un parfait exemple de l\u2019\u00e9l\u00e9gance normande avec son style anglo-normand et son histoire prestigieuse.<\/p>\n<p>Avec sa capacit\u00e9 d\u2019accueil d\u2019environ 100 convives, la Villa Strassburger est le lieu id\u00e9al pour des mariages intimes et raffin\u00e9s. Sa salle de r\u00e9ception \u00e9l\u00e9gante vous transporte dans l\u2019atmosph\u00e8re des ann\u00e9es folles, tandis que son vaste parc de pr\u00e8s de deux hectares, enti\u00e8rement arbor\u00e9, offre un cadre paisible et enchanteur, \u00e0 l\u2019abri des regards indiscrets. Ce m\u00e9lange unique entre raffinement et tranquillit\u00e9 cr\u00e9e une ambiance inoubliable pour c\u00e9l\u00e9brer votre union.<\/p>\n<p>Le charme de ce lieu r\u00e9side \u00e9galement dans son caract\u00e8re intemporel. La Villa Strassburger ravira les amateurs de s\u00e9ries comme <a href=\"https:\/\/www.netflix.com\/fr\/title\/70213223\">Downton Abbey<\/a> ou les passionn\u00e9s d\u2019histoire, qui appr\u00e9cieront son mobilier d\u2019\u00e9poque, ses boiseries raffin\u00e9es et ses vastes espaces.<\/p>\n<p>Pour un mariage empreint de glamour et d\u2019intimit\u00e9, la Villa Strassburger est une destination incontournable \u00e0 Deauville. Entre le charme de la Belle \u00c9poque et la modernit\u00e9 de ses \u00e9quipements, ce lieu exceptionnel saura marquer vos invit\u00e9s et rendre votre journ\u00e9e inoubliable.<\/p>\n<p>N&rsquo;oubliez pas de r\u00e9server <a href=\"latricyclette.fr\">La Tricyclette<\/a>, <b>le photobooth vintage de Normandie<\/b> qui colle parfaitement au cadre de la Villa Belle Epoque.<\/p>\n<p>Site : <a href=\"https:\/\/www.indeauville.fr\/la-villa-strassburger\">Villa Strassburger<\/a><\/p>\n<\/div><div class=\"fusion-image-element awb-imageframe-style awb-imageframe-style-below awb-imageframe-style-9\" style=\"--awb-caption-title-color:var(--awb-color8);--awb-caption-title-font-family:&quot;Roboto&quot;;--awb-caption-title-font-weight:400;--awb-caption-title-font-style:normal;--awb-caption-title-size:14px;--awb-caption-title-transform:var(--h4_typography-text-transform);--awb-caption-title-line-height:var(--h4_typography-line-height);--awb-caption-title-letter-spacing:var(--h4_typography-letter-spacing);\"><span class=\" fusion-imageframe imageframe-none imageframe-9 hover-type-none\"><a href=\"https:\/\/marc-chazelle.fr\/photographe\/wp-content\/uploads\/2025\/01\/mariage-villa-strassburger-deauville.jpg\" class=\"fusion-lightbox\" data-rel=\"iLightbox[175a8dcc6c5ad09cadd]\" data-title=\"mariage-villa-strassburger-deauville\" title=\"mariage-villa-strassburger-deauville\"><img decoding=\"async\" width=\"2500\" height=\"1667\" src=\"https:\/\/marc-chazelle.fr\/photographe\/wp-content\/uploads\/2025\/01\/mariage-villa-strassburger-deauville.jpg\" alt class=\"img-responsive wp-image-4187\" srcset=\"https:\/\/marc-chazelle.fr\/photographe\/wp-content\/uploads\/2025\/01\/mariage-villa-strassburger-deauville-200x133.jpg 200w, https:\/\/marc-chazelle.fr\/photographe\/wp-content\/uploads\/2025\/01\/mariage-villa-strassburger-deauville-400x267.jpg 400w, https:\/\/marc-chazelle.fr\/photographe\/wp-content\/uploads\/2025\/01\/mariage-villa-strassburger-deauville-600x400.jpg 600w, https:\/\/marc-chazelle.fr\/photographe\/wp-content\/uploads\/2025\/01\/mariage-villa-strassburger-deauville-800x533.jpg 800w, https:\/\/marc-chazelle.fr\/photographe\/wp-content\/uploads\/2025\/01\/mariage-villa-strassburger-deauville-1200x800.jpg 1200w, https:\/\/marc-chazelle.fr\/photographe\/wp-content\/uploads\/2025\/01\/mariage-villa-strassburger-deauville.jpg 2500w\" sizes=\"(max-width: 800px) 100vw, (max-width: 640px) 100vw, 1200px\" \/><\/a><\/span><div class=\"awb-imageframe-caption-container\"><div class=\"awb-imageframe-caption\"><h4 class=\"awb-imageframe-caption-title\">La villa Strassburger<\/h4><\/div><\/div><\/div><div class=\"fusion-title title fusion-title-11 fusion-title-text fusion-title-size-two\" style=\"--awb-text-color:var(--awb-color8);--awb-margin-bottom:-10px;--awb-font-size:24px;\"><div class=\"title-sep-container title-sep-container-left fusion-no-large-visibility fusion-no-medium-visibility fusion-no-small-visibility\"><div class=\"title-sep sep- sep-solid\" style=\"border-color:var(--awb-color7);\"><\/div><\/div><span class=\"awb-title-spacer fusion-no-large-visibility fusion-no-medium-visibility fusion-no-small-visibility\"><\/span><h2 class=\"fusion-title-heading title-heading-left fusion-responsive-typography-calculated\" style=\"margin:0;font-size:1em;text-transform:none;--fontSize:24;--minFontSize:24;line-height:1.2;\"><h3 class=\"section-title\">Ch\u00e2teau fort de Creully &#8211; <a tabindex=\"0\" href=\"https:\/\/www.google.com\/maps\/place\/\/data=!4m2!3m1!1s0x480a574c622723e5:0xf17494ab0a656686?sa=X&amp;ved=1t:8290&amp;ictx=111\" data-url=\"\/maps\/place\/\/data=!4m2!3m1!1s0x480a574c622723e5:0xf17494ab0a656686?sa=X&amp;ved=2ahUKEwisw7TckfeKAxWGTqQEHctvMikQ4kB6BAgGEAA\">Creully sur Seulles<\/a><\/h3><\/h2><span class=\"awb-title-spacer\"><\/span><div class=\"title-sep-container title-sep-container-right\"><div class=\"title-sep sep- sep-solid\" style=\"border-color:var(--awb-color7);\"><\/div><\/div><\/div><div class=\"fusion-text fusion-text-10\" style=\"--awb-margin-top:-10px;\"><p>Le Ch\u00e2teau de Creully, situ\u00e9 au c\u0153ur de Creully-sur-Seulles, est un imposant ch\u00e2teau fort dont la construction s&rsquo;\u00e9tend du XI\u1d49 au XVI\u1d49 si\u00e8cle.<\/p>\n<p>Ce lieu historique, propri\u00e9t\u00e9 de la municipalit\u00e9 depuis 1946, offre un cadre m\u00e9di\u00e9val authentique pour des \u00e9v\u00e9nements tels que des mariages.<\/p>\n<p>Les salles de r\u00e9ception, situ\u00e9es dans les caves vout\u00e9es su ch\u00e2teau, permettent d&rsquo;accueillir vos invit\u00e9s dans une ambiance m\u00e9di\u00e9vale unique.<\/p>\n<p>Le parc bois\u00e9 et verdoyant du ch\u00e2teau est id\u00e9al pour des photos de couple et de groupe, ajoutant une touche de charme naturel \u00e0 votre \u00e9v\u00e9nement.<\/p>\n<p>Pour les passionn\u00e9s d&rsquo;histoire et d&rsquo;architecture m\u00e9di\u00e9vale, le Ch\u00e2teau de Creully est un lieu enchanteur qui saura rendre votre c\u00e9l\u00e9bration inoubliable.<\/p>\n<p>Pour plus d&rsquo;informations ou pour organiser une visite, vous pouvez consulter le site de la mairie de <a href=\"https:\/\/www.calvados-tourisme.com\/offre\/chateau-fort\/\">Creully-sur-Seulles<\/a>.<\/p>\n<\/div><div class=\"fusion-image-element awb-imageframe-style awb-imageframe-style-below awb-imageframe-style-10\" style=\"--awb-caption-title-color:var(--awb-color8);--awb-caption-title-font-family:&quot;Roboto&quot;;--awb-caption-title-font-weight:400;--awb-caption-title-font-style:normal;--awb-caption-title-size:14px;--awb-caption-title-transform:var(--h4_typography-text-transform);--awb-caption-title-line-height:var(--h4_typography-line-height);--awb-caption-title-letter-spacing:var(--h4_typography-letter-spacing);\"><span class=\" fusion-imageframe imageframe-none imageframe-10 hover-type-none\"><a href=\"https:\/\/marc-chazelle.fr\/photographe\/wp-content\/uploads\/2025\/01\/chateau-de-creully-salle-de-reception.jpeg\" class=\"fusion-lightbox\" data-rel=\"iLightbox[fb5275295510d7b9f44]\" data-title=\"chateau de creully salle de reception\" title=\"chateau de creully salle de reception\"><img decoding=\"async\" width=\"960\" height=\"640\" alt=\"Chateau de Creully\" src=\"https:\/\/marc-chazelle.fr\/photographe\/wp-content\/uploads\/2025\/01\/chateau-de-creully-salle-de-reception.jpeg\" class=\"img-responsive wp-image-4197\" srcset=\"https:\/\/marc-chazelle.fr\/photographe\/wp-content\/uploads\/2025\/01\/chateau-de-creully-salle-de-reception-200x133.jpeg 200w, https:\/\/marc-chazelle.fr\/photographe\/wp-content\/uploads\/2025\/01\/chateau-de-creully-salle-de-reception-400x267.jpeg 400w, https:\/\/marc-chazelle.fr\/photographe\/wp-content\/uploads\/2025\/01\/chateau-de-creully-salle-de-reception-600x400.jpeg 600w, https:\/\/marc-chazelle.fr\/photographe\/wp-content\/uploads\/2025\/01\/chateau-de-creully-salle-de-reception-800x533.jpeg 800w, https:\/\/marc-chazelle.fr\/photographe\/wp-content\/uploads\/2025\/01\/chateau-de-creully-salle-de-reception.jpeg 960w\" sizes=\"(max-width: 800px) 100vw, (max-width: 640px) 100vw, 960px\" \/><\/a><\/span><div class=\"awb-imageframe-caption-container\"><div class=\"awb-imageframe-caption\"><h4 class=\"awb-imageframe-caption-title\">Salle de r\u00e9ception du Chateau de Creully<\/h4><\/div><\/div><\/div><\/div><\/div><div class=\"fusion-layout-column fusion_builder_column fusion-builder-column-2 fusion_builder_column_1_4 1_4 fusion-flex-column\" style=\"--awb-bg-size:cover;--awb-width-large:25%;--awb-margin-top-large:0px;--awb-spacing-right-large:7.68%;--awb-margin-bottom-large:0px;--awb-spacing-left-large:7.68%;--awb-width-medium:100%;--awb-order-medium:0;--awb-spacing-right-medium:1.92%;--awb-spacing-left-medium:1.92%;--awb-width-small:100%;--awb-order-small:0;--awb-spacing-right-small:1.92%;--awb-spacing-left-small:1.92%;\"><div class=\"fusion-column-wrapper fusion-column-has-shadow fusion-flex-justify-content-flex-start fusion-content-layout-column\"><\/div><\/div><div class=\"fusion-layout-column fusion_builder_column fusion-builder-column-3 fusion_builder_column_1_2 1_2 fusion-flex-column\" style=\"--awb-padding-top:10px;--awb-padding-right:30px;--awb-padding-bottom:30px;--awb-padding-left:30px;--awb-bg-color:rgba(120,155,157,0.31);--awb-bg-color-hover:rgba(120,155,157,0.31);--awb-bg-blend:overlay;--awb-bg-size:cover;--awb-border-color:var(--awb-color4);--awb-border-right:0;--awb-border-bottom:0;--awb-border-left:0;--awb-border-style:solid;--awb-width-large:50%;--awb-margin-top-large:63px;--awb-spacing-right-large:3.84%;--awb-margin-bottom-large:0px;--awb-spacing-left-large:3.84%;--awb-width-medium:100%;--awb-spacing-right-medium:1.92%;--awb-spacing-left-medium:1.92%;--awb-width-small:100%;--awb-spacing-right-small:1.92%;--awb-spacing-left-small:1.92%;\"><div class=\"fusion-column-wrapper fusion-flex-justify-content-center fusion-content-layout-column\"><div class=\"fusion-text fusion-text-11\"><h4 class=\"fusion-responsive-typography-calculated\" style=\"text-align: left; --fontsize: 24; line-height: 1.25; --minfontsize: 24; color: var(--awb-color4); font-size: 24px;\" data-fontsize=\"24\" data-lineheight=\"30px\" data-fusion-font=\"true\">Auteur :<span style=\"font-weight: normal;\"> Marc CHAZELLE<\/span><\/h4>\n<\/div><div class=\"fusion-separator\" style=\"align-self: flex-start;margin-right:auto;margin-top:0px;width:100%;max-width:130px;\"><div class=\"fusion-separator-border sep-single sep-solid\" style=\"--awb-height:20px;--awb-amount:20px;--awb-sep-color:var(--awb-color3);border-color:var(--awb-color3);border-top-width:1px;\"><\/div><\/div><div class=\"fusion-image-element \" style=\"--awb-margin-top:20px;--awb-margin-bottom:10px;--awb-caption-title-font-family:var(--h2_typography-font-family);--awb-caption-title-font-weight:var(--h2_typography-font-weight);--awb-caption-title-font-style:var(--h2_typography-font-style);--awb-caption-title-size:var(--h2_typography-font-size);--awb-caption-title-transform:var(--h2_typography-text-transform);--awb-caption-title-line-height:var(--h2_typography-line-height);--awb-caption-title-letter-spacing:var(--h2_typography-letter-spacing);\"><span class=\" fusion-imageframe imageframe-none imageframe-11 hover-type-none\"><img decoding=\"async\" width=\"1064\" height=\"1600\" title=\"portrait nb1\" src=\"https:\/\/marc-chazelle.fr\/photographe\/wp-content\/uploads\/2024\/06\/portrait-nb1.jpg\" alt class=\"img-responsive wp-image-2010\" srcset=\"https:\/\/marc-chazelle.fr\/photographe\/wp-content\/uploads\/2024\/06\/portrait-nb1-200x301.jpg 200w, https:\/\/marc-chazelle.fr\/photographe\/wp-content\/uploads\/2024\/06\/portrait-nb1-400x602.jpg 400w, https:\/\/marc-chazelle.fr\/photographe\/wp-content\/uploads\/2024\/06\/portrait-nb1-600x902.jpg 600w, https:\/\/marc-chazelle.fr\/photographe\/wp-content\/uploads\/2024\/06\/portrait-nb1-800x1203.jpg 800w, https:\/\/marc-chazelle.fr\/photographe\/wp-content\/uploads\/2024\/06\/portrait-nb1.jpg 1064w\" sizes=\"(max-width: 800px) 100vw, (max-width: 640px) 100vw, 600px\" \/><\/span><\/div><div class=\"fusion-text fusion-text-12\"><p><span data-fusion-font=\"true\" data-fusion-google-font=\"Roboto\" data-fusion-google-variant=\"300\">Artisan photographe passionn\u00e9<\/span><span data-fusion-font=\"true\" data-fusion-google-font=\"Roboto\" data-fusion-google-variant=\"300\">, install\u00e9 sur la c\u00f4te normande, je parcours depuis 15 ans la Normandie et la France pour accompagner les entreprises, les collectivit\u00e9s locales et les particuliers dans leurs projets photographiques et audiovisuels.<\/span><\/p>\n<\/div><div style=\"text-align:center;\"><a class=\"fusion-button button-flat button-small button-custom fusion-button-default button-4 fusion-button-default-span fusion-button-default-type\" style=\"--button_accent_color:#000000;--button_border_color:#000000;--button_accent_hover_color:var(--awb-color5);--button_border_hover_color:var(--awb-color5);--button_border_width-top:1px;--button_border_width-right:1px;--button_border_width-bottom:1px;--button_border_width-left:1px;--button_gradient_top_color:var(--awb-color1);--button_gradient_bottom_color:var(--awb-color1);--button_gradient_top_color_hover:var(--awb-color1);--button_gradient_bottom_color_hover:var(--awb-color1);--button_margin-top:0px;width:calc(100%);\" target=\"_self\" href=\"#\"><span class=\"fusion-button-text\">En savoir encore plus&#8230;<\/span><\/a><\/div><div class=\"fusion-text fusion-text-13\"><h4 class=\"fusion-responsive-typography-calculated\" style=\"text-align: left; --fontsize: 24; line-height: 1.25; --minfontsize: 24; color: var(--awb-color4);\" data-fontsize=\"24\" data-lineheight=\"30px\">Contactez-moi<\/h4>\n<\/div><div class=\"fusion-separator\" style=\"align-self: flex-start;margin-right:auto;margin-top:0px;margin-bottom:30px;width:100%;max-width:130px;\"><div class=\"fusion-separator-border sep-single sep-solid\" style=\"--awb-height:20px;--awb-amount:20px;--awb-sep-color:var(--awb-color3);border-color:var(--awb-color3);border-top-width:1px;\"><\/div><\/div><div class=\"fusion-text fusion-text-14\"><p>Tel : +33(0)6.22.74.17.86<br \/>\nEmail: <a href=\"mailto:info@company.com\">c<\/a>hazelle.marc@gmail.com<\/p>\n<p>Beuvron-en-Auge &#8211; Normandie<br \/>\nOrmesson &#8211; R\u00e9gion Parisienne<\/p>\n<\/div><div class=\"fusion-separator fusion-full-width-sep\" style=\"align-self: center;margin-left: auto;margin-right: auto;margin-top:10px;width:100%;\"><\/div><div class=\"fusion-social-links fusion-social-links-1\" style=\"--awb-margin-top:0px;--awb-margin-right:0px;--awb-margin-bottom:0px;--awb-margin-left:0px;--awb-alignment:center;--awb-box-border-top:0px;--awb-box-border-right:0px;--awb-box-border-bottom:0px;--awb-box-border-left:0px;--awb-icon-colors-hover:rgba(29,32,40,0.8);--awb-box-colors-hover:rgba(255,255,255,0.8);--awb-box-border-color:var(--awb-color3);--awb-box-border-color-hover:var(--awb-color4);\"><div class=\"fusion-social-networks boxed-icons color-type-custom\"><div class=\"fusion-social-networks-wrapper\"><a class=\"fusion-social-network-icon fusion-tooltip fusion-facebook awb-icon-facebook\" style=\"color:var(--awb-color4);font-size:20px;width:20px;background-color:rgba(120,155,157,0);border-color:rgba(120,155,157,0);border-radius:0px;\" data-placement=\"top\" data-title=\"Facebook\" data-toggle=\"tooltip\" title=\"Facebook\" aria-label=\"facebook\" target=\"_blank\" rel=\"noopener noreferrer\" href=\"https:\/\/www.facebook.com\/marc.chazelle.photographe\"><\/a><a class=\"fusion-social-network-icon fusion-tooltip fusion-instagram awb-icon-instagram\" style=\"color:var(--awb-color4);font-size:20px;width:20px;background-color:rgba(120,155,157,0);border-color:rgba(120,155,157,0);border-radius:0px;\" data-placement=\"top\" data-title=\"Instagram\" data-toggle=\"tooltip\" title=\"Instagram\" aria-label=\"instagram\" target=\"_blank\" rel=\"noopener noreferrer\" href=\"https:\/\/www.instagram.com\/marc.chazelle.photographe\/\"><\/a><a class=\"fusion-social-network-icon fusion-tooltip fusion-linkedin awb-icon-linkedin\" style=\"color:var(--awb-color4);font-size:20px;width:20px;background-color:rgba(120,155,157,0);border-color:rgba(120,155,157,0);border-radius:0px;\" data-placement=\"top\" data-title=\"LinkedIn\" data-toggle=\"tooltip\" title=\"LinkedIn\" aria-label=\"linkedin\" target=\"_blank\" rel=\"noopener noreferrer\" href=\"https:\/\/www.linkedin.com\/in\/marc-chazelle-photographe\/\"><\/a><\/div><\/div><\/div><div class=\"fusion-separator fusion-full-width-sep\" style=\"align-self: center;margin-left: auto;margin-right: auto;margin-top:25px;width:100%;\"><\/div><div style=\"text-align:center;\"><a class=\"fusion-button button-flat button-medium button-default fusion-button-default button-5 fusion-button-default-span fusion-button-default-type\" style=\"width:calc(100%);\" target=\"_blank\" rel=\"noopener noreferrer\" href=\"#contact1\"><span class=\"fusion-button-text\">Contactez-moi<\/span><\/a><\/div><\/div><\/div><div class=\"fusion-layout-column fusion_builder_column fusion-builder-column-4 fusion_builder_column_1_4 1_4 fusion-flex-column\" style=\"--awb-bg-size:cover;--awb-width-large:25%;--awb-margin-top-large:0px;--awb-spacing-right-large:7.68%;--awb-margin-bottom-large:0px;--awb-spacing-left-large:7.68%;--awb-width-medium:100%;--awb-order-medium:0;--awb-spacing-right-medium:1.92%;--awb-spacing-left-medium:1.92%;--awb-width-small:100%;--awb-order-small:0;--awb-spacing-right-small:1.92%;--awb-spacing-left-small:1.92%;\"><div class=\"fusion-column-wrapper fusion-column-has-shadow fusion-flex-justify-content-flex-start fusion-content-layout-column\"><\/div><\/div><\/div><\/div><div class=\"fusion-fullwidth fullwidth-box fusion-builder-row-2 fusion-flex-container has-pattern-background has-mask-background hundred-percent-fullwidth non-hundred-percent-height-scrolling\" style=\"--awb-border-radius-top-left:0px;--awb-border-radius-top-right:0px;--awb-border-radius-bottom-right:0px;--awb-border-radius-bottom-left:0px;--awb-background-color:var(--awb-color1);--awb-flex-wrap:wrap;\" ><div class=\"fusion-builder-row fusion-row fusion-flex-align-items-flex-start fusion-flex-content-wrap\" style=\"width:104% !important;max-width:104% !important;margin-left: calc(-4% \/ 2 );margin-right: calc(-4% \/ 2 );\"><div class=\"fusion-layout-column fusion_builder_column fusion-builder-column-5 fusion_builder_column_1_1 1_1 fusion-flex-column\" style=\"--awb-bg-size:cover;--awb-width-large:100%;--awb-margin-top-large:30px;--awb-spacing-right-large:1.92%;--awb-margin-bottom-large:30px;--awb-spacing-left-large:1.92%;--awb-width-medium:100%;--awb-order-medium:0;--awb-spacing-right-medium:1.92%;--awb-spacing-left-medium:1.92%;--awb-width-small:100%;--awb-order-small:0;--awb-spacing-right-small:1.92%;--awb-spacing-left-small:1.92%;\"><div class=\"fusion-column-wrapper fusion-column-has-shadow fusion-flex-justify-content-flex-start fusion-content-layout-column\"><\/div><\/div><div class=\"fusion-layout-column fusion_builder_column fusion-builder-column-6 fusion_builder_column_1_1 1_1 fusion-flex-column\" style=\"--awb-bg-blend:overlay;--awb-bg-size:cover;--awb-width-large:100%;--awb-margin-top-large:0px;--awb-spacing-right-large:1.92%;--awb-margin-bottom-large:0px;--awb-spacing-left-large:1.92%;--awb-width-medium:100%;--awb-spacing-right-medium:1.92%;--awb-spacing-left-medium:1.92%;--awb-width-small:100%;--awb-spacing-right-small:1.92%;--awb-spacing-left-small:1.92%;\"><div class=\"fusion-column-wrapper fusion-flex-justify-content-flex-start fusion-content-layout-column\"><div class=\"fusion-separator fusion-full-width-sep\" style=\"align-self: center;margin-left: auto;margin-right: auto;margin-top:50px;width:100%;\"><\/div><div class=\"fusion-section-separator section-separator slant fusion-section-separator-1\" style=\"--awb-spacer-height:99px;--awb-svg-margin-left:1.92%;--awb-svg-margin-right:1.92%;--awb-svg-margin-left-medium:1.92%;--awb-svg-margin-right-medium:1.92%;--awb-svg-margin-left-small:1.92%;--awb-svg-margin-right-small:1.92%;--awb-divider-height:99px;--awb-spacer-padding-top:inherit;--awb-sep-padding:0;--awb-svg-padding:0;--awb-svg-tag-margin-bottom:-3px;--awb-sep-svg-display:block;\"><div class=\"fusion-section-separator-svg\"><svg class=\"fusion-slant-candy\" xmlns=\"http:\/\/www.w3.org\/2000\/svg\" version=\"1.1\" width=\"100%\" height=\"100\" viewBox=\"0 0 100 100\" preserveAspectRatio=\"none\" fill=\"rgba(120,155,157,1)\"><path d=\"M100 0 L0 100 L101 100 Z\"><\/path><\/svg><\/div><div class=\"fusion-section-separator-spacer\"><div class=\"fusion-section-separator-spacer-height\"><\/div><\/div><\/div><\/div><\/div><\/div><\/div><\/p>\n","protected":false},"excerpt":{"rendered":"","protected":false},"author":1,"featured_media":4032,"comment_status":"open","ping_status":"open","sticky":false,"template":"","format":"standard","meta":{"footnotes":""},"categories":[47,48],"tags":[],"class_list":["post-4169","post","type-post","status-publish","format-standard","has-post-thumbnail","hentry","category-photo-industrielle","category-securite"],"yoast_head":"<!-- This site is optimized with the Yoast SEO plugin v23.5 - https:\/\/yoast.com\/wordpress\/plugins\/seo\/ -->\n<title>Choisir sa salle de mariage en Normandie - Marc CHAZELLE Photographe d&#039;entreprise - Normandie &amp; Paris<\/title>\n<meta name=\"description\" content=\"D\u00e9couvrez les plus belles salles de r\u00e9ception pour c\u00e9l\u00e9brer votre mariage en Normandie, telles que le Ch\u00e2teau d&#039;Hermival et le Domaine de Bois Roger, pr\u00e9sent\u00e9es par Marc Chazelle, photographe professionnel.\" \/>\n<meta name=\"robots\" content=\"index, follow, max-snippet:-1, max-image-preview:large, max-video-preview:-1\" \/>\n<link rel=\"canonical\" href=\"https:\/\/marc-chazelle.fr\/photographe\/choisir-sa-salle-de-mariage-en-normandie\/\" \/>\n<meta property=\"og:locale\" content=\"fr_FR\" \/>\n<meta property=\"og:type\" content=\"article\" \/>\n<meta property=\"og:title\" content=\"Choisir sa salle de mariage en Normandie - Marc CHAZELLE Photographe d&#039;entreprise - Normandie &amp; Paris\" \/>\n<meta property=\"og:description\" content=\"D\u00e9couvrez les plus belles salles de r\u00e9ception pour c\u00e9l\u00e9brer votre mariage en Normandie, telles que le Ch\u00e2teau d&#039;Hermival et le Domaine de Bois Roger, pr\u00e9sent\u00e9es par Marc Chazelle, photographe professionnel.\" \/>\n<meta property=\"og:url\" content=\"https:\/\/marc-chazelle.fr\/photographe\/choisir-sa-salle-de-mariage-en-normandie\/\" \/>\n<meta property=\"og:site_name\" content=\"Marc CHAZELLE Photographe d&#039;entreprise - Normandie &amp; Paris\" \/>\n<meta property=\"article:publisher\" content=\"https:\/\/www.facebook.com\/marc.chazelle.photographe\/\" \/>\n<meta property=\"article:published_time\" content=\"2025-01-15T05:59:43+00:00\" \/>\n<meta property=\"article:modified_time\" content=\"2025-01-16T09:59:44+00:00\" \/>\n<meta property=\"og:image\" content=\"https:\/\/marc-chazelle.fr\/photographe\/wp-content\/uploads\/2024\/10\/photographe-evenementiel-normandie-paris-35.jpg\" \/>\n\t<meta property=\"og:image:width\" content=\"1920\" \/>\n\t<meta property=\"og:image:height\" content=\"1277\" \/>\n\t<meta property=\"og:image:type\" content=\"image\/jpeg\" \/>\n<meta name=\"author\" content=\"photo\" \/>\n<meta name=\"twitter:card\" content=\"summary_large_image\" \/>\n<meta name=\"twitter:label1\" content=\"\u00c9crit par\" \/>\n\t<meta name=\"twitter:data1\" content=\"photo\" \/>\n\t<meta name=\"twitter:label2\" content=\"Dur\u00e9e de lecture estim\u00e9e\" \/>\n\t<meta name=\"twitter:data2\" content=\"13 minutes\" \/>\n<script type=\"application\/ld+json\" class=\"yoast-schema-graph\">{\"@context\":\"https:\/\/schema.org\",\"@graph\":[{\"@type\":\"Article\",\"@id\":\"https:\/\/marc-chazelle.fr\/photographe\/choisir-sa-salle-de-mariage-en-normandie\/#article\",\"isPartOf\":{\"@id\":\"https:\/\/marc-chazelle.fr\/photographe\/choisir-sa-salle-de-mariage-en-normandie\/\"},\"author\":{\"name\":\"photo\",\"@id\":\"https:\/\/marc-chazelle.fr\/photographe\/#\/schema\/person\/2b730ad5b9bdeb913331ed633c91100d\"},\"headline\":\"Choisir sa salle de mariage en Normandie\",\"datePublished\":\"2025-01-15T05:59:43+00:00\",\"dateModified\":\"2025-01-16T09:59:44+00:00\",\"mainEntityOfPage\":{\"@id\":\"https:\/\/marc-chazelle.fr\/photographe\/choisir-sa-salle-de-mariage-en-normandie\/\"},\"wordCount\":6396,\"commentCount\":0,\"publisher\":{\"@id\":\"https:\/\/marc-chazelle.fr\/photographe\/#organization\"},\"image\":{\"@id\":\"https:\/\/marc-chazelle.fr\/photographe\/choisir-sa-salle-de-mariage-en-normandie\/#primaryimage\"},\"thumbnailUrl\":\"https:\/\/marc-chazelle.fr\/photographe\/wp-content\/uploads\/2024\/10\/photographe-evenementiel-normandie-paris-35.jpg\",\"articleSection\":[\"Photo industrielle\",\"s\u00e9curit\u00e9\"],\"inLanguage\":\"fr-FR\",\"potentialAction\":[{\"@type\":\"CommentAction\",\"name\":\"Comment\",\"target\":[\"https:\/\/marc-chazelle.fr\/photographe\/choisir-sa-salle-de-mariage-en-normandie\/#respond\"]}]},{\"@type\":\"WebPage\",\"@id\":\"https:\/\/marc-chazelle.fr\/photographe\/choisir-sa-salle-de-mariage-en-normandie\/\",\"url\":\"https:\/\/marc-chazelle.fr\/photographe\/choisir-sa-salle-de-mariage-en-normandie\/\",\"name\":\"Choisir sa salle de mariage en Normandie - Marc CHAZELLE Photographe d&#039;entreprise - Normandie &amp; Paris\",\"isPartOf\":{\"@id\":\"https:\/\/marc-chazelle.fr\/photographe\/#website\"},\"primaryImageOfPage\":{\"@id\":\"https:\/\/marc-chazelle.fr\/photographe\/choisir-sa-salle-de-mariage-en-normandie\/#primaryimage\"},\"image\":{\"@id\":\"https:\/\/marc-chazelle.fr\/photographe\/choisir-sa-salle-de-mariage-en-normandie\/#primaryimage\"},\"thumbnailUrl\":\"https:\/\/marc-chazelle.fr\/photographe\/wp-content\/uploads\/2024\/10\/photographe-evenementiel-normandie-paris-35.jpg\",\"datePublished\":\"2025-01-15T05:59:43+00:00\",\"dateModified\":\"2025-01-16T09:59:44+00:00\",\"description\":\"D\u00e9couvrez les plus belles salles de r\u00e9ception pour c\u00e9l\u00e9brer votre mariage en Normandie, telles que le Ch\u00e2teau d'Hermival et le Domaine de Bois Roger, pr\u00e9sent\u00e9es par Marc Chazelle, photographe professionnel.\",\"breadcrumb\":{\"@id\":\"https:\/\/marc-chazelle.fr\/photographe\/choisir-sa-salle-de-mariage-en-normandie\/#breadcrumb\"},\"inLanguage\":\"fr-FR\",\"potentialAction\":[{\"@type\":\"ReadAction\",\"target\":[\"https:\/\/marc-chazelle.fr\/photographe\/choisir-sa-salle-de-mariage-en-normandie\/\"]}]},{\"@type\":\"ImageObject\",\"inLanguage\":\"fr-FR\",\"@id\":\"https:\/\/marc-chazelle.fr\/photographe\/choisir-sa-salle-de-mariage-en-normandie\/#primaryimage\",\"url\":\"https:\/\/marc-chazelle.fr\/photographe\/wp-content\/uploads\/2024\/10\/photographe-evenementiel-normandie-paris-35.jpg\",\"contentUrl\":\"https:\/\/marc-chazelle.fr\/photographe\/wp-content\/uploads\/2024\/10\/photographe-evenementiel-normandie-paris-35.jpg\",\"width\":1920,\"height\":1277,\"caption\":\"R\u00e9ception aux franciscaines \u00e0 Deauville\"},{\"@type\":\"BreadcrumbList\",\"@id\":\"https:\/\/marc-chazelle.fr\/photographe\/choisir-sa-salle-de-mariage-en-normandie\/#breadcrumb\",\"itemListElement\":[{\"@type\":\"ListItem\",\"position\":1,\"name\":\"Accueil\",\"item\":\"https:\/\/marc-chazelle.fr\/photographe\/\"},{\"@type\":\"ListItem\",\"position\":2,\"name\":\"Choisir sa salle de mariage en Normandie\"}]},{\"@type\":\"WebSite\",\"@id\":\"https:\/\/marc-chazelle.fr\/photographe\/#website\",\"url\":\"https:\/\/marc-chazelle.fr\/photographe\/\",\"name\":\"Marc CHAZELLE Photographe d'entreprise - Normandie & Paris\",\"description\":\"\",\"publisher\":{\"@id\":\"https:\/\/marc-chazelle.fr\/photographe\/#organization\"},\"potentialAction\":[{\"@type\":\"SearchAction\",\"target\":{\"@type\":\"EntryPoint\",\"urlTemplate\":\"https:\/\/marc-chazelle.fr\/photographe\/?s={search_term_string}\"},\"query-input\":{\"@type\":\"PropertyValueSpecification\",\"valueRequired\":true,\"valueName\":\"search_term_string\"}}],\"inLanguage\":\"fr-FR\"},{\"@type\":\"Organization\",\"@id\":\"https:\/\/marc-chazelle.fr\/photographe\/#organization\",\"name\":\"Marc CHAZELLE Photographe d'entreprise - Normandie & Paris\",\"url\":\"https:\/\/marc-chazelle.fr\/photographe\/\",\"logo\":{\"@type\":\"ImageObject\",\"inLanguage\":\"fr-FR\",\"@id\":\"https:\/\/marc-chazelle.fr\/photographe\/#\/schema\/logo\/image\/\",\"url\":\"https:\/\/marc-chazelle.fr\/photographe\/wp-content\/uploads\/2024\/09\/appareil-photo-1-copie.webp\",\"contentUrl\":\"https:\/\/marc-chazelle.fr\/photographe\/wp-content\/uploads\/2024\/09\/appareil-photo-1-copie.webp\",\"width\":2000,\"height\":2000,\"caption\":\"Marc CHAZELLE Photographe d'entreprise - Normandie & Paris\"},\"image\":{\"@id\":\"https:\/\/marc-chazelle.fr\/photographe\/#\/schema\/logo\/image\/\"},\"sameAs\":[\"https:\/\/www.facebook.com\/marc.chazelle.photographe\/\",\"https:\/\/www.instagram.com\/marc.chazelle.photographe\/\",\"https:\/\/www.linkedin.com\/in\/marc-chazelle-photographe\/\"]},{\"@type\":\"Person\",\"@id\":\"https:\/\/marc-chazelle.fr\/photographe\/#\/schema\/person\/2b730ad5b9bdeb913331ed633c91100d\",\"name\":\"photo\",\"image\":{\"@type\":\"ImageObject\",\"inLanguage\":\"fr-FR\",\"@id\":\"https:\/\/marc-chazelle.fr\/photographe\/#\/schema\/person\/image\/\",\"url\":\"https:\/\/secure.gravatar.com\/avatar\/1584137e92f7a4131a7f6b5101d8657acc0a7ec479f22403a74189ea46bf5169?s=96&d=mm&r=g\",\"contentUrl\":\"https:\/\/secure.gravatar.com\/avatar\/1584137e92f7a4131a7f6b5101d8657acc0a7ec479f22403a74189ea46bf5169?s=96&d=mm&r=g\",\"caption\":\"photo\"},\"sameAs\":[\"https:\/\/marc-chazelle.fr\/photographe\"],\"url\":\"https:\/\/marc-chazelle.fr\/photographe\/author\/photo\/\"}]}<\/script>\n<!-- \/ Yoast SEO plugin. -->","yoast_head_json":{"title":"Choisir sa salle de mariage en Normandie - Marc CHAZELLE Photographe d&#039;entreprise - Normandie &amp; Paris","description":"D\u00e9couvrez les plus belles salles de r\u00e9ception pour c\u00e9l\u00e9brer votre mariage en Normandie, telles que le Ch\u00e2teau d'Hermival et le Domaine de Bois Roger, pr\u00e9sent\u00e9es par Marc Chazelle, photographe professionnel.","robots":{"index":"index","follow":"follow","max-snippet":"max-snippet:-1","max-image-preview":"max-image-preview:large","max-video-preview":"max-video-preview:-1"},"canonical":"https:\/\/marc-chazelle.fr\/photographe\/choisir-sa-salle-de-mariage-en-normandie\/","og_locale":"fr_FR","og_type":"article","og_title":"Choisir sa salle de mariage en Normandie - Marc CHAZELLE Photographe d&#039;entreprise - Normandie &amp; Paris","og_description":"D\u00e9couvrez les plus belles salles de r\u00e9ception pour c\u00e9l\u00e9brer votre mariage en Normandie, telles que le Ch\u00e2teau d'Hermival et le Domaine de Bois Roger, pr\u00e9sent\u00e9es par Marc Chazelle, photographe professionnel.","og_url":"https:\/\/marc-chazelle.fr\/photographe\/choisir-sa-salle-de-mariage-en-normandie\/","og_site_name":"Marc CHAZELLE Photographe d&#039;entreprise - Normandie &amp; Paris","article_publisher":"https:\/\/www.facebook.com\/marc.chazelle.photographe\/","article_published_time":"2025-01-15T05:59:43+00:00","article_modified_time":"2025-01-16T09:59:44+00:00","og_image":[{"width":1920,"height":1277,"url":"https:\/\/marc-chazelle.fr\/photographe\/wp-content\/uploads\/2024\/10\/photographe-evenementiel-normandie-paris-35.jpg","type":"image\/jpeg"}],"author":"photo","twitter_card":"summary_large_image","twitter_misc":{"\u00c9crit par":"photo","Dur\u00e9e de lecture estim\u00e9e":"13 minutes"},"schema":{"@context":"https:\/\/schema.org","@graph":[{"@type":"Article","@id":"https:\/\/marc-chazelle.fr\/photographe\/choisir-sa-salle-de-mariage-en-normandie\/#article","isPartOf":{"@id":"https:\/\/marc-chazelle.fr\/photographe\/choisir-sa-salle-de-mariage-en-normandie\/"},"author":{"name":"photo","@id":"https:\/\/marc-chazelle.fr\/photographe\/#\/schema\/person\/2b730ad5b9bdeb913331ed633c91100d"},"headline":"Choisir sa salle de mariage en Normandie","datePublished":"2025-01-15T05:59:43+00:00","dateModified":"2025-01-16T09:59:44+00:00","mainEntityOfPage":{"@id":"https:\/\/marc-chazelle.fr\/photographe\/choisir-sa-salle-de-mariage-en-normandie\/"},"wordCount":6396,"commentCount":0,"publisher":{"@id":"https:\/\/marc-chazelle.fr\/photographe\/#organization"},"image":{"@id":"https:\/\/marc-chazelle.fr\/photographe\/choisir-sa-salle-de-mariage-en-normandie\/#primaryimage"},"thumbnailUrl":"https:\/\/marc-chazelle.fr\/photographe\/wp-content\/uploads\/2024\/10\/photographe-evenementiel-normandie-paris-35.jpg","articleSection":["Photo industrielle","s\u00e9curit\u00e9"],"inLanguage":"fr-FR","potentialAction":[{"@type":"CommentAction","name":"Comment","target":["https:\/\/marc-chazelle.fr\/photographe\/choisir-sa-salle-de-mariage-en-normandie\/#respond"]}]},{"@type":"WebPage","@id":"https:\/\/marc-chazelle.fr\/photographe\/choisir-sa-salle-de-mariage-en-normandie\/","url":"https:\/\/marc-chazelle.fr\/photographe\/choisir-sa-salle-de-mariage-en-normandie\/","name":"Choisir sa salle de mariage en Normandie - Marc CHAZELLE Photographe d&#039;entreprise - Normandie &amp; Paris","isPartOf":{"@id":"https:\/\/marc-chazelle.fr\/photographe\/#website"},"primaryImageOfPage":{"@id":"https:\/\/marc-chazelle.fr\/photographe\/choisir-sa-salle-de-mariage-en-normandie\/#primaryimage"},"image":{"@id":"https:\/\/marc-chazelle.fr\/photographe\/choisir-sa-salle-de-mariage-en-normandie\/#primaryimage"},"thumbnailUrl":"https:\/\/marc-chazelle.fr\/photographe\/wp-content\/uploads\/2024\/10\/photographe-evenementiel-normandie-paris-35.jpg","datePublished":"2025-01-15T05:59:43+00:00","dateModified":"2025-01-16T09:59:44+00:00","description":"D\u00e9couvrez les plus belles salles de r\u00e9ception pour c\u00e9l\u00e9brer votre mariage en Normandie, telles que le Ch\u00e2teau d'Hermival et le Domaine de Bois Roger, pr\u00e9sent\u00e9es par Marc Chazelle, photographe professionnel.","breadcrumb":{"@id":"https:\/\/marc-chazelle.fr\/photographe\/choisir-sa-salle-de-mariage-en-normandie\/#breadcrumb"},"inLanguage":"fr-FR","potentialAction":[{"@type":"ReadAction","target":["https:\/\/marc-chazelle.fr\/photographe\/choisir-sa-salle-de-mariage-en-normandie\/"]}]},{"@type":"ImageObject","inLanguage":"fr-FR","@id":"https:\/\/marc-chazelle.fr\/photographe\/choisir-sa-salle-de-mariage-en-normandie\/#primaryimage","url":"https:\/\/marc-chazelle.fr\/photographe\/wp-content\/uploads\/2024\/10\/photographe-evenementiel-normandie-paris-35.jpg","contentUrl":"https:\/\/marc-chazelle.fr\/photographe\/wp-content\/uploads\/2024\/10\/photographe-evenementiel-normandie-paris-35.jpg","width":1920,"height":1277,"caption":"R\u00e9ception aux franciscaines \u00e0 Deauville"},{"@type":"BreadcrumbList","@id":"https:\/\/marc-chazelle.fr\/photographe\/choisir-sa-salle-de-mariage-en-normandie\/#breadcrumb","itemListElement":[{"@type":"ListItem","position":1,"name":"Accueil","item":"https:\/\/marc-chazelle.fr\/photographe\/"},{"@type":"ListItem","position":2,"name":"Choisir sa salle de mariage en Normandie"}]},{"@type":"WebSite","@id":"https:\/\/marc-chazelle.fr\/photographe\/#website","url":"https:\/\/marc-chazelle.fr\/photographe\/","name":"Marc CHAZELLE Photographe d'entreprise - Normandie & Paris","description":"","publisher":{"@id":"https:\/\/marc-chazelle.fr\/photographe\/#organization"},"potentialAction":[{"@type":"SearchAction","target":{"@type":"EntryPoint","urlTemplate":"https:\/\/marc-chazelle.fr\/photographe\/?s={search_term_string}"},"query-input":{"@type":"PropertyValueSpecification","valueRequired":true,"valueName":"search_term_string"}}],"inLanguage":"fr-FR"},{"@type":"Organization","@id":"https:\/\/marc-chazelle.fr\/photographe\/#organization","name":"Marc CHAZELLE Photographe d'entreprise - Normandie & Paris","url":"https:\/\/marc-chazelle.fr\/photographe\/","logo":{"@type":"ImageObject","inLanguage":"fr-FR","@id":"https:\/\/marc-chazelle.fr\/photographe\/#\/schema\/logo\/image\/","url":"https:\/\/marc-chazelle.fr\/photographe\/wp-content\/uploads\/2024\/09\/appareil-photo-1-copie.webp","contentUrl":"https:\/\/marc-chazelle.fr\/photographe\/wp-content\/uploads\/2024\/09\/appareil-photo-1-copie.webp","width":2000,"height":2000,"caption":"Marc CHAZELLE Photographe d'entreprise - Normandie & Paris"},"image":{"@id":"https:\/\/marc-chazelle.fr\/photographe\/#\/schema\/logo\/image\/"},"sameAs":["https:\/\/www.facebook.com\/marc.chazelle.photographe\/","https:\/\/www.instagram.com\/marc.chazelle.photographe\/","https:\/\/www.linkedin.com\/in\/marc-chazelle-photographe\/"]},{"@type":"Person","@id":"https:\/\/marc-chazelle.fr\/photographe\/#\/schema\/person\/2b730ad5b9bdeb913331ed633c91100d","name":"photo","image":{"@type":"ImageObject","inLanguage":"fr-FR","@id":"https:\/\/marc-chazelle.fr\/photographe\/#\/schema\/person\/image\/","url":"https:\/\/secure.gravatar.com\/avatar\/1584137e92f7a4131a7f6b5101d8657acc0a7ec479f22403a74189ea46bf5169?s=96&d=mm&r=g","contentUrl":"https:\/\/secure.gravatar.com\/avatar\/1584137e92f7a4131a7f6b5101d8657acc0a7ec479f22403a74189ea46bf5169?s=96&d=mm&r=g","caption":"photo"},"sameAs":["https:\/\/marc-chazelle.fr\/photographe"],"url":"https:\/\/marc-chazelle.fr\/photographe\/author\/photo\/"}]}},"_links":{"self":[{"href":"https:\/\/marc-chazelle.fr\/photographe\/wp-json\/wp\/v2\/posts\/4169","targetHints":{"allow":["GET"]}}],"collection":[{"href":"https:\/\/marc-chazelle.fr\/photographe\/wp-json\/wp\/v2\/posts"}],"about":[{"href":"https:\/\/marc-chazelle.fr\/photographe\/wp-json\/wp\/v2\/types\/post"}],"author":[{"embeddable":true,"href":"https:\/\/marc-chazelle.fr\/photographe\/wp-json\/wp\/v2\/users\/1"}],"replies":[{"embeddable":true,"href":"https:\/\/marc-chazelle.fr\/photographe\/wp-json\/wp\/v2\/comments?post=4169"}],"version-history":[{"count":0,"href":"https:\/\/marc-chazelle.fr\/photographe\/wp-json\/wp\/v2\/posts\/4169\/revisions"}],"wp:featuredmedia":[{"embeddable":true,"href":"https:\/\/marc-chazelle.fr\/photographe\/wp-json\/wp\/v2\/media\/4032"}],"wp:attachment":[{"href":"https:\/\/marc-chazelle.fr\/photographe\/wp-json\/wp\/v2\/media?parent=4169"}],"wp:term":[{"taxonomy":"category","embeddable":true,"href":"https:\/\/marc-chazelle.fr\/photographe\/wp-json\/wp\/v2\/categories?post=4169"},{"taxonomy":"post_tag","embeddable":true,"href":"https:\/\/marc-chazelle.fr\/photographe\/wp-json\/wp\/v2\/tags?post=4169"}],"curies":[{"name":"wp","href":"https:\/\/api.w.org\/{rel}","templated":true}]}}