{"id":4361,"date":"2025-02-04T16:32:38","date_gmt":"2025-02-04T15:32:38","guid":{"rendered":"https:\/\/marc-chazelle.fr\/photographe\/?p=4361"},"modified":"2025-02-04T16:47:07","modified_gmt":"2025-02-04T15:47:07","slug":"limportance-de-photo-profil-linkedin","status":"publish","type":"post","link":"https:\/\/marc-chazelle.fr\/photographe\/limportance-de-photo-profil-linkedin\/","title":{"rendered":"L\u2019importance de la photo dans votre profil LinkedIn"},"content":{"rendered":"<p><div class=\"fusion-fullwidth fullwidth-box fusion-builder-row-1 fusion-flex-container nonhundred-percent-fullwidth non-hundred-percent-height-scrolling\" style=\"--awb-background-position:left top;--awb-border-sizes-top:0px;--awb-border-sizes-bottom:0px;--awb-border-sizes-left:0px;--awb-border-sizes-right:0px;--awb-border-radius-top-left:0px;--awb-border-radius-top-right:0px;--awb-border-radius-bottom-right:0px;--awb-border-radius-bottom-left:0px;--awb-padding-top:0px;--awb-margin-top:0px;--awb-background-color:#ffffff;--awb-flex-wrap:wrap;\" ><div class=\"fusion-builder-row fusion-row fusion-flex-align-items-flex-start fusion-flex-content-wrap\" style=\"max-width:1216.8px;margin-left: calc(-4% \/ 2 );margin-right: calc(-4% \/ 2 );\"><div class=\"fusion-layout-column fusion_builder_column fusion-builder-column-0 fusion_builder_column_1_1 1_1 fusion-flex-column\" style=\"--awb-bg-color:var(--awb-color1);--awb-bg-color-hover:var(--awb-color1);--awb-bg-size:cover;--awb-width-large:100%;--awb-margin-top-large:0px;--awb-spacing-right-large:1.92%;--awb-margin-bottom-large:0px;--awb-spacing-left-large:1.92%;--awb-width-medium:100%;--awb-order-medium:0;--awb-spacing-right-medium:1.92%;--awb-spacing-left-medium:1.92%;--awb-width-small:100%;--awb-order-small:0;--awb-spacing-right-small:1.92%;--awb-spacing-left-small:1.92%;\"><div class=\"fusion-column-wrapper fusion-column-has-shadow fusion-flex-justify-content-flex-start fusion-content-layout-column\"><div class=\"fusion-title title fusion-title-1 fusion-title-center fusion-title-text fusion-title-size-one\" style=\"--awb-text-color:var(--awb-color4);--awb-margin-bottom:;--awb-font-size:45px;\"><div class=\"title-sep-container title-sep-container-left\"><div class=\"title-sep sep- sep-solid\" style=\"border-color:var(--awb-color7);\"><\/div><\/div><span class=\"awb-title-spacer\"><\/span><h1 class=\"fusion-title-heading title-heading-center fusion-responsive-typography-calculated\" style=\"font-family:&quot;Roboto&quot;;font-style:normal;font-weight:700;margin:0;font-size:1em;text-transform:uppercase;--fontSize:45;line-height:var(--awb-typography1-line-height);\"><h1 class=\"section-title\">L\u2019importance de la photo dans un profil linkedin<\/h1><\/h1><span class=\"awb-title-spacer\"><\/span><div class=\"title-sep-container title-sep-container-right\"><div class=\"title-sep sep- sep-solid\" style=\"border-color:var(--awb-color7);\"><\/div><\/div><\/div><div class=\"fusion-title title fusion-title-2 fusion-title-center fusion-title-text fusion-title-size-two\" style=\"--awb-text-color:var(--awb-color8);--awb-margin-top:-50px;--awb-font-size:15px;\"><div class=\"title-sep-container title-sep-container-left\"><div class=\"title-sep sep- sep-solid\" style=\"border-color:var(--awb-color7);\"><\/div><\/div><span class=\"awb-title-spacer\"><\/span><h2 class=\"fusion-title-heading title-heading-center fusion-responsive-typography-calculated\" style=\"margin:0;font-size:1em;--fontSize:15;--minFontSize:15;line-height:1.2;\"><div class=\"mtheme-supercell clearfix \">\n<div class=\"mtheme-cell-wrap\">\n<div id=\"mtheme-block-1\" class=\"mtheme-block mtheme-block-em_sectionheading span12 mtheme-first-cell \" data-width=\"12\">\n<div class=\"section-heading animated fadeIn section-align-center animation-action\">\n<h3 class=\"section-subtitle\">Conseil de photographe<\/h3>\n<\/div>\n<\/div>\n<\/div>\n<\/div><\/h2><span class=\"awb-title-spacer\"><\/span><div class=\"title-sep-container title-sep-container-right\"><div class=\"title-sep sep- sep-solid\" style=\"border-color:var(--awb-color7);\"><\/div><\/div><\/div><div class=\"fusion-image-element \" style=\"--awb-caption-title-font-family:var(--h2_typography-font-family);--awb-caption-title-font-weight:var(--h2_typography-font-weight);--awb-caption-title-font-style:var(--h2_typography-font-style);--awb-caption-title-size:var(--h2_typography-font-size);--awb-caption-title-transform:var(--h2_typography-text-transform);--awb-caption-title-line-height:var(--h2_typography-line-height);--awb-caption-title-letter-spacing:var(--h2_typography-letter-spacing);\"><span class=\" fusion-imageframe imageframe-none imageframe-1 hover-type-none\"><img decoding=\"async\" width=\"1920\" height=\"1080\" alt=\"photographe de portrait d&#039;entreprise\" title=\"photographe de portrait d&rsquo;entreprise\" src=\"https:\/\/marc-chazelle.fr\/photographe\/wp-content\/uploads\/2024\/09\/photographe-de-portrait-dentreprise.webp\" class=\"img-responsive wp-image-3675\" srcset=\"https:\/\/marc-chazelle.fr\/photographe\/wp-content\/uploads\/2024\/09\/photographe-de-portrait-dentreprise-66x37.webp 66w, https:\/\/marc-chazelle.fr\/photographe\/wp-content\/uploads\/2024\/09\/photographe-de-portrait-dentreprise-177x100.webp 177w, https:\/\/marc-chazelle.fr\/photographe\/wp-content\/uploads\/2024\/09\/photographe-de-portrait-dentreprise-200x113.webp 200w, https:\/\/marc-chazelle.fr\/photographe\/wp-content\/uploads\/2024\/09\/photographe-de-portrait-dentreprise-300x169.webp 300w, https:\/\/marc-chazelle.fr\/photographe\/wp-content\/uploads\/2024\/09\/photographe-de-portrait-dentreprise-320x180.webp 320w, https:\/\/marc-chazelle.fr\/photographe\/wp-content\/uploads\/2024\/09\/photographe-de-portrait-dentreprise-400x225.webp 400w, https:\/\/marc-chazelle.fr\/photographe\/wp-content\/uploads\/2024\/09\/photographe-de-portrait-dentreprise-460x259.webp 460w, https:\/\/marc-chazelle.fr\/photographe\/wp-content\/uploads\/2024\/09\/photographe-de-portrait-dentreprise-540x304.webp 540w, https:\/\/marc-chazelle.fr\/photographe\/wp-content\/uploads\/2024\/09\/photographe-de-portrait-dentreprise-600x338.webp 600w, https:\/\/marc-chazelle.fr\/photographe\/wp-content\/uploads\/2024\/09\/photographe-de-portrait-dentreprise-669x376.webp 669w, https:\/\/marc-chazelle.fr\/photographe\/wp-content\/uploads\/2024\/09\/photographe-de-portrait-dentreprise-700x394.webp 700w, https:\/\/marc-chazelle.fr\/photographe\/wp-content\/uploads\/2024\/09\/photographe-de-portrait-dentreprise-768x432.webp 768w, https:\/\/marc-chazelle.fr\/photographe\/wp-content\/uploads\/2024\/09\/photographe-de-portrait-dentreprise-800x450.webp 800w, https:\/\/marc-chazelle.fr\/photographe\/wp-content\/uploads\/2024\/09\/photographe-de-portrait-dentreprise-940x529.webp 940w, https:\/\/marc-chazelle.fr\/photographe\/wp-content\/uploads\/2024\/09\/photographe-de-portrait-dentreprise-1024x576.webp 1024w, https:\/\/marc-chazelle.fr\/photographe\/wp-content\/uploads\/2024\/09\/photographe-de-portrait-dentreprise-1200x675.webp 1200w, https:\/\/marc-chazelle.fr\/photographe\/wp-content\/uploads\/2024\/09\/photographe-de-portrait-dentreprise-1536x864.webp 1536w, https:\/\/marc-chazelle.fr\/photographe\/wp-content\/uploads\/2024\/09\/photographe-de-portrait-dentreprise.webp 1920w\" sizes=\"(max-width: 800px) 100vw, (max-width: 640px) 100vw, 1200px\" \/><\/span><\/div><\/div><\/div><div class=\"fusion-layout-column fusion_builder_column fusion-builder-column-1 fusion_builder_column_1_1 1_1 fusion-flex-column\" style=\"--awb-padding-top:60px;--awb-bg-blend:overlay;--awb-bg-size:cover;--awb-width-large:100%;--awb-margin-top-large:0px;--awb-spacing-right-large:3.84%;--awb-margin-bottom-large:40px;--awb-spacing-left-large:1.92%;--awb-width-medium:100%;--awb-spacing-right-medium:1.92%;--awb-spacing-left-medium:1.92%;--awb-width-small:100%;--awb-spacing-right-small:1.92%;--awb-spacing-left-small:1.92%;\"><div class=\"fusion-column-wrapper fusion-flex-justify-content-flex-start fusion-content-layout-column\"><div class=\"fusion-text fusion-text-1\"><p><b><i>Quel que soit votre objectif sur le r\u00e9seau Linkedin (cr\u00e9ation de r\u00e9seau, d\u00e9marchage, recrutement\u2026), c\u2019est avec un profil  \u00abcomplet\u00bb que vous obtiendrez plus de r\u00e9ponse\/contact\/relation et maximiserez vos chances de faire partie des premiers r\u00e9sultats de recherche.<\/i><\/b><\/p>\n<p><b><i>Cependant, si vous \u00eates nombreux \u00e0 remplir en d\u00e9tail tous les champs de votre profil, un \u00e9l\u00e9ment est encore trop souvent n\u00e9glig\u00e9 : la photo de portrait.<\/i><\/b><\/p>\n<p><b><i><br \/><\/i><\/b><\/p>\n<h2 style=\"font-size: 23px; color: rgb(0, 0, 0);\">Une photo de profil, bien plus qu\u2019une simple image<\/h2>\n<p>Savez vous que les visiteurs de votre page \u00e9mettent un jugement en<b> 40 millisecondes<\/b> seulement, et uniquement \u00e0 partir de votre photo de profil (universit\u00e9 de Stanford) ? Ce n\u2019est donc pas \u00e9tonnant si aujourd\u2019hui, les profils avec photo r\u00e9coltent 21 fois plus de visites et de contacts (source Linkedin). <\/p>\n<p>Vous comprenez ais\u00e9ment que votre photo joue un r\u00f4le bien plus important qu\u2019une simple image. Elle doit refl\u00e9ter votre personnalit\u00e9 et votre professionnalisme, bref inspirer confiance. <\/p>\n<\/p>\n<h2><b data-fusion-font=\"true\" style=\"font-size: 23px; color: rgb(0, 0, 0);\">Quelques conseils pour une photo de profil qui se d\u00e9marque<\/b><\/h2>\n<h3 data-fusion-font=\"true\" style=\"font-size: 20px; color: rgb(0, 0, 0);\">Pr\u00e9parez votre s\u00e9ance<\/h3>\n<p>Pour commencer, on oublie tout de suite le selfie \u00e0 bout de bras dans son canap\u00e9. Prenez plut\u00f4t le temps de bien vous pr\u00e9parer : dotez-vous d\u2019un bon appareil photo ou de votre dernier smartphone, d\u2019un tr\u00e9pied ou d\u2019un ami qui sait prendre de bonnes photos (voir d\u2019un photographe). <\/p>\n<h3 data-fusion-font=\"true\" style=\"font-size: 20px; color: rgb(0, 0, 0);\">Une tenue coh\u00e9rente et professionnelle<\/h3>\n<p>Habillez-vous selon les codes vestimentaires de votre environnement professionnel et\/ou de la fonction vis\u00e9e. Ayez une tenue qui montre que vous exercez votre m\u00e9tier avec s\u00e9rieux. La cravate n\u2019est plus indispensable. Cela d\u00e9pend de la culture des entreprises que vous visez. Inspirez-vous en regardant les images de concurrents dans le m\u00eame secteur d\u2019activit\u00e9 afin de d\u00e9terminer si un style particulier ou une tendance se d\u00e9gage. \u00c9vitez absolument les motifs (petits carreaux, pieds de poules\u2026) qui risquent de faire des artefacts (illusions d\u2019optique) et dirigez-vous vers des couleurs unies.<\/p>\n<\/p>\n<h3 style=\"font-size: 20px;\"><span style=\"color: rgb(0, 0, 0);\">Placez vous devant un fond uni ou un d\u00e9cor neutre<\/span> <\/h3>\n<p>Pas de photo sur la plage ou au ski \u00e0 moins que vous soyez prof de plong\u00e9e ou GO au club medi. Privil\u00e9giez un fond uni (blanc, blanc cass\u00e9, gris clair, noir, bleu) ou un d\u00e9cor neutre afin que le sujet principal (vous) ressorte parfaitement.<\/p>\n<h3 data-fusion-font=\"true\" style=\"font-size: 20px; color: rgb(0, 0, 0);\">La lumi\u00e8re<\/h3>\n<p>Photographier, c\u2019est litt\u00e9ralement \u00e9crire avec la lumi\u00e8re. Il est indispensable que votre photo soit correctement expos\u00e9e (ni trop claire, ni trop sombre). Placez-vous dans un endroit lumineux, en privil\u00e9giant une belle lumi\u00e8re naturelle. Cependant, il n\u2019est pas toujours possible d\u2019avoir une belle lumi\u00e8re ou des appareils assez performants pour capter cette lumi\u00e8re. Vous devez alors utiliser des flash, et c\u2019est l\u00e0 que \u00e7a se complique un peu. On n\u2019utilise pas le flash de l\u2019appareil photo&#8230; mais un ou deux lashs d\u00e9port\u00e9s avec des diffuseurs de lumi\u00e8re afin que cette derni\u00e8re soit plus douce.<\/p>\n<h3 data-fusion-font=\"true\" style=\"font-size: 20px; color: rgb(0, 0, 0);\">R\u00e9fl\u00e9chissez \u00e0 votre posture et votre regard<\/h3>\n<p>Il va de soi que l\u2019on \u00e9vite les photos de type carte d\u2019identit\u00e9 avec les \u00e9paules de face ou de profil comme au commissariat.Optez plut\u00f4t pour une photo de 3\/4 avec une l\u00e9g\u00e8re contre-plong\u00e9e (prise du dessous) afin d\u2019accentuer une attitude confiante, mais attention \u00e0 l\u2019angle, car cela peut vite basculer vers l\u2019arrogance. <\/p>\n<p>Il est pr\u00e9f\u00e9rable d\u2019\u00eatre debout lors de la prise de vue, avec un dos bien droit, des \u00e9paules rel\u00e2ch\u00e9es, les bras \u00e9ventuellement crois\u00e9s ou avec une main dans la poche. Pensez \u00e9galement aux \u00e9paules. Le plus coh\u00e9rent est d\u2019avoir l\u2019\u00e9paule gauche en arri\u00e8re, afin d\u2019avoir le corps tourn\u00e9 vers la personne qui regarde votre profil. la photo apparaissant en haut \u00e0 gauche de la page. <\/p>\n<p>N&rsquo;oubliez pas de bien regarder l\u2019objectif et de sourire\u2026 L\u00e9ger le sourire, pas de fous rires qui font ressortir toutes les rides.<\/p>\n<h3 data-fusion-font=\"true\" style=\"font-size: 20px; color: rgb(0, 0, 0);\">On ne transpire pas\u2026. <\/h3>\n<p>Ca parait b\u00eate dit comme \u00e7a, mais si vous saviez combien j\u2019ai vu de photos g\u00e2ch\u00e9es par un cr\u00e2ne luisant ou des pommettes r\u00e9fl\u00e9chissantes. Le plus souvent, les femmes ont du fond de teint en poudre qu&rsquo;elles pourront appliquer (avec parcimonie). Pour les hommes, pr\u00e9voyez des lingettes matifiantes qui se trouvent ais\u00e9ment chez tous les S\u00e9phora.<\/p>\n<h3 style=\"color: rgb(0, 0, 0); font-size: 20px;\" data-fusion-font=\"true\">Le post-traitement<\/h3>\n<p>La prise de vue n\u2019est que la premi\u00e8re partie, vient le post-traitement (sur un logiciel type photoshop) comme la correction de la colorim\u00e9trie, la suppression de d\u00e9fauts disgracieux (boutons, taches\u2026), et l&rsquo;\u00e9dition au bon format num\u00e9rique, 400px par 400px, en couleur ou noir et blanc.<\/p>\n<h3 data-fusion-font=\"true\" style=\"font-size: 20px; color: rgb(0, 0, 0);\">Offrez-vous les service d\u2019un photographe<\/h3>\n<p>Si vous vous sentez capable de ma\u00eetriser tous ces d\u00e9tails, vous n\u2019avez effectivement pas besoin d\u2019un photographe professionnel pour votre photo de profil LinkedIn. Dans le cas contraire, n\u2019h\u00e9sitez pas \u00e0 faire appel \u00e0 un photographe dont c\u2019est le m\u00e9tier. Il saura vous conseiller, vous mettra \u00e0 l\u2019aise devant son objectif. <\/p>\n<h2 data-fusion-font=\"true\" style=\"font-size: 23px; color: rgb(0, 0, 0);\">Contactez-moi\u2026 <\/h2>\n<p><a href=\"#contact1\">N\u2019h\u00e9sitez pas \u00e0 me contacter pour que nous concevions ensemble votre projet.<\/a><\/p>\n<\/div><div ><a class=\"fusion-button button-flat button-medium button-custom fusion-button-default button-1 fusion-button-default-span fusion-button-default-type\" style=\"--button_accent_color:var(--awb-color7);--button_border_color:var(--awb-color8);--button_accent_hover_color:var(--awb-color5);--button_border_hover_color:var(--awb-color5);--button_border_width-top:1px;--button_border_width-right:1px;--button_border_width-bottom:1px;--button_border_width-left:1px;--button_gradient_top_color:var(--awb-color1);--button_gradient_bottom_color:var(--awb-color1);--button_gradient_top_color_hover:var(--awb-color1);--button_gradient_bottom_color_hover:var(--awb-color1);--button_margin-top:30px;--button_margin-bottom:30px;width:calc(100%);\" target=\"_self\" href=\"#contact1\"><span class=\"fusion-button-text\">Besoin d&rsquo;un photographe pour votre portrait  ? Contactez-moi&#8230;<\/span><\/a><\/div><\/div><\/div><div class=\"fusion-layout-column fusion_builder_column fusion-builder-column-2 fusion_builder_column_1_4 1_4 fusion-flex-column\" style=\"--awb-bg-size:cover;--awb-width-large:25%;--awb-margin-top-large:0px;--awb-spacing-right-large:7.68%;--awb-margin-bottom-large:0px;--awb-spacing-left-large:7.68%;--awb-width-medium:100%;--awb-order-medium:0;--awb-spacing-right-medium:1.92%;--awb-spacing-left-medium:1.92%;--awb-width-small:100%;--awb-order-small:0;--awb-spacing-right-small:1.92%;--awb-spacing-left-small:1.92%;\"><div class=\"fusion-column-wrapper fusion-column-has-shadow fusion-flex-justify-content-flex-start fusion-content-layout-column\"><\/div><\/div><div class=\"fusion-layout-column fusion_builder_column fusion-builder-column-3 fusion_builder_column_1_2 1_2 fusion-flex-column\" style=\"--awb-padding-top:10px;--awb-padding-right:30px;--awb-padding-bottom:30px;--awb-padding-left:30px;--awb-bg-color:rgba(120,155,157,0.31);--awb-bg-color-hover:rgba(120,155,157,0.31);--awb-bg-blend:overlay;--awb-bg-size:cover;--awb-border-color:var(--awb-color4);--awb-border-right:0;--awb-border-bottom:0;--awb-border-left:0;--awb-border-style:solid;--awb-width-large:50%;--awb-margin-top-large:63px;--awb-spacing-right-large:3.84%;--awb-margin-bottom-large:0px;--awb-spacing-left-large:3.84%;--awb-width-medium:100%;--awb-spacing-right-medium:1.92%;--awb-spacing-left-medium:1.92%;--awb-width-small:100%;--awb-spacing-right-small:1.92%;--awb-spacing-left-small:1.92%;\"><div class=\"fusion-column-wrapper fusion-flex-justify-content-center fusion-content-layout-column\"><div class=\"fusion-text fusion-text-2\"><h4 class=\"fusion-responsive-typography-calculated\" style=\"text-align: left; --fontsize: 24; line-height: 1.25; --minfontsize: 24; color: var(--awb-color4); font-size: 24px;\" data-fontsize=\"24\" data-lineheight=\"30px\" data-fusion-font=\"true\">Auteur :<span style=\"font-weight: normal;\"> Marc CHAZELLE<\/span><\/h4>\n<\/div><div class=\"fusion-separator\" style=\"align-self: flex-start;margin-right:auto;margin-top:0px;width:100%;max-width:130px;\"><div class=\"fusion-separator-border sep-single sep-solid\" style=\"--awb-height:20px;--awb-amount:20px;--awb-sep-color:var(--awb-color3);border-color:var(--awb-color3);border-top-width:1px;\"><\/div><\/div><div class=\"fusion-image-element \" style=\"--awb-margin-top:20px;--awb-margin-bottom:10px;--awb-caption-title-font-family:var(--h2_typography-font-family);--awb-caption-title-font-weight:var(--h2_typography-font-weight);--awb-caption-title-font-style:var(--h2_typography-font-style);--awb-caption-title-size:var(--h2_typography-font-size);--awb-caption-title-transform:var(--h2_typography-text-transform);--awb-caption-title-line-height:var(--h2_typography-line-height);--awb-caption-title-letter-spacing:var(--h2_typography-letter-spacing);\"><span class=\" fusion-imageframe imageframe-none imageframe-2 hover-type-none\"><img decoding=\"async\" width=\"1064\" height=\"1600\" title=\"portrait nb1\" src=\"https:\/\/marc-chazelle.fr\/photographe\/wp-content\/uploads\/2024\/06\/portrait-nb1.jpg\" alt class=\"img-responsive wp-image-2010\" srcset=\"https:\/\/marc-chazelle.fr\/photographe\/wp-content\/uploads\/2024\/06\/portrait-nb1-200x301.jpg 200w, https:\/\/marc-chazelle.fr\/photographe\/wp-content\/uploads\/2024\/06\/portrait-nb1-400x602.jpg 400w, https:\/\/marc-chazelle.fr\/photographe\/wp-content\/uploads\/2024\/06\/portrait-nb1-600x902.jpg 600w, https:\/\/marc-chazelle.fr\/photographe\/wp-content\/uploads\/2024\/06\/portrait-nb1-800x1203.jpg 800w, https:\/\/marc-chazelle.fr\/photographe\/wp-content\/uploads\/2024\/06\/portrait-nb1.jpg 1064w\" sizes=\"(max-width: 800px) 100vw, (max-width: 640px) 100vw, 600px\" \/><\/span><\/div><div class=\"fusion-text fusion-text-3\"><p><span data-fusion-font=\"true\" data-fusion-google-font=\"Roboto\" data-fusion-google-variant=\"300\">Artisan photographe passionn\u00e9<\/span><span data-fusion-font=\"true\" data-fusion-google-font=\"Roboto\" data-fusion-google-variant=\"300\">, install\u00e9 sur la c\u00f4te normande, je parcours depuis 15 ans la Normandie et la France pour accompagner les entreprises, les collectivit\u00e9s locales et les particuliers dans leurs projets photographiques et audiovisuels.<\/span><\/p>\n<\/div><div style=\"text-align:center;\"><a class=\"fusion-button button-flat button-small button-custom fusion-button-default button-2 fusion-button-default-span fusion-button-default-type\" style=\"--button_accent_color:#000000;--button_border_color:#000000;--button_accent_hover_color:var(--awb-color5);--button_border_hover_color:var(--awb-color5);--button_border_width-top:1px;--button_border_width-right:1px;--button_border_width-bottom:1px;--button_border_width-left:1px;--button_gradient_top_color:var(--awb-color1);--button_gradient_bottom_color:var(--awb-color1);--button_gradient_top_color_hover:var(--awb-color1);--button_gradient_bottom_color_hover:var(--awb-color1);--button_margin-top:0px;width:calc(100%);\" target=\"_self\" href=\"#\"><span class=\"fusion-button-text\">En savoir encore plus&#8230;<\/span><\/a><\/div><div class=\"fusion-text fusion-text-4\"><h4 class=\"fusion-responsive-typography-calculated\" style=\"text-align: left; --fontsize: 24; line-height: 1.25; --minfontsize: 24; color: var(--awb-color4);\" data-fontsize=\"24\" data-lineheight=\"30px\">Contactez-moi<\/h4>\n<\/div><div class=\"fusion-separator\" style=\"align-self: flex-start;margin-right:auto;margin-top:0px;margin-bottom:30px;width:100%;max-width:130px;\"><div class=\"fusion-separator-border sep-single sep-solid\" style=\"--awb-height:20px;--awb-amount:20px;--awb-sep-color:var(--awb-color3);border-color:var(--awb-color3);border-top-width:1px;\"><\/div><\/div><div class=\"fusion-text fusion-text-5\"><p>Tel : +33(0)6.22.74.17.86<br \/>\nEmail: <a href=\"mailto:info@company.com\">c<\/a>hazelle.marc@gmail.com<\/p>\n<p>Beuvron-en-Auge &#8211; Normandie<br \/>\nOrmesson &#8211; R\u00e9gion Parisienne<\/p>\n<\/div><div class=\"fusion-separator fusion-full-width-sep\" style=\"align-self: center;margin-left: auto;margin-right: auto;margin-top:10px;width:100%;\"><\/div><div class=\"fusion-social-links fusion-social-links-1\" style=\"--awb-margin-top:0px;--awb-margin-right:0px;--awb-margin-bottom:0px;--awb-margin-left:0px;--awb-alignment:center;--awb-box-border-top:0px;--awb-box-border-right:0px;--awb-box-border-bottom:0px;--awb-box-border-left:0px;--awb-icon-colors-hover:rgba(29,32,40,0.8);--awb-box-colors-hover:rgba(255,255,255,0.8);--awb-box-border-color:var(--awb-color3);--awb-box-border-color-hover:var(--awb-color4);\"><div class=\"fusion-social-networks boxed-icons color-type-custom\"><div class=\"fusion-social-networks-wrapper\"><a class=\"fusion-social-network-icon fusion-tooltip fusion-facebook awb-icon-facebook\" style=\"color:var(--awb-color4);font-size:20px;width:20px;background-color:rgba(120,155,157,0);border-color:rgba(120,155,157,0);border-radius:0px;\" data-placement=\"top\" data-title=\"Facebook\" data-toggle=\"tooltip\" title=\"Facebook\" aria-label=\"facebook\" target=\"_blank\" rel=\"noopener noreferrer\" href=\"https:\/\/www.facebook.com\/marc.chazelle.photographe\"><\/a><a class=\"fusion-social-network-icon fusion-tooltip fusion-instagram awb-icon-instagram\" style=\"color:var(--awb-color4);font-size:20px;width:20px;background-color:rgba(120,155,157,0);border-color:rgba(120,155,157,0);border-radius:0px;\" data-placement=\"top\" data-title=\"Instagram\" data-toggle=\"tooltip\" title=\"Instagram\" aria-label=\"instagram\" target=\"_blank\" rel=\"noopener noreferrer\" href=\"https:\/\/www.instagram.com\/marc.chazelle.photographe\/\"><\/a><a class=\"fusion-social-network-icon fusion-tooltip fusion-linkedin awb-icon-linkedin\" style=\"color:var(--awb-color4);font-size:20px;width:20px;background-color:rgba(120,155,157,0);border-color:rgba(120,155,157,0);border-radius:0px;\" data-placement=\"top\" data-title=\"LinkedIn\" data-toggle=\"tooltip\" title=\"LinkedIn\" aria-label=\"linkedin\" target=\"_blank\" rel=\"noopener noreferrer\" href=\"https:\/\/www.linkedin.com\/in\/marc-chazelle-photographe\/\"><\/a><\/div><\/div><\/div><div class=\"fusion-separator fusion-full-width-sep\" style=\"align-self: center;margin-left: auto;margin-right: auto;margin-top:25px;width:100%;\"><\/div><div style=\"text-align:center;\"><a class=\"fusion-button button-flat button-medium button-default fusion-button-default button-3 fusion-button-default-span fusion-button-default-type\" style=\"width:calc(100%);\" target=\"_blank\" rel=\"noopener noreferrer\" href=\"#contact1\"><span class=\"fusion-button-text\">Contactez-moi<\/span><\/a><\/div><\/div><\/div><div class=\"fusion-layout-column fusion_builder_column fusion-builder-column-4 fusion_builder_column_1_4 1_4 fusion-flex-column\" style=\"--awb-bg-size:cover;--awb-width-large:25%;--awb-margin-top-large:0px;--awb-spacing-right-large:7.68%;--awb-margin-bottom-large:0px;--awb-spacing-left-large:7.68%;--awb-width-medium:100%;--awb-order-medium:0;--awb-spacing-right-medium:1.92%;--awb-spacing-left-medium:1.92%;--awb-width-small:100%;--awb-order-small:0;--awb-spacing-right-small:1.92%;--awb-spacing-left-small:1.92%;\"><div class=\"fusion-column-wrapper fusion-column-has-shadow fusion-flex-justify-content-flex-start fusion-content-layout-column\"><\/div><\/div><\/div><\/div><div class=\"fusion-fullwidth fullwidth-box fusion-builder-row-2 fusion-flex-container has-pattern-background has-mask-background hundred-percent-fullwidth non-hundred-percent-height-scrolling\" style=\"--awb-border-radius-top-left:0px;--awb-border-radius-top-right:0px;--awb-border-radius-bottom-right:0px;--awb-border-radius-bottom-left:0px;--awb-background-color:var(--awb-color1);--awb-flex-wrap:wrap;\" ><div class=\"fusion-builder-row fusion-row fusion-flex-align-items-flex-start fusion-flex-content-wrap\" style=\"width:104% !important;max-width:104% !important;margin-left: calc(-4% \/ 2 );margin-right: calc(-4% \/ 2 );\"><div class=\"fusion-layout-column fusion_builder_column fusion-builder-column-5 fusion_builder_column_1_1 1_1 fusion-flex-column\" style=\"--awb-bg-size:cover;--awb-width-large:100%;--awb-margin-top-large:30px;--awb-spacing-right-large:1.92%;--awb-margin-bottom-large:30px;--awb-spacing-left-large:1.92%;--awb-width-medium:100%;--awb-order-medium:0;--awb-spacing-right-medium:1.92%;--awb-spacing-left-medium:1.92%;--awb-width-small:100%;--awb-order-small:0;--awb-spacing-right-small:1.92%;--awb-spacing-left-small:1.92%;\"><div class=\"fusion-column-wrapper fusion-column-has-shadow fusion-flex-justify-content-flex-start fusion-content-layout-column\"><\/div><\/div><div class=\"fusion-layout-column fusion_builder_column fusion-builder-column-6 fusion_builder_column_1_1 1_1 fusion-flex-column\" style=\"--awb-bg-blend:overlay;--awb-bg-size:cover;--awb-width-large:100%;--awb-margin-top-large:0px;--awb-spacing-right-large:1.92%;--awb-margin-bottom-large:0px;--awb-spacing-left-large:1.92%;--awb-width-medium:100%;--awb-spacing-right-medium:1.92%;--awb-spacing-left-medium:1.92%;--awb-width-small:100%;--awb-spacing-right-small:1.92%;--awb-spacing-left-small:1.92%;\"><div class=\"fusion-column-wrapper fusion-flex-justify-content-flex-start fusion-content-layout-column\"><div class=\"fusion-separator fusion-full-width-sep\" style=\"align-self: center;margin-left: auto;margin-right: auto;margin-top:50px;width:100%;\"><\/div><div class=\"fusion-section-separator section-separator slant fusion-section-separator-1\" style=\"--awb-spacer-height:99px;--awb-svg-margin-left:1.92%;--awb-svg-margin-right:1.92%;--awb-svg-margin-left-medium:1.92%;--awb-svg-margin-right-medium:1.92%;--awb-svg-margin-left-small:1.92%;--awb-svg-margin-right-small:1.92%;--awb-divider-height:99px;--awb-spacer-padding-top:inherit;--awb-sep-padding:0;--awb-svg-padding:0;--awb-svg-tag-margin-bottom:-3px;--awb-sep-svg-display:block;\"><div class=\"fusion-section-separator-svg\"><svg class=\"fusion-slant-candy\" xmlns=\"http:\/\/www.w3.org\/2000\/svg\" version=\"1.1\" width=\"100%\" height=\"100\" viewBox=\"0 0 100 100\" preserveAspectRatio=\"none\" fill=\"rgba(120,155,157,1)\"><path d=\"M100 0 L0 100 L101 100 Z\"><\/path><\/svg><\/div><div class=\"fusion-section-separator-spacer\"><div class=\"fusion-section-separator-spacer-height\"><\/div><\/div><\/div><\/div><\/div><\/div><\/div><\/p>\n","protected":false},"excerpt":{"rendered":"","protected":false},"author":1,"featured_media":3675,"comment_status":"open","ping_status":"open","sticky":false,"template":"","format":"standard","meta":{"footnotes":""},"categories":[49,54,51],"tags":[56],"class_list":["post-4361","post","type-post","status-publish","format-standard","has-post-thumbnail","hentry","category-photo-dentreprise","category-portrait-dentreprise","category-services","tag-photo-evenementielle"],"yoast_head":"<!-- This site is optimized with the Yoast SEO plugin v23.5 - https:\/\/yoast.com\/wordpress\/plugins\/seo\/ -->\n<title>L\u2019importance de la photo dans votre profil LinkedIn - Marc CHAZELLE Photographe d&#039;entreprise - Normandie &amp; Paris<\/title>\n<meta name=\"description\" content=\"Boostez votre visibilit\u00e9 sur LinkedIn avec une photo de profil professionnelle ! D\u00e9couvrez pourquoi un portrait soign\u00e9 renforce votre image et attire les bonnes opportunit\u00e9s.\" \/>\n<meta name=\"robots\" content=\"index, follow, max-snippet:-1, max-image-preview:large, max-video-preview:-1\" \/>\n<link rel=\"canonical\" href=\"https:\/\/marc-chazelle.fr\/photographe\/limportance-de-photo-profil-linkedin\/\" \/>\n<meta property=\"og:locale\" content=\"fr_FR\" \/>\n<meta property=\"og:type\" content=\"article\" \/>\n<meta property=\"og:title\" content=\"L\u2019importance de la photo dans votre profil LinkedIn - Marc CHAZELLE Photographe d&#039;entreprise - Normandie &amp; Paris\" \/>\n<meta property=\"og:description\" content=\"Boostez votre visibilit\u00e9 sur LinkedIn avec une photo de profil professionnelle ! D\u00e9couvrez pourquoi un portrait soign\u00e9 renforce votre image et attire les bonnes opportunit\u00e9s.\" \/>\n<meta property=\"og:url\" content=\"https:\/\/marc-chazelle.fr\/photographe\/limportance-de-photo-profil-linkedin\/\" \/>\n<meta property=\"og:site_name\" content=\"Marc CHAZELLE Photographe d&#039;entreprise - Normandie &amp; Paris\" \/>\n<meta property=\"article:publisher\" content=\"https:\/\/www.facebook.com\/marc.chazelle.photographe\/\" \/>\n<meta property=\"article:published_time\" content=\"2025-02-04T15:32:38+00:00\" \/>\n<meta property=\"article:modified_time\" content=\"2025-02-04T15:47:07+00:00\" \/>\n<meta property=\"og:image\" content=\"https:\/\/marc-chazelle.fr\/photographe\/wp-content\/uploads\/2024\/09\/photographe-de-portrait-dentreprise.webp\" \/>\n\t<meta property=\"og:image:width\" content=\"1920\" \/>\n\t<meta property=\"og:image:height\" content=\"1080\" \/>\n\t<meta property=\"og:image:type\" content=\"image\/webp\" \/>\n<meta name=\"author\" content=\"photo\" \/>\n<meta name=\"twitter:card\" content=\"summary_large_image\" \/>\n<meta name=\"twitter:label1\" content=\"\u00c9crit par\" \/>\n\t<meta name=\"twitter:data1\" content=\"photo\" \/>\n\t<meta name=\"twitter:label2\" content=\"Dur\u00e9e de lecture estim\u00e9e\" \/>\n\t<meta name=\"twitter:data2\" content=\"10 minutes\" \/>\n<script type=\"application\/ld+json\" class=\"yoast-schema-graph\">{\"@context\":\"https:\/\/schema.org\",\"@graph\":[{\"@type\":\"Article\",\"@id\":\"https:\/\/marc-chazelle.fr\/photographe\/limportance-de-photo-profil-linkedin\/#article\",\"isPartOf\":{\"@id\":\"https:\/\/marc-chazelle.fr\/photographe\/limportance-de-photo-profil-linkedin\/\"},\"author\":{\"name\":\"photo\",\"@id\":\"https:\/\/marc-chazelle.fr\/photographe\/#\/schema\/person\/2b730ad5b9bdeb913331ed633c91100d\"},\"headline\":\"L\u2019importance de la photo dans votre profil LinkedIn\",\"datePublished\":\"2025-02-04T15:32:38+00:00\",\"dateModified\":\"2025-02-04T15:47:07+00:00\",\"mainEntityOfPage\":{\"@id\":\"https:\/\/marc-chazelle.fr\/photographe\/limportance-de-photo-profil-linkedin\/\"},\"wordCount\":3364,\"commentCount\":0,\"publisher\":{\"@id\":\"https:\/\/marc-chazelle.fr\/photographe\/#organization\"},\"image\":{\"@id\":\"https:\/\/marc-chazelle.fr\/photographe\/limportance-de-photo-profil-linkedin\/#primaryimage\"},\"thumbnailUrl\":\"https:\/\/marc-chazelle.fr\/photographe\/wp-content\/uploads\/2024\/09\/photographe-de-portrait-dentreprise.webp\",\"keywords\":[\"Photo \u00e9v\u00e8nementielle\"],\"articleSection\":[\"Photo d'entreprise\",\"portrait d'entreprise\",\"Services\"],\"inLanguage\":\"fr-FR\",\"potentialAction\":[{\"@type\":\"CommentAction\",\"name\":\"Comment\",\"target\":[\"https:\/\/marc-chazelle.fr\/photographe\/limportance-de-photo-profil-linkedin\/#respond\"]}]},{\"@type\":\"WebPage\",\"@id\":\"https:\/\/marc-chazelle.fr\/photographe\/limportance-de-photo-profil-linkedin\/\",\"url\":\"https:\/\/marc-chazelle.fr\/photographe\/limportance-de-photo-profil-linkedin\/\",\"name\":\"L\u2019importance de la photo dans votre profil LinkedIn - Marc CHAZELLE Photographe d&#039;entreprise - Normandie &amp; Paris\",\"isPartOf\":{\"@id\":\"https:\/\/marc-chazelle.fr\/photographe\/#website\"},\"primaryImageOfPage\":{\"@id\":\"https:\/\/marc-chazelle.fr\/photographe\/limportance-de-photo-profil-linkedin\/#primaryimage\"},\"image\":{\"@id\":\"https:\/\/marc-chazelle.fr\/photographe\/limportance-de-photo-profil-linkedin\/#primaryimage\"},\"thumbnailUrl\":\"https:\/\/marc-chazelle.fr\/photographe\/wp-content\/uploads\/2024\/09\/photographe-de-portrait-dentreprise.webp\",\"datePublished\":\"2025-02-04T15:32:38+00:00\",\"dateModified\":\"2025-02-04T15:47:07+00:00\",\"description\":\"Boostez votre visibilit\u00e9 sur LinkedIn avec une photo de profil professionnelle ! D\u00e9couvrez pourquoi un portrait soign\u00e9 renforce votre image et attire les bonnes opportunit\u00e9s.\",\"breadcrumb\":{\"@id\":\"https:\/\/marc-chazelle.fr\/photographe\/limportance-de-photo-profil-linkedin\/#breadcrumb\"},\"inLanguage\":\"fr-FR\",\"potentialAction\":[{\"@type\":\"ReadAction\",\"target\":[\"https:\/\/marc-chazelle.fr\/photographe\/limportance-de-photo-profil-linkedin\/\"]}]},{\"@type\":\"ImageObject\",\"inLanguage\":\"fr-FR\",\"@id\":\"https:\/\/marc-chazelle.fr\/photographe\/limportance-de-photo-profil-linkedin\/#primaryimage\",\"url\":\"https:\/\/marc-chazelle.fr\/photographe\/wp-content\/uploads\/2024\/09\/photographe-de-portrait-dentreprise.webp\",\"contentUrl\":\"https:\/\/marc-chazelle.fr\/photographe\/wp-content\/uploads\/2024\/09\/photographe-de-portrait-dentreprise.webp\",\"width\":1920,\"height\":1080,\"caption\":\"photographe de portrait d'entreprise\"},{\"@type\":\"BreadcrumbList\",\"@id\":\"https:\/\/marc-chazelle.fr\/photographe\/limportance-de-photo-profil-linkedin\/#breadcrumb\",\"itemListElement\":[{\"@type\":\"ListItem\",\"position\":1,\"name\":\"Accueil\",\"item\":\"https:\/\/marc-chazelle.fr\/photographe\/\"},{\"@type\":\"ListItem\",\"position\":2,\"name\":\"L\u2019importance de la photo dans votre profil LinkedIn\"}]},{\"@type\":\"WebSite\",\"@id\":\"https:\/\/marc-chazelle.fr\/photographe\/#website\",\"url\":\"https:\/\/marc-chazelle.fr\/photographe\/\",\"name\":\"Marc CHAZELLE Photographe d'entreprise - Normandie & Paris\",\"description\":\"\",\"publisher\":{\"@id\":\"https:\/\/marc-chazelle.fr\/photographe\/#organization\"},\"potentialAction\":[{\"@type\":\"SearchAction\",\"target\":{\"@type\":\"EntryPoint\",\"urlTemplate\":\"https:\/\/marc-chazelle.fr\/photographe\/?s={search_term_string}\"},\"query-input\":{\"@type\":\"PropertyValueSpecification\",\"valueRequired\":true,\"valueName\":\"search_term_string\"}}],\"inLanguage\":\"fr-FR\"},{\"@type\":\"Organization\",\"@id\":\"https:\/\/marc-chazelle.fr\/photographe\/#organization\",\"name\":\"Marc CHAZELLE Photographe d'entreprise - Normandie & Paris\",\"url\":\"https:\/\/marc-chazelle.fr\/photographe\/\",\"logo\":{\"@type\":\"ImageObject\",\"inLanguage\":\"fr-FR\",\"@id\":\"https:\/\/marc-chazelle.fr\/photographe\/#\/schema\/logo\/image\/\",\"url\":\"https:\/\/marc-chazelle.fr\/photographe\/wp-content\/uploads\/2024\/09\/appareil-photo-1-copie.webp\",\"contentUrl\":\"https:\/\/marc-chazelle.fr\/photographe\/wp-content\/uploads\/2024\/09\/appareil-photo-1-copie.webp\",\"width\":2000,\"height\":2000,\"caption\":\"Marc CHAZELLE Photographe d'entreprise - Normandie & Paris\"},\"image\":{\"@id\":\"https:\/\/marc-chazelle.fr\/photographe\/#\/schema\/logo\/image\/\"},\"sameAs\":[\"https:\/\/www.facebook.com\/marc.chazelle.photographe\/\",\"https:\/\/www.instagram.com\/marc.chazelle.photographe\/\",\"https:\/\/www.linkedin.com\/in\/marc-chazelle-photographe\/\"]},{\"@type\":\"Person\",\"@id\":\"https:\/\/marc-chazelle.fr\/photographe\/#\/schema\/person\/2b730ad5b9bdeb913331ed633c91100d\",\"name\":\"photo\",\"image\":{\"@type\":\"ImageObject\",\"inLanguage\":\"fr-FR\",\"@id\":\"https:\/\/marc-chazelle.fr\/photographe\/#\/schema\/person\/image\/\",\"url\":\"https:\/\/secure.gravatar.com\/avatar\/1584137e92f7a4131a7f6b5101d8657acc0a7ec479f22403a74189ea46bf5169?s=96&d=mm&r=g\",\"contentUrl\":\"https:\/\/secure.gravatar.com\/avatar\/1584137e92f7a4131a7f6b5101d8657acc0a7ec479f22403a74189ea46bf5169?s=96&d=mm&r=g\",\"caption\":\"photo\"},\"sameAs\":[\"https:\/\/marc-chazelle.fr\/photographe\"],\"url\":\"https:\/\/marc-chazelle.fr\/photographe\/author\/photo\/\"}]}<\/script>\n<!-- \/ Yoast SEO plugin. -->","yoast_head_json":{"title":"L\u2019importance de la photo dans votre profil LinkedIn - Marc CHAZELLE Photographe d&#039;entreprise - Normandie &amp; Paris","description":"Boostez votre visibilit\u00e9 sur LinkedIn avec une photo de profil professionnelle ! D\u00e9couvrez pourquoi un portrait soign\u00e9 renforce votre image et attire les bonnes opportunit\u00e9s.","robots":{"index":"index","follow":"follow","max-snippet":"max-snippet:-1","max-image-preview":"max-image-preview:large","max-video-preview":"max-video-preview:-1"},"canonical":"https:\/\/marc-chazelle.fr\/photographe\/limportance-de-photo-profil-linkedin\/","og_locale":"fr_FR","og_type":"article","og_title":"L\u2019importance de la photo dans votre profil LinkedIn - Marc CHAZELLE Photographe d&#039;entreprise - Normandie &amp; Paris","og_description":"Boostez votre visibilit\u00e9 sur LinkedIn avec une photo de profil professionnelle ! D\u00e9couvrez pourquoi un portrait soign\u00e9 renforce votre image et attire les bonnes opportunit\u00e9s.","og_url":"https:\/\/marc-chazelle.fr\/photographe\/limportance-de-photo-profil-linkedin\/","og_site_name":"Marc CHAZELLE Photographe d&#039;entreprise - Normandie &amp; Paris","article_publisher":"https:\/\/www.facebook.com\/marc.chazelle.photographe\/","article_published_time":"2025-02-04T15:32:38+00:00","article_modified_time":"2025-02-04T15:47:07+00:00","og_image":[{"width":1920,"height":1080,"url":"https:\/\/marc-chazelle.fr\/photographe\/wp-content\/uploads\/2024\/09\/photographe-de-portrait-dentreprise.webp","type":"image\/webp"}],"author":"photo","twitter_card":"summary_large_image","twitter_misc":{"\u00c9crit par":"photo","Dur\u00e9e de lecture estim\u00e9e":"10 minutes"},"schema":{"@context":"https:\/\/schema.org","@graph":[{"@type":"Article","@id":"https:\/\/marc-chazelle.fr\/photographe\/limportance-de-photo-profil-linkedin\/#article","isPartOf":{"@id":"https:\/\/marc-chazelle.fr\/photographe\/limportance-de-photo-profil-linkedin\/"},"author":{"name":"photo","@id":"https:\/\/marc-chazelle.fr\/photographe\/#\/schema\/person\/2b730ad5b9bdeb913331ed633c91100d"},"headline":"L\u2019importance de la photo dans votre profil LinkedIn","datePublished":"2025-02-04T15:32:38+00:00","dateModified":"2025-02-04T15:47:07+00:00","mainEntityOfPage":{"@id":"https:\/\/marc-chazelle.fr\/photographe\/limportance-de-photo-profil-linkedin\/"},"wordCount":3364,"commentCount":0,"publisher":{"@id":"https:\/\/marc-chazelle.fr\/photographe\/#organization"},"image":{"@id":"https:\/\/marc-chazelle.fr\/photographe\/limportance-de-photo-profil-linkedin\/#primaryimage"},"thumbnailUrl":"https:\/\/marc-chazelle.fr\/photographe\/wp-content\/uploads\/2024\/09\/photographe-de-portrait-dentreprise.webp","keywords":["Photo \u00e9v\u00e8nementielle"],"articleSection":["Photo d'entreprise","portrait d'entreprise","Services"],"inLanguage":"fr-FR","potentialAction":[{"@type":"CommentAction","name":"Comment","target":["https:\/\/marc-chazelle.fr\/photographe\/limportance-de-photo-profil-linkedin\/#respond"]}]},{"@type":"WebPage","@id":"https:\/\/marc-chazelle.fr\/photographe\/limportance-de-photo-profil-linkedin\/","url":"https:\/\/marc-chazelle.fr\/photographe\/limportance-de-photo-profil-linkedin\/","name":"L\u2019importance de la photo dans votre profil LinkedIn - Marc CHAZELLE Photographe d&#039;entreprise - Normandie &amp; Paris","isPartOf":{"@id":"https:\/\/marc-chazelle.fr\/photographe\/#website"},"primaryImageOfPage":{"@id":"https:\/\/marc-chazelle.fr\/photographe\/limportance-de-photo-profil-linkedin\/#primaryimage"},"image":{"@id":"https:\/\/marc-chazelle.fr\/photographe\/limportance-de-photo-profil-linkedin\/#primaryimage"},"thumbnailUrl":"https:\/\/marc-chazelle.fr\/photographe\/wp-content\/uploads\/2024\/09\/photographe-de-portrait-dentreprise.webp","datePublished":"2025-02-04T15:32:38+00:00","dateModified":"2025-02-04T15:47:07+00:00","description":"Boostez votre visibilit\u00e9 sur LinkedIn avec une photo de profil professionnelle ! D\u00e9couvrez pourquoi un portrait soign\u00e9 renforce votre image et attire les bonnes opportunit\u00e9s.","breadcrumb":{"@id":"https:\/\/marc-chazelle.fr\/photographe\/limportance-de-photo-profil-linkedin\/#breadcrumb"},"inLanguage":"fr-FR","potentialAction":[{"@type":"ReadAction","target":["https:\/\/marc-chazelle.fr\/photographe\/limportance-de-photo-profil-linkedin\/"]}]},{"@type":"ImageObject","inLanguage":"fr-FR","@id":"https:\/\/marc-chazelle.fr\/photographe\/limportance-de-photo-profil-linkedin\/#primaryimage","url":"https:\/\/marc-chazelle.fr\/photographe\/wp-content\/uploads\/2024\/09\/photographe-de-portrait-dentreprise.webp","contentUrl":"https:\/\/marc-chazelle.fr\/photographe\/wp-content\/uploads\/2024\/09\/photographe-de-portrait-dentreprise.webp","width":1920,"height":1080,"caption":"photographe de portrait d'entreprise"},{"@type":"BreadcrumbList","@id":"https:\/\/marc-chazelle.fr\/photographe\/limportance-de-photo-profil-linkedin\/#breadcrumb","itemListElement":[{"@type":"ListItem","position":1,"name":"Accueil","item":"https:\/\/marc-chazelle.fr\/photographe\/"},{"@type":"ListItem","position":2,"name":"L\u2019importance de la photo dans votre profil LinkedIn"}]},{"@type":"WebSite","@id":"https:\/\/marc-chazelle.fr\/photographe\/#website","url":"https:\/\/marc-chazelle.fr\/photographe\/","name":"Marc CHAZELLE Photographe d'entreprise - Normandie & Paris","description":"","publisher":{"@id":"https:\/\/marc-chazelle.fr\/photographe\/#organization"},"potentialAction":[{"@type":"SearchAction","target":{"@type":"EntryPoint","urlTemplate":"https:\/\/marc-chazelle.fr\/photographe\/?s={search_term_string}"},"query-input":{"@type":"PropertyValueSpecification","valueRequired":true,"valueName":"search_term_string"}}],"inLanguage":"fr-FR"},{"@type":"Organization","@id":"https:\/\/marc-chazelle.fr\/photographe\/#organization","name":"Marc CHAZELLE Photographe d'entreprise - Normandie & Paris","url":"https:\/\/marc-chazelle.fr\/photographe\/","logo":{"@type":"ImageObject","inLanguage":"fr-FR","@id":"https:\/\/marc-chazelle.fr\/photographe\/#\/schema\/logo\/image\/","url":"https:\/\/marc-chazelle.fr\/photographe\/wp-content\/uploads\/2024\/09\/appareil-photo-1-copie.webp","contentUrl":"https:\/\/marc-chazelle.fr\/photographe\/wp-content\/uploads\/2024\/09\/appareil-photo-1-copie.webp","width":2000,"height":2000,"caption":"Marc CHAZELLE Photographe d'entreprise - Normandie & Paris"},"image":{"@id":"https:\/\/marc-chazelle.fr\/photographe\/#\/schema\/logo\/image\/"},"sameAs":["https:\/\/www.facebook.com\/marc.chazelle.photographe\/","https:\/\/www.instagram.com\/marc.chazelle.photographe\/","https:\/\/www.linkedin.com\/in\/marc-chazelle-photographe\/"]},{"@type":"Person","@id":"https:\/\/marc-chazelle.fr\/photographe\/#\/schema\/person\/2b730ad5b9bdeb913331ed633c91100d","name":"photo","image":{"@type":"ImageObject","inLanguage":"fr-FR","@id":"https:\/\/marc-chazelle.fr\/photographe\/#\/schema\/person\/image\/","url":"https:\/\/secure.gravatar.com\/avatar\/1584137e92f7a4131a7f6b5101d8657acc0a7ec479f22403a74189ea46bf5169?s=96&d=mm&r=g","contentUrl":"https:\/\/secure.gravatar.com\/avatar\/1584137e92f7a4131a7f6b5101d8657acc0a7ec479f22403a74189ea46bf5169?s=96&d=mm&r=g","caption":"photo"},"sameAs":["https:\/\/marc-chazelle.fr\/photographe"],"url":"https:\/\/marc-chazelle.fr\/photographe\/author\/photo\/"}]}},"_links":{"self":[{"href":"https:\/\/marc-chazelle.fr\/photographe\/wp-json\/wp\/v2\/posts\/4361","targetHints":{"allow":["GET"]}}],"collection":[{"href":"https:\/\/marc-chazelle.fr\/photographe\/wp-json\/wp\/v2\/posts"}],"about":[{"href":"https:\/\/marc-chazelle.fr\/photographe\/wp-json\/wp\/v2\/types\/post"}],"author":[{"embeddable":true,"href":"https:\/\/marc-chazelle.fr\/photographe\/wp-json\/wp\/v2\/users\/1"}],"replies":[{"embeddable":true,"href":"https:\/\/marc-chazelle.fr\/photographe\/wp-json\/wp\/v2\/comments?post=4361"}],"version-history":[{"count":0,"href":"https:\/\/marc-chazelle.fr\/photographe\/wp-json\/wp\/v2\/posts\/4361\/revisions"}],"wp:featuredmedia":[{"embeddable":true,"href":"https:\/\/marc-chazelle.fr\/photographe\/wp-json\/wp\/v2\/media\/3675"}],"wp:attachment":[{"href":"https:\/\/marc-chazelle.fr\/photographe\/wp-json\/wp\/v2\/media?parent=4361"}],"wp:term":[{"taxonomy":"category","embeddable":true,"href":"https:\/\/marc-chazelle.fr\/photographe\/wp-json\/wp\/v2\/categories?post=4361"},{"taxonomy":"post_tag","embeddable":true,"href":"https:\/\/marc-chazelle.fr\/photographe\/wp-json\/wp\/v2\/tags?post=4361"}],"curies":[{"name":"wp","href":"https:\/\/api.w.org\/{rel}","templated":true}]}}