{"id":4365,"date":"2025-02-05T09:41:29","date_gmt":"2025-02-05T08:41:29","guid":{"rendered":"https:\/\/marc-chazelle.fr\/photographe\/?p=4365"},"modified":"2025-02-16T07:16:59","modified_gmt":"2025-02-16T06:16:59","slug":"la-photo-pro-referencement-local","status":"publish","type":"post","link":"https:\/\/marc-chazelle.fr\/photographe\/la-photo-pro-referencement-local\/","title":{"rendered":"La photo pro : l&rsquo;alli\u00e9 incontournable du r\u00e9f\u00e9rencement local"},"content":{"rendered":"<p><div class=\"fusion-fullwidth fullwidth-box fusion-builder-row-1 fusion-flex-container nonhundred-percent-fullwidth non-hundred-percent-height-scrolling\" style=\"--awb-background-position:left top;--awb-border-sizes-top:0px;--awb-border-sizes-bottom:0px;--awb-border-sizes-left:0px;--awb-border-sizes-right:0px;--awb-border-radius-top-left:0px;--awb-border-radius-top-right:0px;--awb-border-radius-bottom-right:0px;--awb-border-radius-bottom-left:0px;--awb-padding-top:0px;--awb-margin-top:0px;--awb-background-color:#ffffff;--awb-flex-wrap:wrap;\" ><div class=\"fusion-builder-row fusion-row fusion-flex-align-items-flex-start fusion-flex-content-wrap\" style=\"max-width:1216.8px;margin-left: calc(-4% \/ 2 );margin-right: calc(-4% \/ 2 );\"><div class=\"fusion-layout-column fusion_builder_column fusion-builder-column-0 fusion_builder_column_1_1 1_1 fusion-flex-column\" style=\"--awb-padding-top:107px;--awb-padding-bottom:192px;--awb-bg-color:var(--awb-color1);--awb-bg-color-hover:var(--awb-color1);--awb-bg-image:linear-gradient(180deg, rgba(182,181,183,0.48) 0%,rgba(182,181,183,0.48) 100%),url(https:\/\/marc-chazelle.fr\/photographe\/wp-content\/uploads\/2025\/02\/Salle-du-restaurant-le-bouche-a-oreille-cabourg.jpg);;--awb-bg-size:cover;--awb-width-large:100%;--awb-margin-top-large:0px;--awb-spacing-right-large:1.92%;--awb-margin-bottom-large:0px;--awb-spacing-left-large:1.92%;--awb-width-medium:100%;--awb-order-medium:0;--awb-spacing-right-medium:1.92%;--awb-spacing-left-medium:1.92%;--awb-width-small:100%;--awb-order-small:0;--awb-spacing-right-small:1.92%;--awb-spacing-left-small:1.92%;\"><div class=\"fusion-column-wrapper fusion-column-has-shadow fusion-flex-justify-content-flex-start fusion-content-layout-column fusion-column-has-bg-image\" data-bg-url=\"https:\/\/marc-chazelle.fr\/photographe\/wp-content\/uploads\/2025\/02\/Salle-du-restaurant-le-bouche-a-oreille-cabourg.jpg\"><div class=\"fusion-title title fusion-title-1 fusion-title-center fusion-title-text fusion-title-size-one\" style=\"--awb-text-color:var(--awb-color1);--awb-margin-bottom:-45px;--awb-font-size:45px;\"><div class=\"title-sep-container title-sep-container-left\"><div class=\"title-sep sep- sep-solid\" style=\"border-color:var(--awb-color7);\"><\/div><\/div><span class=\"awb-title-spacer\"><\/span><h1 class=\"fusion-title-heading title-heading-center fusion-responsive-typography-calculated\" style=\"margin:0;font-size:1em;letter-spacing:;--fontSize:45;line-height:1;\"><div class=\"mtheme-supercell clearfix \">\n<div class=\"mtheme-cell-wrap\">\n<div id=\"mtheme-block-1\" class=\"mtheme-block mtheme-block-em_sectionheading span12 mtheme-first-cell \" data-width=\"12\">\n<div class=\"section-heading animated fadeIn section-align-center animation-action\">\n<p>La photo pro : l&rsquo;alli\u00e9 incontournable du r\u00e9f\u00e9rencement local<\/p>\n<\/div>\n<\/div>\n<\/div>\n<\/div><\/h1><span class=\"awb-title-spacer\"><\/span><div class=\"title-sep-container title-sep-container-right\"><div class=\"title-sep sep- sep-solid\" style=\"border-color:var(--awb-color7);\"><\/div><\/div><\/div><div class=\"fusion-title title fusion-title-2 fusion-title-center fusion-title-text fusion-title-size-two\" style=\"--awb-text-color:var(--awb-color1);--awb-font-size:15px;\"><div class=\"title-sep-container title-sep-container-left\"><div class=\"title-sep sep- sep-solid\" style=\"border-color:var(--awb-color7);\"><\/div><\/div><span class=\"awb-title-spacer\"><\/span><h2 class=\"fusion-title-heading title-heading-center fusion-responsive-typography-calculated\" style=\"margin:0;font-size:1em;--fontSize:15;--minFontSize:15;line-height:1.2;\"><div class=\"mtheme-supercell clearfix \">\n<div class=\"mtheme-cell-wrap\">\n<div id=\"mtheme-block-1\" class=\"mtheme-block mtheme-block-em_sectionheading span12 mtheme-first-cell \" data-width=\"12\">\n<div class=\"section-heading animated fadeIn section-align-center animation-action\">\n<h3 class=\"section-subtitle fusion-responsive-typography-calculated\" style=\"--fontsize: 15; line-height: 1.6; --minfontsize: 15;\" data-fontsize=\"15\" data-lineheight=\"24px\">Conseil de photographe<\/h3>\n<\/div>\n<\/div>\n<\/div>\n<\/div><\/h2><span class=\"awb-title-spacer\"><\/span><div class=\"title-sep-container title-sep-container-right\"><div class=\"title-sep sep- sep-solid\" style=\"border-color:var(--awb-color7);\"><\/div><\/div><\/div><\/div><\/div><div class=\"fusion-layout-column fusion_builder_column fusion-builder-column-1 fusion_builder_column_1_1 1_1 fusion-flex-column\" style=\"--awb-padding-top:60px;--awb-bg-blend:overlay;--awb-bg-size:cover;--awb-width-large:100%;--awb-margin-top-large:0px;--awb-spacing-right-large:3.84%;--awb-margin-bottom-large:40px;--awb-spacing-left-large:1.92%;--awb-width-medium:100%;--awb-spacing-right-medium:1.92%;--awb-spacing-left-medium:1.92%;--awb-width-small:100%;--awb-spacing-right-small:1.92%;--awb-spacing-left-small:1.92%;\"><div class=\"fusion-column-wrapper fusion-flex-justify-content-flex-start fusion-content-layout-column\"><div class=\"fusion-text fusion-text-1\"><p><b><i>Imaginez entrer dans un restaurant o\u00f9 chaque plat est magnifiquement pr\u00e9sent\u00e9, o\u00f9 l&rsquo;ambiance lumineuse met en valeur chaque d\u00e9tail et vous donne envie de prolonger l&rsquo;exp\u00e9rience. Transposez cette sensation en ligne : votre site web, vos r\u00e9seaux sociaux, vos supports de communication sont votre vitrine, et vos photos en sont les ambassadeurs. Pour les artisans, commer\u00e7ants et producteurs locaux, des visuels percutants sont essentiels pour se distinguer.<\/i><\/b><\/p>\n<p>&nbsp;<\/p>\n<h2 style=\"font-size: 23px; color: #000000; --fontsize: 23; line-height: 1.2; --minfontsize: 23;\"><span style=\"color: var(--awb-text-color); font-family: var(--awb-text-font-family); font-size: 20px; font-style: var(--awb-text-font-style); letter-spacing: var(--awb-letter-spacing); text-align: var(--awb-content-alignment); text-transform: var(--awb-text-transform); background-color: var(--awb-bg-color-hover);\" data-fusion-font=\"true\">La photo professionnelle : un atout strat\u00e9gique<\/span><\/h2>\n<p>La photographie professionnelle est bien plus qu\u2019un simple support visuel : c\u2019est un puissant levier de communication. <b>Elle renforce l\u2019image de marque, instaure une relation de confiance et optimise la visibilit\u00e9 en ligne<\/b>. Une photo soign\u00e9e attire imm\u00e9diatement l\u2019attention et suscite l\u2019envie d\u2019en savoir plus. Que ce soit sur un site web, une fiche<u> <a href=\"https:\/\/www.google.com\/intl\/fr_fr\/business\/\">Google My Business<\/a><\/u> ou un post sur les r\u00e9seaux sociaux, des visuels de qualit\u00e9 sont la cl\u00e9 d\u2019une strat\u00e9gie digitale efficace.<\/p>\n<\/div><div class=\"fusion-image-element awb-imageframe-style awb-imageframe-style-below awb-imageframe-style-1\" style=\"--awb-caption-title-font-family:var(--body_typography-font-family);--awb-caption-title-font-weight:var(--body_typography-font-weight);--awb-caption-title-font-style:var(--body_typography-font-style);--awb-caption-title-size:12px;--awb-caption-title-transform:var(--body_typography-text-transform);--awb-caption-title-line-height:var(--body_typography-line-height);--awb-caption-title-letter-spacing:var(--body_typography-letter-spacing);\"><span class=\" fusion-imageframe imageframe-none imageframe-1 hover-type-none\"><img decoding=\"async\" width=\"1500\" height=\"1000\" alt=\"reportage restaurant l&#039;ordonnance \u00e0 lisieux\" title=\"restaurant-ordonnance-liseux-reportage-marc-chazelle-9\" src=\"https:\/\/marc-chazelle.fr\/photographe\/wp-content\/uploads\/2025\/01\/restaurant-ordonnance-liseux-reportage-marc-chazelle-9.jpg\" class=\"img-responsive wp-image-4221\" srcset=\"https:\/\/marc-chazelle.fr\/photographe\/wp-content\/uploads\/2025\/01\/restaurant-ordonnance-liseux-reportage-marc-chazelle-9-200x133.jpg 200w, https:\/\/marc-chazelle.fr\/photographe\/wp-content\/uploads\/2025\/01\/restaurant-ordonnance-liseux-reportage-marc-chazelle-9-400x267.jpg 400w, https:\/\/marc-chazelle.fr\/photographe\/wp-content\/uploads\/2025\/01\/restaurant-ordonnance-liseux-reportage-marc-chazelle-9-600x400.jpg 600w, https:\/\/marc-chazelle.fr\/photographe\/wp-content\/uploads\/2025\/01\/restaurant-ordonnance-liseux-reportage-marc-chazelle-9-800x533.jpg 800w, https:\/\/marc-chazelle.fr\/photographe\/wp-content\/uploads\/2025\/01\/restaurant-ordonnance-liseux-reportage-marc-chazelle-9-1200x800.jpg 1200w, https:\/\/marc-chazelle.fr\/photographe\/wp-content\/uploads\/2025\/01\/restaurant-ordonnance-liseux-reportage-marc-chazelle-9.jpg 1500w\" sizes=\"(max-width: 800px) 100vw, (max-width: 640px) 100vw, 1200px\" \/><\/span><div class=\"awb-imageframe-caption-container\" style=\"text-align:left;\"><div class=\"awb-imageframe-caption\"><div class=\"awb-imageframe-caption-title\">Mise en avant du commerce de proximit\u00e9<\/div><\/div><\/div><\/div><div class=\"fusion-text fusion-text-2\"><p>&nbsp;<\/p>\n<h2 style=\"font-size: 23px; color: #000000; --fontsize: 23; line-height: 1.2; --minfontsize: 23;\"><span style=\"color: var(--awb-text-color); font-family: var(--awb-text-font-family); font-size: 20px; font-style: var(--awb-text-font-style); letter-spacing: var(--awb-letter-spacing); text-align: var(--awb-content-alignment); text-transform: var(--awb-text-transform); background-color: var(--awb-bg-color-hover);\" data-fusion-font=\"true\">Capturer l\u2019instant pour marquer les esprits<\/span><\/h2>\n<p>Dans un monde o\u00f9 l\u2019information d\u00e9file \u00e0 toute vitesse, capter l\u2019attention d\u2019un prospect d\u00e9pend souvent de quelques fractions de seconde. <b>Une image forte, qui traduit fid\u00e8lement l\u2019univers et les valeurs d\u2019une entreprise, arr\u00eate le scrolling<\/b> et g\u00e9n\u00e8re de l\u2019engagement. Nos photographes et vid\u00e9astes ont l\u2019expertise pour mettre en lumi\u00e8re votre activit\u00e9 et celles de vos partenaires. Nous veillons \u00e0 ce que chaque visuel raconte une histoire authentique, reflet des savoir-faire et des identit\u00e9s locales.<\/p>\n<\/div><div class=\"fusion-text fusion-text-3\"><p>&nbsp;<\/p>\n<p style=\"font-size: 23px; color: #000000; --fontsize: 23; line-height: 1.2; --minfontsize: 23;\"><span style=\"color: var(--awb-text-color); font-family: var(--awb-text-font-family); font-size: 20px; font-style: var(--awb-text-font-style); letter-spacing: var(--awb-letter-spacing); text-align: var(--awb-content-alignment); text-transform: var(--awb-text-transform); background-color: var(--awb-bg-color-hover);\" data-fusion-font=\"true\"><b>Transformer des visiteurs en clients fid\u00e8les<\/b><\/span><\/p>\n<p>L\u2019image influence directement le comportement des consommateurs. Une s\u00e9rie de<a href=\"https:\/\/marc-chazelle.fr\/photographe\/reportage-entreprise-normandie\/\"><u> photos professionnelles<\/u><\/a> bien pens\u00e9es booste les taux de clics, renforce l\u2019attrait d\u2019une offre et am\u00e9liore l\u2019exp\u00e9rience utilisateur. Pour un commer\u00e7ant, un <a href=\"https:\/\/marc-chazelle.fr\/photographe\/photographe-pour-restaurant-et-hotel-normandie-paris\/\"><u>restaurateur <\/u><\/a>ou un artisan, <b>disposer de visuels impactant est une n\u00e9cessit\u00e9 <\/b>pour convertir les visiteurs en clients.<\/p>\n<\/div><div class=\"fusion-image-element awb-imageframe-style awb-imageframe-style-below awb-imageframe-style-2\" style=\"--awb-caption-title-font-family:var(--body_typography-font-family);--awb-caption-title-font-weight:var(--body_typography-font-weight);--awb-caption-title-font-style:var(--body_typography-font-style);--awb-caption-title-size:12px;--awb-caption-title-transform:var(--body_typography-text-transform);--awb-caption-title-line-height:var(--body_typography-line-height);--awb-caption-title-letter-spacing:var(--body_typography-letter-spacing);\"><span class=\" fusion-imageframe imageframe-none imageframe-2 hover-type-none\"><img decoding=\"async\" width=\"1200\" height=\"799\" alt=\"suite d&#039;un hotel parisien reportage photographique\" title=\"suite-hotel-normandie (1)\" src=\"https:\/\/marc-chazelle.fr\/photographe\/wp-content\/uploads\/2024\/10\/suite-hotel-normandie-1.webp\" class=\"img-responsive wp-image-3749\" srcset=\"https:\/\/marc-chazelle.fr\/photographe\/wp-content\/uploads\/2024\/10\/suite-hotel-normandie-1-66x44.webp 66w, https:\/\/marc-chazelle.fr\/photographe\/wp-content\/uploads\/2024\/10\/suite-hotel-normandie-1-177x118.webp 177w, https:\/\/marc-chazelle.fr\/photographe\/wp-content\/uploads\/2024\/10\/suite-hotel-normandie-1-200x133.webp 200w, https:\/\/marc-chazelle.fr\/photographe\/wp-content\/uploads\/2024\/10\/suite-hotel-normandie-1-300x200.webp 300w, https:\/\/marc-chazelle.fr\/photographe\/wp-content\/uploads\/2024\/10\/suite-hotel-normandie-1-320x213.webp 320w, https:\/\/marc-chazelle.fr\/photographe\/wp-content\/uploads\/2024\/10\/suite-hotel-normandie-1-400x266.webp 400w, https:\/\/marc-chazelle.fr\/photographe\/wp-content\/uploads\/2024\/10\/suite-hotel-normandie-1-460x306.webp 460w, https:\/\/marc-chazelle.fr\/photographe\/wp-content\/uploads\/2024\/10\/suite-hotel-normandie-1-540x360.webp 540w, https:\/\/marc-chazelle.fr\/photographe\/wp-content\/uploads\/2024\/10\/suite-hotel-normandie-1-600x400.webp 600w, https:\/\/marc-chazelle.fr\/photographe\/wp-content\/uploads\/2024\/10\/suite-hotel-normandie-1-669x445.webp 669w, https:\/\/marc-chazelle.fr\/photographe\/wp-content\/uploads\/2024\/10\/suite-hotel-normandie-1-700x466.webp 700w, https:\/\/marc-chazelle.fr\/photographe\/wp-content\/uploads\/2024\/10\/suite-hotel-normandie-1-768x511.webp 768w, https:\/\/marc-chazelle.fr\/photographe\/wp-content\/uploads\/2024\/10\/suite-hotel-normandie-1-800x533.webp 800w, https:\/\/marc-chazelle.fr\/photographe\/wp-content\/uploads\/2024\/10\/suite-hotel-normandie-1-940x626.webp 940w, https:\/\/marc-chazelle.fr\/photographe\/wp-content\/uploads\/2024\/10\/suite-hotel-normandie-1-1024x682.webp 1024w, https:\/\/marc-chazelle.fr\/photographe\/wp-content\/uploads\/2024\/10\/suite-hotel-normandie-1.webp 1200w\" sizes=\"(max-width: 800px) 100vw, (max-width: 640px) 100vw, 1200px\" \/><\/span><div class=\"awb-imageframe-caption-container\" style=\"text-align:left;\"><div class=\"awb-imageframe-caption\"><div class=\"awb-imageframe-caption-title\">Pr\u00e9sentation de qualit\u00e9 d'un h\u00f4tel<\/div><\/div><\/div><\/div><div class=\"fusion-text fusion-text-4\"><p>&nbsp;<\/p>\n<h2 style=\"font-size: 23px; color: #000000; --fontsize: 23; line-height: 1.2; --minfontsize: 23;\"><span style=\"color: var(--awb-text-color); font-family: var(--awb-text-font-family); font-size: var(--awb-font-size); font-style: var(--awb-text-font-style); letter-spacing: var(--awb-letter-spacing); text-align: var(--awb-content-alignment); text-transform: var(--awb-text-transform); background-color: var(--awb-bg-color-hover);\"><b style=\"font-size: 20px;\" data-fusion-font=\"true\">Le SEO au service de votre visibilit\u00e9<\/b><\/span><\/h2>\n<p>Le saviez-vous ? Des images optimis\u00e9es (titres, balises alt, descriptions strat\u00e9giques) sont de v\u00e9ritables acc\u00e9l\u00e9rateurs de r\u00e9f\u00e9rencement. En plus d\u2019am\u00e9liorer votre position sur <a href=\"https:\/\/images.google.com\/\"><u>Google Images<\/u><\/a>, <b>elles favorisent le SEO local en renfor\u00e7ant la pr\u00e9sence en ligne<\/b> de votre entreprise. Un contenu visuel de qualit\u00e9 augmente le temps de visite sur vos pages, un crit\u00e8re essentiel pour les moteurs de recherche.<\/p>\n<\/div><div class=\"fusion-image-element awb-imageframe-style awb-imageframe-style-below awb-imageframe-style-3\" style=\"--awb-caption-title-font-family:var(--body_typography-font-family);--awb-caption-title-font-weight:var(--body_typography-font-weight);--awb-caption-title-font-style:var(--body_typography-font-style);--awb-caption-title-size:12px;--awb-caption-title-transform:var(--body_typography-text-transform);--awb-caption-title-line-height:var(--body_typography-line-height);--awb-caption-title-letter-spacing:var(--body_typography-letter-spacing);\"><span class=\" fusion-imageframe imageframe-none imageframe-3 hover-type-none\"><img decoding=\"async\" width=\"1200\" height=\"798\" alt=\"artisan local et r\u00e9f\u00e9rencement local\" title=\"reportage-photo-menuisier-3\" src=\"https:\/\/marc-chazelle.fr\/photographe\/wp-content\/uploads\/2025\/02\/reportage-photo-menuisier-3.webp\" class=\"img-responsive wp-image-4369\" srcset=\"https:\/\/marc-chazelle.fr\/photographe\/wp-content\/uploads\/2025\/02\/reportage-photo-menuisier-3-66x44.webp 66w, https:\/\/marc-chazelle.fr\/photographe\/wp-content\/uploads\/2025\/02\/reportage-photo-menuisier-3-177x118.webp 177w, https:\/\/marc-chazelle.fr\/photographe\/wp-content\/uploads\/2025\/02\/reportage-photo-menuisier-3-200x133.webp 200w, https:\/\/marc-chazelle.fr\/photographe\/wp-content\/uploads\/2025\/02\/reportage-photo-menuisier-3-300x200.webp 300w, https:\/\/marc-chazelle.fr\/photographe\/wp-content\/uploads\/2025\/02\/reportage-photo-menuisier-3-320x213.webp 320w, https:\/\/marc-chazelle.fr\/photographe\/wp-content\/uploads\/2025\/02\/reportage-photo-menuisier-3-400x266.webp 400w, https:\/\/marc-chazelle.fr\/photographe\/wp-content\/uploads\/2025\/02\/reportage-photo-menuisier-3-460x306.webp 460w, https:\/\/marc-chazelle.fr\/photographe\/wp-content\/uploads\/2025\/02\/reportage-photo-menuisier-3-540x359.webp 540w, https:\/\/marc-chazelle.fr\/photographe\/wp-content\/uploads\/2025\/02\/reportage-photo-menuisier-3-600x399.webp 600w, https:\/\/marc-chazelle.fr\/photographe\/wp-content\/uploads\/2025\/02\/reportage-photo-menuisier-3-669x445.webp 669w, https:\/\/marc-chazelle.fr\/photographe\/wp-content\/uploads\/2025\/02\/reportage-photo-menuisier-3-700x466.webp 700w, https:\/\/marc-chazelle.fr\/photographe\/wp-content\/uploads\/2025\/02\/reportage-photo-menuisier-3-768x511.webp 768w, https:\/\/marc-chazelle.fr\/photographe\/wp-content\/uploads\/2025\/02\/reportage-photo-menuisier-3-800x532.webp 800w, https:\/\/marc-chazelle.fr\/photographe\/wp-content\/uploads\/2025\/02\/reportage-photo-menuisier-3-940x625.webp 940w, https:\/\/marc-chazelle.fr\/photographe\/wp-content\/uploads\/2025\/02\/reportage-photo-menuisier-3-1024x681.webp 1024w, https:\/\/marc-chazelle.fr\/photographe\/wp-content\/uploads\/2025\/02\/reportage-photo-menuisier-3.webp 1200w\" sizes=\"(max-width: 800px) 100vw, (max-width: 640px) 100vw, 1200px\" \/><\/span><div class=\"awb-imageframe-caption-container\" style=\"text-align:left;\"><div class=\"awb-imageframe-caption\"><div class=\"awb-imageframe-caption-title\">Artisan local faites valorisez votre travail<\/div><\/div><\/div><\/div><div class=\"fusion-text fusion-text-5\"><p>&nbsp;<\/p>\n<p style=\"font-size: 23px; color: #000000; --fontsize: 23; line-height: 1.2; --minfontsize: 23;\"><span style=\"color: var(--awb-text-color); font-family: var(--awb-text-font-family); font-size: 20px; font-style: var(--awb-text-font-style); letter-spacing: var(--awb-letter-spacing); text-align: var(--awb-content-alignment); text-transform: var(--awb-text-transform); background-color: var(--awb-bg-color-hover);\" data-fusion-font=\"true\"><b>Un levier de croissance incontournable<\/b><\/span><\/p>\n<p>Des entreprises comme <a href=\"https:\/\/marc-chazelle.fr\/photographe\/photographe-immobilier-en-normandie-airbnb\/\"><u>Airbnb<\/u><\/a>, <a href=\"https:\/\/www.tripadvisor.fr\/\"><u>TripAdvisor<\/u><\/a> ont d\u00e9j\u00e0 compris l\u2019impact de la photographie professionnelle dans leur strat\u00e9gie digitale. <b>En mettant en avant des visuels attractifs, elles augmentent leur trafic en ligne<\/b> et am\u00e9liorent l\u2019exp\u00e9rience utilisateur. Pourquoi ne pas suivre cette dynamique et offrir \u00e0 votre activit\u00e9 une image \u00e0 la hauteur de son ambition ?<\/p>\n<\/div><div class=\"fusion-image-element awb-imageframe-style awb-imageframe-style-below awb-imageframe-style-4\" style=\"--awb-caption-title-font-family:var(--body_typography-font-family);--awb-caption-title-font-weight:var(--body_typography-font-weight);--awb-caption-title-font-style:var(--body_typography-font-style);--awb-caption-title-size:12px;--awb-caption-title-transform:var(--body_typography-text-transform);--awb-caption-title-line-height:var(--body_typography-line-height);--awb-caption-title-letter-spacing:var(--body_typography-letter-spacing);\"><span class=\" fusion-imageframe imageframe-none imageframe-4 hover-type-none\"><img decoding=\"async\" width=\"1200\" height=\"798\" alt=\"plat pr\u00e9paration\" title=\"preparation-plat-gastronomique\" src=\"https:\/\/marc-chazelle.fr\/photographe\/wp-content\/uploads\/2025\/02\/preparation-plat-gastronomique.webp\" class=\"img-responsive wp-image-4371\" srcset=\"https:\/\/marc-chazelle.fr\/photographe\/wp-content\/uploads\/2025\/02\/preparation-plat-gastronomique-66x44.webp 66w, https:\/\/marc-chazelle.fr\/photographe\/wp-content\/uploads\/2025\/02\/preparation-plat-gastronomique-177x118.webp 177w, https:\/\/marc-chazelle.fr\/photographe\/wp-content\/uploads\/2025\/02\/preparation-plat-gastronomique-200x133.webp 200w, https:\/\/marc-chazelle.fr\/photographe\/wp-content\/uploads\/2025\/02\/preparation-plat-gastronomique-300x200.webp 300w, https:\/\/marc-chazelle.fr\/photographe\/wp-content\/uploads\/2025\/02\/preparation-plat-gastronomique-320x213.webp 320w, https:\/\/marc-chazelle.fr\/photographe\/wp-content\/uploads\/2025\/02\/preparation-plat-gastronomique-400x266.webp 400w, https:\/\/marc-chazelle.fr\/photographe\/wp-content\/uploads\/2025\/02\/preparation-plat-gastronomique-460x306.webp 460w, https:\/\/marc-chazelle.fr\/photographe\/wp-content\/uploads\/2025\/02\/preparation-plat-gastronomique-540x359.webp 540w, https:\/\/marc-chazelle.fr\/photographe\/wp-content\/uploads\/2025\/02\/preparation-plat-gastronomique-600x399.webp 600w, https:\/\/marc-chazelle.fr\/photographe\/wp-content\/uploads\/2025\/02\/preparation-plat-gastronomique-669x445.webp 669w, https:\/\/marc-chazelle.fr\/photographe\/wp-content\/uploads\/2025\/02\/preparation-plat-gastronomique-700x466.webp 700w, https:\/\/marc-chazelle.fr\/photographe\/wp-content\/uploads\/2025\/02\/preparation-plat-gastronomique-768x511.webp 768w, https:\/\/marc-chazelle.fr\/photographe\/wp-content\/uploads\/2025\/02\/preparation-plat-gastronomique-800x532.webp 800w, https:\/\/marc-chazelle.fr\/photographe\/wp-content\/uploads\/2025\/02\/preparation-plat-gastronomique-940x625.webp 940w, https:\/\/marc-chazelle.fr\/photographe\/wp-content\/uploads\/2025\/02\/preparation-plat-gastronomique-1024x681.webp 1024w, https:\/\/marc-chazelle.fr\/photographe\/wp-content\/uploads\/2025\/02\/preparation-plat-gastronomique.webp 1200w\" sizes=\"(max-width: 800px) 100vw, (max-width: 640px) 100vw, 1200px\" \/><\/span><div class=\"awb-imageframe-caption-container\" style=\"text-align:left;\"><div class=\"awb-imageframe-caption\"><div class=\"awb-imageframe-caption-title\">Offrez de l'authenticit\u00e9 \u00e0 vos clients pour les rassurer<\/div><\/div><\/div><\/div><div class=\"fusion-text fusion-text-6\"><p>&nbsp;<\/p>\n<h2 style=\"font-size: 23px; color: #000000; --fontsize: 23; line-height: 1.2; --minfontsize: 23;\"><span style=\"color: var(--awb-text-color); font-family: var(--awb-text-font-family); font-size: var(--awb-font-size); font-style: var(--awb-text-font-style); letter-spacing: var(--awb-letter-spacing); text-align: var(--awb-content-alignment); text-transform: var(--awb-text-transform); background-color: var(--awb-bg-color-hover);\"><b style=\"font-size: 20px;\" data-fusion-font=\"true\">Un accompagnement sur mesure<\/b><\/span><\/h2>\n<p><a href=\"https:\/\/unwabu.fr\/notre-equipe-de-photographes-videastes\/\"><u>Mon \u00e9quipe et moi-m\u00eame<\/u><\/a>, <b>photographes et vid\u00e9astes professionnels<\/b>, vous proposons un service adapt\u00e9 \u00e0 vos besoins. De la prise de vue \u00e0 la post-production, nous vous accompagnons pour cr\u00e9er des visuels qui valorisent votre activit\u00e9 et celles de vos partenaires. Avec notre expertise, vos photos ne seront plus de simples illustrations, mais de v\u00e9ritables outils de communication.<\/p>\n<\/div><div class=\"fusion-image-element awb-imageframe-style awb-imageframe-style-below awb-imageframe-style-5\" style=\"--awb-caption-title-font-family:var(--body_typography-font-family);--awb-caption-title-font-weight:var(--body_typography-font-weight);--awb-caption-title-font-style:var(--body_typography-font-style);--awb-caption-title-size:12px;--awb-caption-title-transform:var(--body_typography-text-transform);--awb-caption-title-line-height:var(--body_typography-line-height);--awb-caption-title-letter-spacing:var(--body_typography-letter-spacing);\"><span class=\" fusion-imageframe imageframe-none imageframe-5 hover-type-none\"><img decoding=\"async\" width=\"1500\" height=\"1000\" alt=\"reportage restaurant l&#039;ordonnance \u00e0 lisieux\" title=\"restaurant-ordonnance-liseux-reportage-marc-chazelle-4\" src=\"https:\/\/marc-chazelle.fr\/photographe\/wp-content\/uploads\/2025\/01\/restaurant-ordonnance-liseux-reportage-marc-chazelle-4.jpg\" class=\"img-responsive wp-image-4216\" srcset=\"https:\/\/marc-chazelle.fr\/photographe\/wp-content\/uploads\/2025\/01\/restaurant-ordonnance-liseux-reportage-marc-chazelle-4-200x133.jpg 200w, https:\/\/marc-chazelle.fr\/photographe\/wp-content\/uploads\/2025\/01\/restaurant-ordonnance-liseux-reportage-marc-chazelle-4-400x267.jpg 400w, https:\/\/marc-chazelle.fr\/photographe\/wp-content\/uploads\/2025\/01\/restaurant-ordonnance-liseux-reportage-marc-chazelle-4-600x400.jpg 600w, https:\/\/marc-chazelle.fr\/photographe\/wp-content\/uploads\/2025\/01\/restaurant-ordonnance-liseux-reportage-marc-chazelle-4-800x533.jpg 800w, https:\/\/marc-chazelle.fr\/photographe\/wp-content\/uploads\/2025\/01\/restaurant-ordonnance-liseux-reportage-marc-chazelle-4-1200x800.jpg 1200w, https:\/\/marc-chazelle.fr\/photographe\/wp-content\/uploads\/2025\/01\/restaurant-ordonnance-liseux-reportage-marc-chazelle-4.jpg 1500w\" sizes=\"(max-width: 800px) 100vw, (max-width: 640px) 100vw, 1200px\" \/><\/span><div class=\"awb-imageframe-caption-container\" style=\"text-align:left;\"><div class=\"awb-imageframe-caption\"><div class=\"awb-imageframe-caption-title\">Valorisation de vos lieux de vente<\/div><\/div><\/div><\/div><div class=\"fusion-text fusion-text-7\"><p>&nbsp;<\/p>\n<h2 style=\"font-size: 23px; color: #000000; --fontsize: 23; line-height: 1.2; --minfontsize: 23;\"><span style=\"color: var(--awb-text-color); font-family: var(--awb-text-font-family); font-size: 20px; font-style: var(--awb-text-font-style); letter-spacing: var(--awb-letter-spacing); text-align: var(--awb-content-alignment); text-transform: var(--awb-text-transform); background-color: var(--awb-bg-color-hover);\" data-fusion-font=\"true\">Pr\u00eats \u00e0 booster votre impact visuel ?<\/span><\/h2>\n<p style=\"font-size: 23px; color: #000000; --fontsize: 23; line-height: 1.2; --minfontsize: 23;\"><span style=\"color: var(--awb-text-color); font-family: var(--awb-text-font-family); font-size: var(--awb-font-size); font-style: var(--awb-text-font-style); font-weight: var(--awb-text-font-weight); letter-spacing: var(--awb-letter-spacing); text-align: var(--awb-content-alignment); text-transform: var(--awb-text-transform); background-color: var(--awb-bg-color-hover);\">Que vous soyez une entreprise locale, un artisan, un restaurateur ou un acteur du digital, <\/span><span style=\"color: var(--awb-text-color); font-family: var(--awb-text-font-family); font-size: var(--awb-font-size); font-style: var(--awb-text-font-style); letter-spacing: var(--awb-letter-spacing); text-align: var(--awb-content-alignment); text-transform: var(--awb-text-transform); background-color: var(--awb-bg-color-hover);\"><b>la photographie professionnelle est un investissement strat\u00e9gique<\/b><\/span><span style=\"color: var(--awb-text-color); font-family: var(--awb-text-font-family); font-size: var(--awb-font-size); font-style: var(--awb-text-font-style); font-weight: var(--awb-text-font-weight); letter-spacing: var(--awb-letter-spacing); text-align: var(--awb-content-alignment); text-transform: var(--awb-text-transform); background-color: var(--awb-bg-color-hover);\">. <u><a href=\"#contact1\">Contactez-moi<\/a> <\/u>pour discuter de votre projet et donner \u00e0 votre image tout l\u2019\u00e9clat qu\u2019elle m\u00e9rite !<\/span><\/p>\n<\/div><div ><a class=\"fusion-button button-flat button-medium button-custom fusion-button-default button-1 fusion-button-default-span fusion-button-default-type\" style=\"--button_accent_color:var(--awb-color7);--button_border_color:var(--awb-color8);--button_accent_hover_color:var(--awb-color5);--button_border_hover_color:var(--awb-color5);--button_border_width-top:1px;--button_border_width-right:1px;--button_border_width-bottom:1px;--button_border_width-left:1px;--button_gradient_top_color:var(--awb-color1);--button_gradient_bottom_color:var(--awb-color1);--button_gradient_top_color_hover:var(--awb-color1);--button_gradient_bottom_color_hover:var(--awb-color1);--button_margin-top:30px;--button_margin-bottom:30px;width:calc(100%);\" target=\"_self\" href=\"#contact1\"><span class=\"fusion-button-text\">Besoin d&rsquo;un photographe pour votre entreprise locale ? Contactez-moi&#8230;<\/span><\/a><\/div><\/div><\/div><div class=\"fusion-layout-column fusion_builder_column fusion-builder-column-2 fusion_builder_column_1_4 1_4 fusion-flex-column\" style=\"--awb-bg-size:cover;--awb-width-large:25%;--awb-margin-top-large:0px;--awb-spacing-right-large:7.68%;--awb-margin-bottom-large:0px;--awb-spacing-left-large:7.68%;--awb-width-medium:100%;--awb-order-medium:0;--awb-spacing-right-medium:1.92%;--awb-spacing-left-medium:1.92%;--awb-width-small:100%;--awb-order-small:0;--awb-spacing-right-small:1.92%;--awb-spacing-left-small:1.92%;\"><div class=\"fusion-column-wrapper fusion-column-has-shadow fusion-flex-justify-content-flex-start fusion-content-layout-column\"><\/div><\/div><div class=\"fusion-layout-column fusion_builder_column fusion-builder-column-3 fusion_builder_column_1_2 1_2 fusion-flex-column\" style=\"--awb-padding-top:10px;--awb-padding-right:30px;--awb-padding-bottom:30px;--awb-padding-left:30px;--awb-bg-color:rgba(120,155,157,0.31);--awb-bg-color-hover:rgba(120,155,157,0.31);--awb-bg-blend:overlay;--awb-bg-size:cover;--awb-border-color:var(--awb-color4);--awb-border-right:0;--awb-border-bottom:0;--awb-border-left:0;--awb-border-style:solid;--awb-width-large:50%;--awb-margin-top-large:63px;--awb-spacing-right-large:3.84%;--awb-margin-bottom-large:0px;--awb-spacing-left-large:3.84%;--awb-width-medium:100%;--awb-spacing-right-medium:1.92%;--awb-spacing-left-medium:1.92%;--awb-width-small:100%;--awb-spacing-right-small:1.92%;--awb-spacing-left-small:1.92%;\"><div class=\"fusion-column-wrapper fusion-flex-justify-content-center fusion-content-layout-column\"><div class=\"fusion-text fusion-text-8\"><h4 class=\"fusion-responsive-typography-calculated\" style=\"text-align: left; --fontsize: 24; line-height: 1.25; --minfontsize: 24; color: var(--awb-color4); font-size: 24px;\" data-fontsize=\"24\" data-lineheight=\"30px\" data-fusion-font=\"true\">Auteur :<span style=\"font-weight: normal;\"> Marc CHAZELLE<\/span><\/h4>\n<\/div><div class=\"fusion-separator\" style=\"align-self: flex-start;margin-right:auto;margin-top:0px;width:100%;max-width:130px;\"><div class=\"fusion-separator-border sep-single sep-solid\" style=\"--awb-height:20px;--awb-amount:20px;--awb-sep-color:var(--awb-color3);border-color:var(--awb-color3);border-top-width:1px;\"><\/div><\/div><div class=\"fusion-image-element \" style=\"--awb-margin-top:20px;--awb-margin-bottom:10px;--awb-caption-title-font-family:var(--h2_typography-font-family);--awb-caption-title-font-weight:var(--h2_typography-font-weight);--awb-caption-title-font-style:var(--h2_typography-font-style);--awb-caption-title-size:var(--h2_typography-font-size);--awb-caption-title-transform:var(--h2_typography-text-transform);--awb-caption-title-line-height:var(--h2_typography-line-height);--awb-caption-title-letter-spacing:var(--h2_typography-letter-spacing);\"><span class=\" fusion-imageframe imageframe-none imageframe-6 hover-type-none\"><img decoding=\"async\" width=\"1064\" height=\"1600\" title=\"portrait nb1\" src=\"https:\/\/marc-chazelle.fr\/photographe\/wp-content\/uploads\/2024\/06\/portrait-nb1.jpg\" alt class=\"img-responsive wp-image-2010\" srcset=\"https:\/\/marc-chazelle.fr\/photographe\/wp-content\/uploads\/2024\/06\/portrait-nb1-200x301.jpg 200w, https:\/\/marc-chazelle.fr\/photographe\/wp-content\/uploads\/2024\/06\/portrait-nb1-400x602.jpg 400w, https:\/\/marc-chazelle.fr\/photographe\/wp-content\/uploads\/2024\/06\/portrait-nb1-600x902.jpg 600w, https:\/\/marc-chazelle.fr\/photographe\/wp-content\/uploads\/2024\/06\/portrait-nb1-800x1203.jpg 800w, https:\/\/marc-chazelle.fr\/photographe\/wp-content\/uploads\/2024\/06\/portrait-nb1.jpg 1064w\" sizes=\"(max-width: 800px) 100vw, (max-width: 640px) 100vw, 600px\" \/><\/span><\/div><div class=\"fusion-text fusion-text-9\"><p><span data-fusion-font=\"true\" data-fusion-google-font=\"Roboto\" data-fusion-google-variant=\"300\">Artisan photographe passionn\u00e9<\/span><span data-fusion-font=\"true\" data-fusion-google-font=\"Roboto\" data-fusion-google-variant=\"300\">, install\u00e9 sur la c\u00f4te normande, je parcours depuis 15 ans la Normandie et la France pour accompagner les entreprises, les collectivit\u00e9s locales et les particuliers dans leurs projets photographiques et audiovisuels.<\/span><\/p>\n<\/div><div style=\"text-align:center;\"><a class=\"fusion-button button-flat button-small button-custom fusion-button-default button-2 fusion-button-default-span fusion-button-default-type\" style=\"--button_accent_color:#000000;--button_border_color:#000000;--button_accent_hover_color:var(--awb-color5);--button_border_hover_color:var(--awb-color5);--button_border_width-top:1px;--button_border_width-right:1px;--button_border_width-bottom:1px;--button_border_width-left:1px;--button_gradient_top_color:var(--awb-color1);--button_gradient_bottom_color:var(--awb-color1);--button_gradient_top_color_hover:var(--awb-color1);--button_gradient_bottom_color_hover:var(--awb-color1);--button_margin-top:0px;width:calc(100%);\" target=\"_self\" href=\"#\"><span class=\"fusion-button-text\">En savoir encore plus&#8230;<\/span><\/a><\/div><div class=\"fusion-text fusion-text-10\"><h4 class=\"fusion-responsive-typography-calculated\" style=\"text-align: left; --fontsize: 24; line-height: 1.25; --minfontsize: 24; color: var(--awb-color4);\" data-fontsize=\"24\" data-lineheight=\"30px\">Contactez-moi<\/h4>\n<\/div><div class=\"fusion-separator\" style=\"align-self: flex-start;margin-right:auto;margin-top:0px;margin-bottom:30px;width:100%;max-width:130px;\"><div class=\"fusion-separator-border sep-single sep-solid\" style=\"--awb-height:20px;--awb-amount:20px;--awb-sep-color:var(--awb-color3);border-color:var(--awb-color3);border-top-width:1px;\"><\/div><\/div><div class=\"fusion-text fusion-text-11\"><p>Tel : +33(0)6.22.74.17.86<br \/>\nEmail: <a href=\"mailto:info@company.com\">c<\/a>hazelle.marc@gmail.com<\/p>\n<p>Beuvron-en-Auge &#8211; Normandie<br \/>\nOrmesson &#8211; R\u00e9gion Parisienne<\/p>\n<\/div><div class=\"fusion-separator fusion-full-width-sep\" style=\"align-self: center;margin-left: auto;margin-right: auto;margin-top:10px;width:100%;\"><\/div><div class=\"fusion-social-links fusion-social-links-1\" style=\"--awb-margin-top:0px;--awb-margin-right:0px;--awb-margin-bottom:0px;--awb-margin-left:0px;--awb-alignment:center;--awb-box-border-top:0px;--awb-box-border-right:0px;--awb-box-border-bottom:0px;--awb-box-border-left:0px;--awb-icon-colors-hover:rgba(29,32,40,0.8);--awb-box-colors-hover:rgba(255,255,255,0.8);--awb-box-border-color:var(--awb-color3);--awb-box-border-color-hover:var(--awb-color4);\"><div class=\"fusion-social-networks boxed-icons color-type-custom\"><div class=\"fusion-social-networks-wrapper\"><a class=\"fusion-social-network-icon fusion-tooltip fusion-facebook awb-icon-facebook\" style=\"color:var(--awb-color4);font-size:20px;width:20px;background-color:rgba(120,155,157,0);border-color:rgba(120,155,157,0);border-radius:0px;\" data-placement=\"top\" data-title=\"Facebook\" data-toggle=\"tooltip\" title=\"Facebook\" aria-label=\"facebook\" target=\"_blank\" rel=\"noopener noreferrer\" href=\"https:\/\/www.facebook.com\/marc.chazelle.photographe\"><\/a><a class=\"fusion-social-network-icon fusion-tooltip fusion-instagram awb-icon-instagram\" style=\"color:var(--awb-color4);font-size:20px;width:20px;background-color:rgba(120,155,157,0);border-color:rgba(120,155,157,0);border-radius:0px;\" data-placement=\"top\" data-title=\"Instagram\" data-toggle=\"tooltip\" title=\"Instagram\" aria-label=\"instagram\" target=\"_blank\" rel=\"noopener noreferrer\" href=\"https:\/\/www.instagram.com\/marc.chazelle.photographe\/\"><\/a><a class=\"fusion-social-network-icon fusion-tooltip fusion-linkedin awb-icon-linkedin\" style=\"color:var(--awb-color4);font-size:20px;width:20px;background-color:rgba(120,155,157,0);border-color:rgba(120,155,157,0);border-radius:0px;\" data-placement=\"top\" data-title=\"LinkedIn\" data-toggle=\"tooltip\" title=\"LinkedIn\" aria-label=\"linkedin\" target=\"_blank\" rel=\"noopener noreferrer\" href=\"https:\/\/www.linkedin.com\/in\/marc-chazelle-photographe\/\"><\/a><\/div><\/div><\/div><div class=\"fusion-separator fusion-full-width-sep\" style=\"align-self: center;margin-left: auto;margin-right: auto;margin-top:25px;width:100%;\"><\/div><div style=\"text-align:center;\"><a class=\"fusion-button button-flat button-medium button-default fusion-button-default button-3 fusion-button-default-span fusion-button-default-type\" style=\"width:calc(100%);\" target=\"_blank\" rel=\"noopener noreferrer\" href=\"#contact1\"><span class=\"fusion-button-text\">Contactez-moi<\/span><\/a><\/div><\/div><\/div><div class=\"fusion-layout-column fusion_builder_column fusion-builder-column-4 fusion_builder_column_1_4 1_4 fusion-flex-column\" style=\"--awb-bg-size:cover;--awb-width-large:25%;--awb-margin-top-large:0px;--awb-spacing-right-large:7.68%;--awb-margin-bottom-large:0px;--awb-spacing-left-large:7.68%;--awb-width-medium:100%;--awb-order-medium:0;--awb-spacing-right-medium:1.92%;--awb-spacing-left-medium:1.92%;--awb-width-small:100%;--awb-order-small:0;--awb-spacing-right-small:1.92%;--awb-spacing-left-small:1.92%;\"><div class=\"fusion-column-wrapper fusion-column-has-shadow fusion-flex-justify-content-flex-start fusion-content-layout-column\"><\/div><\/div><\/div><\/div><div class=\"fusion-fullwidth fullwidth-box fusion-builder-row-2 fusion-flex-container has-pattern-background has-mask-background hundred-percent-fullwidth non-hundred-percent-height-scrolling\" style=\"--awb-border-radius-top-left:0px;--awb-border-radius-top-right:0px;--awb-border-radius-bottom-right:0px;--awb-border-radius-bottom-left:0px;--awb-background-color:var(--awb-color1);--awb-flex-wrap:wrap;\" ><div class=\"fusion-builder-row fusion-row fusion-flex-align-items-flex-start fusion-flex-content-wrap\" style=\"width:104% !important;max-width:104% !important;margin-left: calc(-4% \/ 2 );margin-right: calc(-4% \/ 2 );\"><div class=\"fusion-layout-column fusion_builder_column fusion-builder-column-5 fusion_builder_column_1_1 1_1 fusion-flex-column\" style=\"--awb-bg-size:cover;--awb-width-large:100%;--awb-margin-top-large:30px;--awb-spacing-right-large:1.92%;--awb-margin-bottom-large:30px;--awb-spacing-left-large:1.92%;--awb-width-medium:100%;--awb-order-medium:0;--awb-spacing-right-medium:1.92%;--awb-spacing-left-medium:1.92%;--awb-width-small:100%;--awb-order-small:0;--awb-spacing-right-small:1.92%;--awb-spacing-left-small:1.92%;\"><div class=\"fusion-column-wrapper fusion-column-has-shadow fusion-flex-justify-content-flex-start fusion-content-layout-column\"><\/div><\/div><div class=\"fusion-layout-column fusion_builder_column fusion-builder-column-6 fusion_builder_column_1_1 1_1 fusion-flex-column\" style=\"--awb-bg-blend:overlay;--awb-bg-size:cover;--awb-width-large:100%;--awb-margin-top-large:0px;--awb-spacing-right-large:1.92%;--awb-margin-bottom-large:0px;--awb-spacing-left-large:1.92%;--awb-width-medium:100%;--awb-spacing-right-medium:1.92%;--awb-spacing-left-medium:1.92%;--awb-width-small:100%;--awb-spacing-right-small:1.92%;--awb-spacing-left-small:1.92%;\"><div class=\"fusion-column-wrapper fusion-flex-justify-content-flex-start fusion-content-layout-column\"><div class=\"fusion-separator fusion-full-width-sep\" style=\"align-self: center;margin-left: auto;margin-right: auto;margin-top:50px;width:100%;\"><\/div><div class=\"fusion-section-separator section-separator slant fusion-section-separator-1\" style=\"--awb-spacer-height:99px;--awb-svg-margin-left:1.92%;--awb-svg-margin-right:1.92%;--awb-svg-margin-left-medium:1.92%;--awb-svg-margin-right-medium:1.92%;--awb-svg-margin-left-small:1.92%;--awb-svg-margin-right-small:1.92%;--awb-divider-height:99px;--awb-spacer-padding-top:inherit;--awb-sep-padding:0;--awb-svg-padding:0;--awb-svg-tag-margin-bottom:-3px;--awb-sep-svg-display:block;\"><div class=\"fusion-section-separator-svg\"><svg class=\"fusion-slant-candy\" xmlns=\"http:\/\/www.w3.org\/2000\/svg\" version=\"1.1\" width=\"100%\" height=\"100\" viewBox=\"0 0 100 100\" preserveAspectRatio=\"none\" fill=\"rgba(120,155,157,1)\"><path d=\"M100 0 L0 100 L101 100 Z\"><\/path><\/svg><\/div><div class=\"fusion-section-separator-spacer\"><div class=\"fusion-section-separator-spacer-height\"><\/div><\/div><\/div><\/div><\/div><\/div><\/div><\/p>\n","protected":false},"excerpt":{"rendered":"","protected":false},"author":1,"featured_media":4367,"comment_status":"open","ping_status":"open","sticky":false,"template":"","format":"standard","meta":{"footnotes":""},"categories":[55,50,49,51],"tags":[56],"class_list":["post-4365","post","type-post","status-publish","format-standard","has-post-thumbnail","hentry","category-conseils","category-conseils-photo","category-photo-dentreprise","category-services","tag-photo-evenementielle"],"yoast_head":"<!-- This site is optimized with the Yoast SEO plugin v23.5 - https:\/\/yoast.com\/wordpress\/plugins\/seo\/ -->\n<title>La photo pro : l&#039;alli\u00e9 incontournable du r\u00e9f\u00e9rencement local - Marc CHAZELLE Photographe d&#039;entreprise - Normandie &amp; Paris<\/title>\n<meta name=\"description\" content=\"Boostez votre visibilit\u00e9 avec des photos professionnelles percutantes ! Photographe sp\u00e9cialis\u00e9, je valorise artisans, commer\u00e7ants et restaurateurs avec des visuels qui captent l\u2019attention, renforcent l\u2019image de marque et am\u00e9liorent le r\u00e9f\u00e9rencement local.\" \/>\n<meta name=\"robots\" content=\"index, follow, max-snippet:-1, max-image-preview:large, max-video-preview:-1\" \/>\n<link rel=\"canonical\" href=\"https:\/\/marc-chazelle.fr\/photographe\/la-photo-pro-referencement-local\/\" \/>\n<meta property=\"og:locale\" content=\"fr_FR\" \/>\n<meta property=\"og:type\" content=\"article\" \/>\n<meta property=\"og:title\" content=\"La photo pro : l&#039;alli\u00e9 incontournable du r\u00e9f\u00e9rencement local - Marc CHAZELLE Photographe d&#039;entreprise - Normandie &amp; Paris\" \/>\n<meta property=\"og:description\" content=\"Boostez votre visibilit\u00e9 avec des photos professionnelles percutantes ! Photographe sp\u00e9cialis\u00e9, je valorise artisans, commer\u00e7ants et restaurateurs avec des visuels qui captent l\u2019attention, renforcent l\u2019image de marque et am\u00e9liorent le r\u00e9f\u00e9rencement local.\" \/>\n<meta property=\"og:url\" content=\"https:\/\/marc-chazelle.fr\/photographe\/la-photo-pro-referencement-local\/\" \/>\n<meta property=\"og:site_name\" content=\"Marc CHAZELLE Photographe d&#039;entreprise - Normandie &amp; Paris\" \/>\n<meta property=\"article:publisher\" content=\"https:\/\/www.facebook.com\/marc.chazelle.photographe\/\" \/>\n<meta property=\"article:published_time\" content=\"2025-02-05T08:41:29+00:00\" \/>\n<meta property=\"article:modified_time\" content=\"2025-02-16T06:16:59+00:00\" \/>\n<meta property=\"og:image\" content=\"https:\/\/marc-chazelle.fr\/photographe\/wp-content\/uploads\/2025\/02\/Salle-du-restaurant-le-bouche-a-oreille-cabourg.jpg\" \/>\n\t<meta property=\"og:image:width\" content=\"1200\" \/>\n\t<meta property=\"og:image:height\" content=\"689\" \/>\n\t<meta property=\"og:image:type\" content=\"image\/jpeg\" \/>\n<meta name=\"author\" content=\"photo\" \/>\n<meta name=\"twitter:card\" content=\"summary_large_image\" \/>\n<meta name=\"twitter:label1\" content=\"\u00c9crit par\" \/>\n\t<meta name=\"twitter:data1\" content=\"photo\" \/>\n<script type=\"application\/ld+json\" class=\"yoast-schema-graph\">{\"@context\":\"https:\/\/schema.org\",\"@graph\":[{\"@type\":\"Article\",\"@id\":\"https:\/\/marc-chazelle.fr\/photographe\/la-photo-pro-referencement-local\/#article\",\"isPartOf\":{\"@id\":\"https:\/\/marc-chazelle.fr\/photographe\/la-photo-pro-referencement-local\/\"},\"author\":{\"name\":\"photo\",\"@id\":\"https:\/\/marc-chazelle.fr\/photographe\/#\/schema\/person\/2b730ad5b9bdeb913331ed633c91100d\"},\"headline\":\"La photo pro : l&rsquo;alli\u00e9 incontournable du r\u00e9f\u00e9rencement local\",\"datePublished\":\"2025-02-05T08:41:29+00:00\",\"dateModified\":\"2025-02-16T06:16:59+00:00\",\"mainEntityOfPage\":{\"@id\":\"https:\/\/marc-chazelle.fr\/photographe\/la-photo-pro-referencement-local\/\"},\"wordCount\":3709,\"commentCount\":0,\"publisher\":{\"@id\":\"https:\/\/marc-chazelle.fr\/photographe\/#organization\"},\"image\":{\"@id\":\"https:\/\/marc-chazelle.fr\/photographe\/la-photo-pro-referencement-local\/#primaryimage\"},\"thumbnailUrl\":\"https:\/\/marc-chazelle.fr\/photographe\/wp-content\/uploads\/2025\/02\/Salle-du-restaurant-le-bouche-a-oreille-cabourg.jpg\",\"keywords\":[\"Photo \u00e9v\u00e8nementielle\"],\"articleSection\":[\"conseils\",\"Conseils Photo\",\"Photo d'entreprise\",\"Services\"],\"inLanguage\":\"fr-FR\",\"potentialAction\":[{\"@type\":\"CommentAction\",\"name\":\"Comment\",\"target\":[\"https:\/\/marc-chazelle.fr\/photographe\/la-photo-pro-referencement-local\/#respond\"]}]},{\"@type\":\"WebPage\",\"@id\":\"https:\/\/marc-chazelle.fr\/photographe\/la-photo-pro-referencement-local\/\",\"url\":\"https:\/\/marc-chazelle.fr\/photographe\/la-photo-pro-referencement-local\/\",\"name\":\"La photo pro : l'alli\u00e9 incontournable du r\u00e9f\u00e9rencement local - Marc CHAZELLE Photographe d&#039;entreprise - Normandie &amp; Paris\",\"isPartOf\":{\"@id\":\"https:\/\/marc-chazelle.fr\/photographe\/#website\"},\"primaryImageOfPage\":{\"@id\":\"https:\/\/marc-chazelle.fr\/photographe\/la-photo-pro-referencement-local\/#primaryimage\"},\"image\":{\"@id\":\"https:\/\/marc-chazelle.fr\/photographe\/la-photo-pro-referencement-local\/#primaryimage\"},\"thumbnailUrl\":\"https:\/\/marc-chazelle.fr\/photographe\/wp-content\/uploads\/2025\/02\/Salle-du-restaurant-le-bouche-a-oreille-cabourg.jpg\",\"datePublished\":\"2025-02-05T08:41:29+00:00\",\"dateModified\":\"2025-02-16T06:16:59+00:00\",\"description\":\"Boostez votre visibilit\u00e9 avec des photos professionnelles percutantes ! Photographe sp\u00e9cialis\u00e9, je valorise artisans, commer\u00e7ants et restaurateurs avec des visuels qui captent l\u2019attention, renforcent l\u2019image de marque et am\u00e9liorent le r\u00e9f\u00e9rencement local.\",\"breadcrumb\":{\"@id\":\"https:\/\/marc-chazelle.fr\/photographe\/la-photo-pro-referencement-local\/#breadcrumb\"},\"inLanguage\":\"fr-FR\",\"potentialAction\":[{\"@type\":\"ReadAction\",\"target\":[\"https:\/\/marc-chazelle.fr\/photographe\/la-photo-pro-referencement-local\/\"]}]},{\"@type\":\"ImageObject\",\"inLanguage\":\"fr-FR\",\"@id\":\"https:\/\/marc-chazelle.fr\/photographe\/la-photo-pro-referencement-local\/#primaryimage\",\"url\":\"https:\/\/marc-chazelle.fr\/photographe\/wp-content\/uploads\/2025\/02\/Salle-du-restaurant-le-bouche-a-oreille-cabourg.jpg\",\"contentUrl\":\"https:\/\/marc-chazelle.fr\/photographe\/wp-content\/uploads\/2025\/02\/Salle-du-restaurant-le-bouche-a-oreille-cabourg.jpg\",\"width\":1200,\"height\":689,\"caption\":\"referencement local restaurant\"},{\"@type\":\"BreadcrumbList\",\"@id\":\"https:\/\/marc-chazelle.fr\/photographe\/la-photo-pro-referencement-local\/#breadcrumb\",\"itemListElement\":[{\"@type\":\"ListItem\",\"position\":1,\"name\":\"Accueil\",\"item\":\"https:\/\/marc-chazelle.fr\/photographe\/\"},{\"@type\":\"ListItem\",\"position\":2,\"name\":\"La photo pro : l&rsquo;alli\u00e9 incontournable du r\u00e9f\u00e9rencement local\"}]},{\"@type\":\"WebSite\",\"@id\":\"https:\/\/marc-chazelle.fr\/photographe\/#website\",\"url\":\"https:\/\/marc-chazelle.fr\/photographe\/\",\"name\":\"Marc CHAZELLE Photographe d'entreprise - Normandie & Paris\",\"description\":\"\",\"publisher\":{\"@id\":\"https:\/\/marc-chazelle.fr\/photographe\/#organization\"},\"potentialAction\":[{\"@type\":\"SearchAction\",\"target\":{\"@type\":\"EntryPoint\",\"urlTemplate\":\"https:\/\/marc-chazelle.fr\/photographe\/?s={search_term_string}\"},\"query-input\":{\"@type\":\"PropertyValueSpecification\",\"valueRequired\":true,\"valueName\":\"search_term_string\"}}],\"inLanguage\":\"fr-FR\"},{\"@type\":\"Organization\",\"@id\":\"https:\/\/marc-chazelle.fr\/photographe\/#organization\",\"name\":\"Marc CHAZELLE Photographe d'entreprise - Normandie & Paris\",\"url\":\"https:\/\/marc-chazelle.fr\/photographe\/\",\"logo\":{\"@type\":\"ImageObject\",\"inLanguage\":\"fr-FR\",\"@id\":\"https:\/\/marc-chazelle.fr\/photographe\/#\/schema\/logo\/image\/\",\"url\":\"https:\/\/marc-chazelle.fr\/photographe\/wp-content\/uploads\/2024\/09\/appareil-photo-1-copie.webp\",\"contentUrl\":\"https:\/\/marc-chazelle.fr\/photographe\/wp-content\/uploads\/2024\/09\/appareil-photo-1-copie.webp\",\"width\":2000,\"height\":2000,\"caption\":\"Marc CHAZELLE Photographe d'entreprise - Normandie & Paris\"},\"image\":{\"@id\":\"https:\/\/marc-chazelle.fr\/photographe\/#\/schema\/logo\/image\/\"},\"sameAs\":[\"https:\/\/www.facebook.com\/marc.chazelle.photographe\/\",\"https:\/\/www.instagram.com\/marc.chazelle.photographe\/\",\"https:\/\/www.linkedin.com\/in\/marc-chazelle-photographe\/\"]},{\"@type\":\"Person\",\"@id\":\"https:\/\/marc-chazelle.fr\/photographe\/#\/schema\/person\/2b730ad5b9bdeb913331ed633c91100d\",\"name\":\"photo\",\"image\":{\"@type\":\"ImageObject\",\"inLanguage\":\"fr-FR\",\"@id\":\"https:\/\/marc-chazelle.fr\/photographe\/#\/schema\/person\/image\/\",\"url\":\"https:\/\/secure.gravatar.com\/avatar\/1584137e92f7a4131a7f6b5101d8657acc0a7ec479f22403a74189ea46bf5169?s=96&d=mm&r=g\",\"contentUrl\":\"https:\/\/secure.gravatar.com\/avatar\/1584137e92f7a4131a7f6b5101d8657acc0a7ec479f22403a74189ea46bf5169?s=96&d=mm&r=g\",\"caption\":\"photo\"},\"sameAs\":[\"https:\/\/marc-chazelle.fr\/photographe\"],\"url\":\"https:\/\/marc-chazelle.fr\/photographe\/author\/photo\/\"}]}<\/script>\n<!-- \/ Yoast SEO plugin. -->","yoast_head_json":{"title":"La photo pro : l'alli\u00e9 incontournable du r\u00e9f\u00e9rencement local - Marc CHAZELLE Photographe d&#039;entreprise - Normandie &amp; Paris","description":"Boostez votre visibilit\u00e9 avec des photos professionnelles percutantes ! Photographe sp\u00e9cialis\u00e9, je valorise artisans, commer\u00e7ants et restaurateurs avec des visuels qui captent l\u2019attention, renforcent l\u2019image de marque et am\u00e9liorent le r\u00e9f\u00e9rencement local.","robots":{"index":"index","follow":"follow","max-snippet":"max-snippet:-1","max-image-preview":"max-image-preview:large","max-video-preview":"max-video-preview:-1"},"canonical":"https:\/\/marc-chazelle.fr\/photographe\/la-photo-pro-referencement-local\/","og_locale":"fr_FR","og_type":"article","og_title":"La photo pro : l'alli\u00e9 incontournable du r\u00e9f\u00e9rencement local - Marc CHAZELLE Photographe d&#039;entreprise - Normandie &amp; Paris","og_description":"Boostez votre visibilit\u00e9 avec des photos professionnelles percutantes ! Photographe sp\u00e9cialis\u00e9, je valorise artisans, commer\u00e7ants et restaurateurs avec des visuels qui captent l\u2019attention, renforcent l\u2019image de marque et am\u00e9liorent le r\u00e9f\u00e9rencement local.","og_url":"https:\/\/marc-chazelle.fr\/photographe\/la-photo-pro-referencement-local\/","og_site_name":"Marc CHAZELLE Photographe d&#039;entreprise - Normandie &amp; Paris","article_publisher":"https:\/\/www.facebook.com\/marc.chazelle.photographe\/","article_published_time":"2025-02-05T08:41:29+00:00","article_modified_time":"2025-02-16T06:16:59+00:00","og_image":[{"width":1200,"height":689,"url":"https:\/\/marc-chazelle.fr\/photographe\/wp-content\/uploads\/2025\/02\/Salle-du-restaurant-le-bouche-a-oreille-cabourg.jpg","type":"image\/jpeg"}],"author":"photo","twitter_card":"summary_large_image","twitter_misc":{"\u00c9crit par":"photo"},"schema":{"@context":"https:\/\/schema.org","@graph":[{"@type":"Article","@id":"https:\/\/marc-chazelle.fr\/photographe\/la-photo-pro-referencement-local\/#article","isPartOf":{"@id":"https:\/\/marc-chazelle.fr\/photographe\/la-photo-pro-referencement-local\/"},"author":{"name":"photo","@id":"https:\/\/marc-chazelle.fr\/photographe\/#\/schema\/person\/2b730ad5b9bdeb913331ed633c91100d"},"headline":"La photo pro : l&rsquo;alli\u00e9 incontournable du r\u00e9f\u00e9rencement local","datePublished":"2025-02-05T08:41:29+00:00","dateModified":"2025-02-16T06:16:59+00:00","mainEntityOfPage":{"@id":"https:\/\/marc-chazelle.fr\/photographe\/la-photo-pro-referencement-local\/"},"wordCount":3709,"commentCount":0,"publisher":{"@id":"https:\/\/marc-chazelle.fr\/photographe\/#organization"},"image":{"@id":"https:\/\/marc-chazelle.fr\/photographe\/la-photo-pro-referencement-local\/#primaryimage"},"thumbnailUrl":"https:\/\/marc-chazelle.fr\/photographe\/wp-content\/uploads\/2025\/02\/Salle-du-restaurant-le-bouche-a-oreille-cabourg.jpg","keywords":["Photo \u00e9v\u00e8nementielle"],"articleSection":["conseils","Conseils Photo","Photo d'entreprise","Services"],"inLanguage":"fr-FR","potentialAction":[{"@type":"CommentAction","name":"Comment","target":["https:\/\/marc-chazelle.fr\/photographe\/la-photo-pro-referencement-local\/#respond"]}]},{"@type":"WebPage","@id":"https:\/\/marc-chazelle.fr\/photographe\/la-photo-pro-referencement-local\/","url":"https:\/\/marc-chazelle.fr\/photographe\/la-photo-pro-referencement-local\/","name":"La photo pro : l'alli\u00e9 incontournable du r\u00e9f\u00e9rencement local - Marc CHAZELLE Photographe d&#039;entreprise - Normandie &amp; Paris","isPartOf":{"@id":"https:\/\/marc-chazelle.fr\/photographe\/#website"},"primaryImageOfPage":{"@id":"https:\/\/marc-chazelle.fr\/photographe\/la-photo-pro-referencement-local\/#primaryimage"},"image":{"@id":"https:\/\/marc-chazelle.fr\/photographe\/la-photo-pro-referencement-local\/#primaryimage"},"thumbnailUrl":"https:\/\/marc-chazelle.fr\/photographe\/wp-content\/uploads\/2025\/02\/Salle-du-restaurant-le-bouche-a-oreille-cabourg.jpg","datePublished":"2025-02-05T08:41:29+00:00","dateModified":"2025-02-16T06:16:59+00:00","description":"Boostez votre visibilit\u00e9 avec des photos professionnelles percutantes ! Photographe sp\u00e9cialis\u00e9, je valorise artisans, commer\u00e7ants et restaurateurs avec des visuels qui captent l\u2019attention, renforcent l\u2019image de marque et am\u00e9liorent le r\u00e9f\u00e9rencement local.","breadcrumb":{"@id":"https:\/\/marc-chazelle.fr\/photographe\/la-photo-pro-referencement-local\/#breadcrumb"},"inLanguage":"fr-FR","potentialAction":[{"@type":"ReadAction","target":["https:\/\/marc-chazelle.fr\/photographe\/la-photo-pro-referencement-local\/"]}]},{"@type":"ImageObject","inLanguage":"fr-FR","@id":"https:\/\/marc-chazelle.fr\/photographe\/la-photo-pro-referencement-local\/#primaryimage","url":"https:\/\/marc-chazelle.fr\/photographe\/wp-content\/uploads\/2025\/02\/Salle-du-restaurant-le-bouche-a-oreille-cabourg.jpg","contentUrl":"https:\/\/marc-chazelle.fr\/photographe\/wp-content\/uploads\/2025\/02\/Salle-du-restaurant-le-bouche-a-oreille-cabourg.jpg","width":1200,"height":689,"caption":"referencement local restaurant"},{"@type":"BreadcrumbList","@id":"https:\/\/marc-chazelle.fr\/photographe\/la-photo-pro-referencement-local\/#breadcrumb","itemListElement":[{"@type":"ListItem","position":1,"name":"Accueil","item":"https:\/\/marc-chazelle.fr\/photographe\/"},{"@type":"ListItem","position":2,"name":"La photo pro : l&rsquo;alli\u00e9 incontournable du r\u00e9f\u00e9rencement local"}]},{"@type":"WebSite","@id":"https:\/\/marc-chazelle.fr\/photographe\/#website","url":"https:\/\/marc-chazelle.fr\/photographe\/","name":"Marc CHAZELLE Photographe d'entreprise - Normandie & Paris","description":"","publisher":{"@id":"https:\/\/marc-chazelle.fr\/photographe\/#organization"},"potentialAction":[{"@type":"SearchAction","target":{"@type":"EntryPoint","urlTemplate":"https:\/\/marc-chazelle.fr\/photographe\/?s={search_term_string}"},"query-input":{"@type":"PropertyValueSpecification","valueRequired":true,"valueName":"search_term_string"}}],"inLanguage":"fr-FR"},{"@type":"Organization","@id":"https:\/\/marc-chazelle.fr\/photographe\/#organization","name":"Marc CHAZELLE Photographe d'entreprise - Normandie & Paris","url":"https:\/\/marc-chazelle.fr\/photographe\/","logo":{"@type":"ImageObject","inLanguage":"fr-FR","@id":"https:\/\/marc-chazelle.fr\/photographe\/#\/schema\/logo\/image\/","url":"https:\/\/marc-chazelle.fr\/photographe\/wp-content\/uploads\/2024\/09\/appareil-photo-1-copie.webp","contentUrl":"https:\/\/marc-chazelle.fr\/photographe\/wp-content\/uploads\/2024\/09\/appareil-photo-1-copie.webp","width":2000,"height":2000,"caption":"Marc CHAZELLE Photographe d'entreprise - Normandie & Paris"},"image":{"@id":"https:\/\/marc-chazelle.fr\/photographe\/#\/schema\/logo\/image\/"},"sameAs":["https:\/\/www.facebook.com\/marc.chazelle.photographe\/","https:\/\/www.instagram.com\/marc.chazelle.photographe\/","https:\/\/www.linkedin.com\/in\/marc-chazelle-photographe\/"]},{"@type":"Person","@id":"https:\/\/marc-chazelle.fr\/photographe\/#\/schema\/person\/2b730ad5b9bdeb913331ed633c91100d","name":"photo","image":{"@type":"ImageObject","inLanguage":"fr-FR","@id":"https:\/\/marc-chazelle.fr\/photographe\/#\/schema\/person\/image\/","url":"https:\/\/secure.gravatar.com\/avatar\/1584137e92f7a4131a7f6b5101d8657acc0a7ec479f22403a74189ea46bf5169?s=96&d=mm&r=g","contentUrl":"https:\/\/secure.gravatar.com\/avatar\/1584137e92f7a4131a7f6b5101d8657acc0a7ec479f22403a74189ea46bf5169?s=96&d=mm&r=g","caption":"photo"},"sameAs":["https:\/\/marc-chazelle.fr\/photographe"],"url":"https:\/\/marc-chazelle.fr\/photographe\/author\/photo\/"}]}},"_links":{"self":[{"href":"https:\/\/marc-chazelle.fr\/photographe\/wp-json\/wp\/v2\/posts\/4365","targetHints":{"allow":["GET"]}}],"collection":[{"href":"https:\/\/marc-chazelle.fr\/photographe\/wp-json\/wp\/v2\/posts"}],"about":[{"href":"https:\/\/marc-chazelle.fr\/photographe\/wp-json\/wp\/v2\/types\/post"}],"author":[{"embeddable":true,"href":"https:\/\/marc-chazelle.fr\/photographe\/wp-json\/wp\/v2\/users\/1"}],"replies":[{"embeddable":true,"href":"https:\/\/marc-chazelle.fr\/photographe\/wp-json\/wp\/v2\/comments?post=4365"}],"version-history":[{"count":0,"href":"https:\/\/marc-chazelle.fr\/photographe\/wp-json\/wp\/v2\/posts\/4365\/revisions"}],"wp:featuredmedia":[{"embeddable":true,"href":"https:\/\/marc-chazelle.fr\/photographe\/wp-json\/wp\/v2\/media\/4367"}],"wp:attachment":[{"href":"https:\/\/marc-chazelle.fr\/photographe\/wp-json\/wp\/v2\/media?parent=4365"}],"wp:term":[{"taxonomy":"category","embeddable":true,"href":"https:\/\/marc-chazelle.fr\/photographe\/wp-json\/wp\/v2\/categories?post=4365"},{"taxonomy":"post_tag","embeddable":true,"href":"https:\/\/marc-chazelle.fr\/photographe\/wp-json\/wp\/v2\/tags?post=4365"}],"curies":[{"name":"wp","href":"https:\/\/api.w.org\/{rel}","templated":true}]}}