{"id":4408,"date":"2025-02-10T17:59:12","date_gmt":"2025-02-10T16:59:12","guid":{"rendered":"https:\/\/marc-chazelle.fr\/photographe\/?p=4408"},"modified":"2025-02-10T18:25:56","modified_gmt":"2025-02-10T17:25:56","slug":"hotels-de-normandie-reportage-photo","status":"publish","type":"post","link":"https:\/\/marc-chazelle.fr\/photographe\/hotels-de-normandie-reportage-photo\/","title":{"rendered":"H\u00f4tels de Normandie &#8211; Augmentez vos r\u00e9servations gr\u00e2ce \u00e0 la photo hotelli\u00e8re"},"content":{"rendered":"<p><div class=\"fusion-fullwidth fullwidth-box fusion-builder-row-1 fusion-flex-container nonhundred-percent-fullwidth non-hundred-percent-height-scrolling\" style=\"--awb-background-position:left top;--awb-border-sizes-top:0px;--awb-border-sizes-bottom:0px;--awb-border-sizes-left:0px;--awb-border-sizes-right:0px;--awb-border-radius-top-left:0px;--awb-border-radius-top-right:0px;--awb-border-radius-bottom-right:0px;--awb-border-radius-bottom-left:0px;--awb-padding-top:0px;--awb-margin-top:0px;--awb-background-color:#ffffff;--awb-flex-wrap:wrap;\" ><div class=\"fusion-builder-row fusion-row fusion-flex-align-items-flex-start fusion-flex-content-wrap\" style=\"max-width:1216.8px;margin-left: calc(-4% \/ 2 );margin-right: calc(-4% \/ 2 );\"><div class=\"fusion-layout-column fusion_builder_column fusion-builder-column-0 fusion_builder_column_1_1 1_1 fusion-flex-column\" style=\"--awb-bg-blend:overlay;--awb-bg-size:cover;--awb-width-large:100%;--awb-margin-top-large:0px;--awb-spacing-right-large:3.84%;--awb-margin-bottom-large:40px;--awb-spacing-left-large:1.92%;--awb-width-medium:100%;--awb-spacing-right-medium:1.92%;--awb-spacing-left-medium:1.92%;--awb-width-small:100%;--awb-spacing-right-small:1.92%;--awb-spacing-left-small:1.92%;\"><div class=\"fusion-column-wrapper fusion-flex-justify-content-flex-start fusion-content-layout-column\"><div class=\"fusion-title title fusion-title-1 fusion-title-center fusion-title-text fusion-title-size-one\" style=\"--awb-text-color:var(--awb-color8);--awb-font-size:40px;\"><div class=\"title-sep-container title-sep-container-left\"><div class=\"title-sep sep- sep-solid\" style=\"border-color:var(--awb-color7);\"><\/div><\/div><span class=\"awb-title-spacer\"><\/span><h1 class=\"fusion-title-heading title-heading-center fusion-responsive-typography-calculated\" style=\"font-family:&quot;Roboto&quot;;font-style:normal;font-weight:900;margin:0;font-size:1em;text-transform:none;--fontSize:40;line-height:var(--awb-typography1-line-height);\"><h1 class=\"section-title\">H\u00f4tels de Normandie &#8211; Augmentez vos r\u00e9servations gr\u00e2ce \u00e0 la photo hotelli\u00e8re<\/h1><\/h1><span class=\"awb-title-spacer\"><\/span><div class=\"title-sep-container title-sep-container-right\"><div class=\"title-sep sep- sep-solid\" style=\"border-color:var(--awb-color7);\"><\/div><\/div><\/div><div class=\"fusion-text fusion-text-1\"><p><b><i>\u00a0<\/i><\/b><\/p>\n<p><b><i>Avoir des images de qualit\u00e9 de votre h\u00f4tel en ligne est essentiel pour augmenter votre nombre de r\u00e9servations. Cependant, la charge de travail des h\u00f4teliers, repousse souvent cette t\u00e2che au bas de leurs listes.<\/i><\/b><\/p>\n<p><b><i>Cela ne devrait pas \u00eatre le cas. Une \u00e9tude r\u00e9cente, men\u00e9e par le d\u00e9partement des sciences du cerveau et des sciences cognitives du <a href=\"https:\/\/fr.wikipedia.org\/wiki\/Massachusetts_Institute_of_Technology\">MIT<\/a>, a sugg\u00e9r\u00e9 que le cerveau traite les images 15 fois plus rapidement que le texte. De plus, un sondage effectu\u00e9 aupr\u00e8s de clients Fran\u00e7ais d\u2019une plateforme de r\u00e9servation, estime que pour 78% des voyageurs, les photos constituent l&rsquo;\u00e9l\u00e9ment d\u00e9cisif dans leur choix de r\u00e9servation, bien avant les avis des internautes (66%).<\/i><\/b><\/p>\n<\/div><div ><a class=\"fusion-button button-flat button-medium button-custom fusion-button-default button-1 fusion-button-default-span fusion-button-default-type\" style=\"--button_accent_color:var(--awb-color7);--button_border_color:var(--awb-color8);--button_accent_hover_color:var(--awb-color5);--button_border_hover_color:var(--awb-color5);--button_border_width-top:1px;--button_border_width-right:1px;--button_border_width-bottom:1px;--button_border_width-left:1px;--button_gradient_top_color:var(--awb-color1);--button_gradient_bottom_color:var(--awb-color1);--button_gradient_top_color_hover:var(--awb-color1);--button_gradient_bottom_color_hover:var(--awb-color1);--button_margin-top:30px;--button_margin-bottom:30px;width:calc(100%);\" target=\"_self\" href=\"#contact1\"><span class=\"fusion-button-text\">Besoin de photos de qualit\u00e9 pour votre \u00e9tablissement ? Contactez-moi<\/span><\/a><\/div><div class=\"fusion-image-element \" style=\"text-align:center;--awb-margin-bottom:40px;--awb-caption-title-font-family:var(--body_typography-font-family);--awb-caption-title-font-weight:var(--body_typography-font-weight);--awb-caption-title-font-style:var(--body_typography-font-style);--awb-caption-title-size:12px;--awb-caption-title-transform:var(--body_typography-text-transform);--awb-caption-title-line-height:var(--body_typography-line-height);--awb-caption-title-letter-spacing:var(--body_typography-letter-spacing);\"><span class=\" fusion-imageframe imageframe-none imageframe-1 hover-type-none\"><img decoding=\"async\" width=\"600\" height=\"400\" title=\"hotel-et-restaurant\" src=\"https:\/\/marc-chazelle.fr\/photographe\/wp-content\/uploads\/2024\/07\/hotel-et-restaurant.webp\" alt class=\"img-responsive wp-image-2631\" srcset=\"https:\/\/marc-chazelle.fr\/photographe\/wp-content\/uploads\/2024\/07\/hotel-et-restaurant-66x44.webp 66w, https:\/\/marc-chazelle.fr\/photographe\/wp-content\/uploads\/2024\/07\/hotel-et-restaurant-177x118.webp 177w, https:\/\/marc-chazelle.fr\/photographe\/wp-content\/uploads\/2024\/07\/hotel-et-restaurant-200x133.webp 200w, https:\/\/marc-chazelle.fr\/photographe\/wp-content\/uploads\/2024\/07\/hotel-et-restaurant-300x200.webp 300w, https:\/\/marc-chazelle.fr\/photographe\/wp-content\/uploads\/2024\/07\/hotel-et-restaurant-320x213.webp 320w, https:\/\/marc-chazelle.fr\/photographe\/wp-content\/uploads\/2024\/07\/hotel-et-restaurant-400x267.webp 400w, https:\/\/marc-chazelle.fr\/photographe\/wp-content\/uploads\/2024\/07\/hotel-et-restaurant-460x307.webp 460w, https:\/\/marc-chazelle.fr\/photographe\/wp-content\/uploads\/2024\/07\/hotel-et-restaurant-540x360.webp 540w, https:\/\/marc-chazelle.fr\/photographe\/wp-content\/uploads\/2024\/07\/hotel-et-restaurant.webp 600w\" sizes=\"(max-width: 800px) 100vw, (max-width: 640px) 100vw, 600px\" \/><\/span><\/div><div class=\"fusion-title title fusion-title-2 fusion-title-text fusion-title-size-two\" style=\"--awb-text-color:var(--awb-color8);--awb-font-size:20px;\"><div class=\"title-sep-container title-sep-container-left fusion-no-large-visibility fusion-no-medium-visibility fusion-no-small-visibility\"><div class=\"title-sep sep- sep-solid\" style=\"border-color:var(--awb-color7);\"><\/div><\/div><span class=\"awb-title-spacer fusion-no-large-visibility fusion-no-medium-visibility fusion-no-small-visibility\"><\/span><h2 class=\"fusion-title-heading title-heading-left fusion-responsive-typography-calculated\" style=\"margin:0;font-size:1em;--fontSize:20;--minFontSize:20;line-height:1.2;\"><h2>Am\u00e9liorez l&rsquo;exp\u00e9rience de r\u00e9servation et recevez plus d\u2019engagement<\/h2><\/h2><span class=\"awb-title-spacer\"><\/span><div class=\"title-sep-container title-sep-container-right\"><div class=\"title-sep sep- sep-solid\" style=\"border-color:var(--awb-color7);\"><\/div><\/div><\/div><div class=\"fusion-text fusion-text-2\"><p>Les visuels de qualit\u00e9 ne sont pas seulement \u00ab\u00a0agr\u00e9ables \u00e0 avoir\u00a0\u00bb &#8211; ils am\u00e9liorent consid\u00e9rablement l&rsquo;exp\u00e9rience de navigation et d&rsquo;achat de voyages pour les clients. <b>En les aidant \u00e0 se projeter<\/b> dans votre \u00e9tablissement h\u00f4telier <b>vous entra\u00eenez un plus grand nombre de r\u00e9servations<\/b> et augmentez ainsi votre taux d&rsquo;occupation moyen.<\/p>\n<p>Ce constat n\u2019est pas uniquement vrai pour votre site Web. Lorsqu\u2019un h\u00f4tel ou un complexe h\u00f4telier pr\u00e9sente 20 photos de qualit\u00e9 sur les plateformes et les agences de tourisme en ligne, les chances de recevoir une demande de r\u00e9servation augmentent de 150%. D\u2019ailleurs, les grands acteurs du tourisme ne s\u2019y trompent pas en mandatant des <a href=\"https:\/\/marc-chazelle.fr\/photographe\/photographe-pour-restaurant-et-hotel-normandie-paris\/\"><u>photographes sp\u00e9cialis\u00e9s<\/u><\/a> dans leurs \u00e9tablissements phares.<\/p>\n<\/div><div class=\"fusion-title title fusion-title-3 fusion-title-text fusion-title-size-two\" style=\"--awb-text-color:var(--awb-color8);--awb-font-size:20px;\"><div class=\"title-sep-container title-sep-container-left fusion-no-large-visibility fusion-no-medium-visibility fusion-no-small-visibility\"><div class=\"title-sep sep- sep-solid\" style=\"border-color:var(--awb-color7);\"><\/div><\/div><span class=\"awb-title-spacer fusion-no-large-visibility fusion-no-medium-visibility fusion-no-small-visibility\"><\/span><h2 class=\"fusion-title-heading title-heading-left fusion-responsive-typography-calculated\" style=\"margin:0;font-size:1em;--fontSize:20;--minFontSize:20;line-height:1.2;\"><h2>R\u00e9aliser soi-m\u00eame ses photos ou faire appel \u00e0 un photographe professionnel ?<\/h2><\/h2><span class=\"awb-title-spacer\"><\/span><div class=\"title-sep-container title-sep-container-right\"><div class=\"title-sep sep- sep-solid\" style=\"border-color:var(--awb-color7);\"><\/div><\/div><\/div><div class=\"fusion-text fusion-text-3\"><p>C\u2019est une vraie question\u2026 Alors, pourquoi faire appel \u00e0 un photographe professionnel pour mon h\u00f4tel quand on voit la qualit\u00e9 de photo des derniers smartphones ?<\/p>\n<p>M\u00eame si vous \u00eates un amateur \u00e9clair\u00e9 en photographie, l\u2019investissement dans un reportage r\u00e9alis\u00e9 par un professionnel vous donnera bien plus de retours.<\/p>\n<p>Bien \u00e9videmment, vous pouvez r\u00e9aliser de tr\u00e8s belles photos en haute d\u00e9finition avec votre Iphone ou votre reflex personnel mais <b>la photo h\u00f4teli\u00e8re ne se cantonne pas \u00e0 la r\u00e9alisation des prises de vue<\/b>. La pr\u00e9paration du shooting et le post-traitement repr\u00e9sentent 80% du travail. Un photographe dont le reportage h\u00f4telier est son m\u00e9tier, saura \u00eatre \u00e0 l\u2019\u00e9coute de vos attentes et de celle de votre client\u00e8le cibl\u00e9e. Il saura s\u2019immerger, valoriser votre \u00e9tablissement et poser son \u0153il artistique sur votre h\u00f4tel : C\u2019est son m\u00e9tier !<\/p>\n<\/div><div class=\"fusion-image-element \" style=\"text-align:center;--awb-caption-title-font-family:var(--body_typography-font-family);--awb-caption-title-font-weight:var(--body_typography-font-weight);--awb-caption-title-font-style:var(--body_typography-font-style);--awb-caption-title-size:12px;--awb-caption-title-transform:var(--body_typography-text-transform);--awb-caption-title-line-height:var(--body_typography-line-height);--awb-caption-title-letter-spacing:var(--body_typography-letter-spacing);\"><span class=\" fusion-imageframe imageframe-none imageframe-2 hover-type-none\"><img decoding=\"async\" width=\"600\" height=\"400\" title=\"immobilier\" src=\"https:\/\/marc-chazelle.fr\/photographe\/wp-content\/uploads\/2024\/07\/immobilier.webp\" alt class=\"img-responsive wp-image-2630\" srcset=\"https:\/\/marc-chazelle.fr\/photographe\/wp-content\/uploads\/2024\/07\/immobilier-66x44.webp 66w, https:\/\/marc-chazelle.fr\/photographe\/wp-content\/uploads\/2024\/07\/immobilier-177x118.webp 177w, https:\/\/marc-chazelle.fr\/photographe\/wp-content\/uploads\/2024\/07\/immobilier-200x133.webp 200w, https:\/\/marc-chazelle.fr\/photographe\/wp-content\/uploads\/2024\/07\/immobilier-300x200.webp 300w, https:\/\/marc-chazelle.fr\/photographe\/wp-content\/uploads\/2024\/07\/immobilier-320x213.webp 320w, https:\/\/marc-chazelle.fr\/photographe\/wp-content\/uploads\/2024\/07\/immobilier-400x267.webp 400w, https:\/\/marc-chazelle.fr\/photographe\/wp-content\/uploads\/2024\/07\/immobilier-460x307.webp 460w, https:\/\/marc-chazelle.fr\/photographe\/wp-content\/uploads\/2024\/07\/immobilier-540x360.webp 540w, https:\/\/marc-chazelle.fr\/photographe\/wp-content\/uploads\/2024\/07\/immobilier.webp 600w\" sizes=\"(max-width: 800px) 100vw, (max-width: 640px) 100vw, 600px\" \/><\/span><\/div><div class=\"fusion-title title fusion-title-4 fusion-title-text fusion-title-size-two\" style=\"--awb-text-color:var(--awb-color8);--awb-margin-top:30px;--awb-font-size:20px;\"><div class=\"title-sep-container title-sep-container-left fusion-no-large-visibility fusion-no-medium-visibility fusion-no-small-visibility\"><div class=\"title-sep sep- sep-solid\" style=\"border-color:var(--awb-color7);\"><\/div><\/div><span class=\"awb-title-spacer fusion-no-large-visibility fusion-no-medium-visibility fusion-no-small-visibility\"><\/span><h2 class=\"fusion-title-heading title-heading-left fusion-responsive-typography-calculated\" style=\"margin:0;font-size:1em;--fontSize:20;--minFontSize:20;line-height:1.2;\"><h3>La pr\u00e9paration la cl\u00e9 d\u2019une s\u00e9ance photo r\u00e9ussie<\/h3><\/h2><span class=\"awb-title-spacer\"><\/span><div class=\"title-sep-container title-sep-container-right\"><div class=\"title-sep sep- sep-solid\" style=\"border-color:var(--awb-color7);\"><\/div><\/div><\/div><div class=\"fusion-text fusion-text-4\"><p>Un photographe professionnel saura<b> vous \u00e9couter, vous aiguiller et vous accompagner <\/b>dans la production d\u2019images adapt\u00e9es \u00e0 votre cible. On ne photographie pas une chambre d\u2019h\u00f4tes comme un palace parisien. Personnellement, je m\u2019efforce de <a href=\"#contact1\"><u>r\u00e9aliser un rendez-vous<\/u><\/a> pr\u00e9paratoire avant chaque shooting afin de pr\u00e9parer au mieux la s\u00e9ance et ne pas \u00eatre dans la d\u00e9couverte le jour venu.<\/p>\n<\/div><div class=\"fusion-image-element \" style=\"text-align:center;--awb-max-width:600px;--awb-caption-title-font-family:var(--body_typography-font-family);--awb-caption-title-font-weight:var(--body_typography-font-weight);--awb-caption-title-font-style:var(--body_typography-font-style);--awb-caption-title-size:12px;--awb-caption-title-transform:var(--body_typography-text-transform);--awb-caption-title-line-height:var(--body_typography-line-height);--awb-caption-title-letter-spacing:var(--body_typography-letter-spacing);\"><span class=\" fusion-imageframe imageframe-none imageframe-3 hover-type-none\"><img decoding=\"async\" width=\"1024\" height=\"588\" alt=\"referencement local restaurant\" title=\"Salle-du-restaurant-le-bouche-a-oreille-cabourg\" src=\"https:\/\/marc-chazelle.fr\/photographe\/wp-content\/uploads\/2025\/02\/Salle-du-restaurant-le-bouche-a-oreille-cabourg-1024x588.jpg\" class=\"img-responsive wp-image-4367\" srcset=\"https:\/\/marc-chazelle.fr\/photographe\/wp-content\/uploads\/2025\/02\/Salle-du-restaurant-le-bouche-a-oreille-cabourg-200x115.jpg 200w, https:\/\/marc-chazelle.fr\/photographe\/wp-content\/uploads\/2025\/02\/Salle-du-restaurant-le-bouche-a-oreille-cabourg-400x230.jpg 400w, https:\/\/marc-chazelle.fr\/photographe\/wp-content\/uploads\/2025\/02\/Salle-du-restaurant-le-bouche-a-oreille-cabourg-600x345.jpg 600w, https:\/\/marc-chazelle.fr\/photographe\/wp-content\/uploads\/2025\/02\/Salle-du-restaurant-le-bouche-a-oreille-cabourg-800x459.jpg 800w, https:\/\/marc-chazelle.fr\/photographe\/wp-content\/uploads\/2025\/02\/Salle-du-restaurant-le-bouche-a-oreille-cabourg.jpg 1200w\" sizes=\"(max-width: 800px) 100vw, (max-width: 640px) 100vw, 1024px\" \/><\/span><\/div><div class=\"fusion-title title fusion-title-5 fusion-title-text fusion-title-size-two\" style=\"--awb-text-color:var(--awb-color8);--awb-margin-top:30px;--awb-font-size:20px;\"><div class=\"title-sep-container title-sep-container-left fusion-no-large-visibility fusion-no-medium-visibility fusion-no-small-visibility\"><div class=\"title-sep sep- sep-solid\" style=\"border-color:var(--awb-color7);\"><\/div><\/div><span class=\"awb-title-spacer fusion-no-large-visibility fusion-no-medium-visibility fusion-no-small-visibility\"><\/span><h2 class=\"fusion-title-heading title-heading-left fusion-responsive-typography-calculated\" style=\"margin:0;font-size:1em;--fontSize:20;--minFontSize:20;line-height:1.2;\"><h3>La retouche photo, une \u00e9tape incontournable<\/h3><\/h2><span class=\"awb-title-spacer\"><\/span><div class=\"title-sep-container title-sep-container-right\"><div class=\"title-sep sep- sep-solid\" style=\"border-color:var(--awb-color7);\"><\/div><\/div><\/div><div class=\"fusion-text fusion-text-5\"><p><b>La photo h\u00f4teli\u00e8re ne s&rsquo;arr\u00eate pas \u00e0 la prise de vue<\/b>, <b>le post-traitement (que l\u2019on appelle plus commun\u00e9ment la retouche photo) est une \u00e9tape incontournable<\/b> pour mettre en valeur votre \u00e9tablissement. Mais attention, qui dit retouche photo n\u2019induit pas trucage : il ne s\u2019agit pas de masquer un d\u00e9faut ou de d\u00e9former un \u00e9l\u00e9ment mais d\u2019am\u00e9liorer la qualit\u00e9 et l\u2019impact visuel de vos clich\u00e9s. Les photographies ne doivent aucunement tromper vos futurs visiteurs.<\/p>\n<\/div><div class=\"fusion-image-element \" style=\"text-align:center;--awb-margin-bottom:40px;--awb-max-width:600px;--awb-caption-title-font-family:var(--body_typography-font-family);--awb-caption-title-font-weight:var(--body_typography-font-weight);--awb-caption-title-font-style:var(--body_typography-font-style);--awb-caption-title-size:12px;--awb-caption-title-transform:var(--body_typography-text-transform);--awb-caption-title-line-height:var(--body_typography-line-height);--awb-caption-title-letter-spacing:var(--body_typography-letter-spacing);\"><span class=\" fusion-imageframe imageframe-none imageframe-4 hover-type-none\"><img decoding=\"async\" width=\"1024\" height=\"682\" alt=\"suite d&#039;un hotel parisien reportage photographique\" title=\"suite-hotel-normandie (1)\" src=\"https:\/\/marc-chazelle.fr\/photographe\/wp-content\/uploads\/2024\/10\/suite-hotel-normandie-1-1024x682.webp\" class=\"img-responsive wp-image-3749\" srcset=\"https:\/\/marc-chazelle.fr\/photographe\/wp-content\/uploads\/2024\/10\/suite-hotel-normandie-1-66x44.webp 66w, https:\/\/marc-chazelle.fr\/photographe\/wp-content\/uploads\/2024\/10\/suite-hotel-normandie-1-177x118.webp 177w, https:\/\/marc-chazelle.fr\/photographe\/wp-content\/uploads\/2024\/10\/suite-hotel-normandie-1-200x133.webp 200w, https:\/\/marc-chazelle.fr\/photographe\/wp-content\/uploads\/2024\/10\/suite-hotel-normandie-1-300x200.webp 300w, https:\/\/marc-chazelle.fr\/photographe\/wp-content\/uploads\/2024\/10\/suite-hotel-normandie-1-320x213.webp 320w, https:\/\/marc-chazelle.fr\/photographe\/wp-content\/uploads\/2024\/10\/suite-hotel-normandie-1-400x266.webp 400w, https:\/\/marc-chazelle.fr\/photographe\/wp-content\/uploads\/2024\/10\/suite-hotel-normandie-1-460x306.webp 460w, https:\/\/marc-chazelle.fr\/photographe\/wp-content\/uploads\/2024\/10\/suite-hotel-normandie-1-540x360.webp 540w, https:\/\/marc-chazelle.fr\/photographe\/wp-content\/uploads\/2024\/10\/suite-hotel-normandie-1-600x400.webp 600w, https:\/\/marc-chazelle.fr\/photographe\/wp-content\/uploads\/2024\/10\/suite-hotel-normandie-1-669x445.webp 669w, https:\/\/marc-chazelle.fr\/photographe\/wp-content\/uploads\/2024\/10\/suite-hotel-normandie-1-700x466.webp 700w, https:\/\/marc-chazelle.fr\/photographe\/wp-content\/uploads\/2024\/10\/suite-hotel-normandie-1-768x511.webp 768w, https:\/\/marc-chazelle.fr\/photographe\/wp-content\/uploads\/2024\/10\/suite-hotel-normandie-1-800x533.webp 800w, https:\/\/marc-chazelle.fr\/photographe\/wp-content\/uploads\/2024\/10\/suite-hotel-normandie-1-940x626.webp 940w, https:\/\/marc-chazelle.fr\/photographe\/wp-content\/uploads\/2024\/10\/suite-hotel-normandie-1-1024x682.webp 1024w, https:\/\/marc-chazelle.fr\/photographe\/wp-content\/uploads\/2024\/10\/suite-hotel-normandie-1.webp 1200w\" sizes=\"(max-width: 800px) 100vw, (max-width: 640px) 100vw, 1024px\" \/><\/span><\/div><div class=\"fusion-title title fusion-title-6 fusion-title-text fusion-title-size-two\" style=\"--awb-text-color:var(--awb-color8);--awb-margin-top:30px;--awb-font-size:20px;\"><div class=\"title-sep-container title-sep-container-left fusion-no-large-visibility fusion-no-medium-visibility fusion-no-small-visibility\"><div class=\"title-sep sep- sep-solid\" style=\"border-color:var(--awb-color7);\"><\/div><\/div><span class=\"awb-title-spacer fusion-no-large-visibility fusion-no-medium-visibility fusion-no-small-visibility\"><\/span><h2 class=\"fusion-title-heading title-heading-left fusion-responsive-typography-calculated\" style=\"margin:0;font-size:1em;--fontSize:20;--minFontSize:20;line-height:1.2;\">L\u2019importance du photographe local<\/h2><span class=\"awb-title-spacer\"><\/span><div class=\"title-sep-container title-sep-container-right\"><div class=\"title-sep sep- sep-solid\" style=\"border-color:var(--awb-color7);\"><\/div><\/div><\/div><div class=\"fusion-text fusion-text-6\"><p>Il est parfois utile, voire indispensable, de r\u00e9partir la s\u00e9ance photo sur plusieurs jours que ce soit pour des probl\u00e8mes m\u00e9t\u00e9orologiques ou d\u2019occupation des chambres. <b>Faire appel \u00e0 un photographe local r\u00e9duira consid\u00e9rablement vos co\u00fbts<\/b>.<\/p>\n<p>Par ailleurs, un photographe local, conna\u00eet l\u2019environnement et dans mon cas j\u2019offre toujours quelques photos de situation pour agr\u00e9menter le site web de mes clients.<\/p>\n<\/div><div class=\"fusion-image-element \" style=\"text-align:center;--awb-margin-bottom:40px;--awb-max-width:400px;--awb-caption-title-font-family:var(--body_typography-font-family);--awb-caption-title-font-weight:var(--body_typography-font-weight);--awb-caption-title-font-style:var(--body_typography-font-style);--awb-caption-title-size:12px;--awb-caption-title-transform:var(--body_typography-text-transform);--awb-caption-title-line-height:var(--body_typography-line-height);--awb-caption-title-letter-spacing:var(--body_typography-letter-spacing);\"><span class=\" fusion-imageframe imageframe-none imageframe-5 hover-type-none\"><img decoding=\"async\" width=\"681\" height=\"1024\" alt=\"Photo dans les cuisines d&#039;un restaurant gastronomique\" title=\"\u00e9t\u00e9-25\" src=\"https:\/\/marc-chazelle.fr\/photographe\/wp-content\/uploads\/2024\/10\/ete-25-681x1024.jpg\" class=\"img-responsive wp-image-3747\" srcset=\"https:\/\/marc-chazelle.fr\/photographe\/wp-content\/uploads\/2024\/10\/ete-25-200x301.jpg 200w, https:\/\/marc-chazelle.fr\/photographe\/wp-content\/uploads\/2024\/10\/ete-25-400x601.jpg 400w, https:\/\/marc-chazelle.fr\/photographe\/wp-content\/uploads\/2024\/10\/ete-25-600x902.jpg 600w, https:\/\/marc-chazelle.fr\/photographe\/wp-content\/uploads\/2024\/10\/ete-25-800x1203.jpg 800w, https:\/\/marc-chazelle.fr\/photographe\/wp-content\/uploads\/2024\/10\/ete-25-1200x1804.jpg 1200w, https:\/\/marc-chazelle.fr\/photographe\/wp-content\/uploads\/2024\/10\/ete-25.jpg 1663w\" sizes=\"(max-width: 800px) 100vw, (max-width: 640px) 100vw, 1200px\" \/><\/span><\/div><div class=\"fusion-title title fusion-title-7 fusion-title-text fusion-title-size-two\" style=\"--awb-text-color:var(--awb-color8);--awb-margin-top:30px;--awb-font-size:20px;\"><div class=\"title-sep-container title-sep-container-left fusion-no-large-visibility fusion-no-medium-visibility fusion-no-small-visibility\"><div class=\"title-sep sep- sep-solid\" style=\"border-color:var(--awb-color7);\"><\/div><\/div><span class=\"awb-title-spacer fusion-no-large-visibility fusion-no-medium-visibility fusion-no-small-visibility\"><\/span><h2 class=\"fusion-title-heading title-heading-left fusion-responsive-typography-calculated\" style=\"margin:0;font-size:1em;--fontSize:20;--minFontSize:20;line-height:1.2;\">La photographie panoramique, la photo 360\u00b0, vid\u00e9o 4k, drone de nouvelles techniques photographiques pour mettre en valeur votre h\u00f4tel<\/h2><span class=\"awb-title-spacer\"><\/span><div class=\"title-sep-container title-sep-container-right\"><div class=\"title-sep sep- sep-solid\" style=\"border-color:var(--awb-color7);\"><\/div><\/div><\/div><div class=\"fusion-text fusion-text-7\"><p>Avec l&rsquo;intelligence artificielle coupl\u00e9e \u00e0 la puissance des nouveaux processeurs, de nouvelles techniques photographiques voient le jour, offrant aux clients une nouvelle vision de votre \u00e9tablissement.<\/p>\n<ul>\n<li><b>La visite virtuelle \u00e0 360\u00b0 <\/b>permet de s\u2019immerger via son ordinateur dans un h\u00f4tel, de visualiser les chambres, ou les points attractifs de votre h\u00f4tel. Les plateformes de r\u00e9servation sont tr\u00e8s friandes de ces 360\u00b0.<\/li>\n<li><b>La photographie panoramique<\/b> quant \u00e0 elle, offre une vision globale d\u2019une pi\u00e8ce, ce rendu est particuli\u00e8rement adapt\u00e9 aux sites web du secteur h\u00f4telier.<\/li>\n<\/ul>\n<p>L\u2019augmentation des d\u00e9bits 4G et bient\u00f4t 5G, permettent de visualiser des vid\u00e9os en haute d\u00e9finition. <b>Les s\u00e9quences vid\u00e9os<\/b> et les travelling en drone sont maintenant quasiment incontournables apportant du dynamisme \u00e0 vos pr\u00e9sentations.<\/p>\n<\/div><div class=\"fusion-image-element awb-imageframe-style awb-imageframe-style-below awb-imageframe-style-6\" style=\"text-align:center;--awb-margin-bottom:40px;--awb-caption-title-font-family:var(--body_typography-font-family);--awb-caption-title-font-weight:var(--body_typography-font-weight);--awb-caption-title-font-style:var(--body_typography-font-style);--awb-caption-title-size:12px;--awb-caption-title-transform:var(--body_typography-text-transform);--awb-caption-title-line-height:var(--body_typography-line-height);--awb-caption-title-letter-spacing:var(--body_typography-letter-spacing);\"><span class=\" fusion-imageframe imageframe-none imageframe-6 hover-type-none\"><img decoding=\"async\" width=\"1024\" height=\"382\" title=\"vue-sur-le-havre-de-sainte-adresse\" src=\"https:\/\/marc-chazelle.fr\/photographe\/wp-content\/uploads\/2024\/10\/vue-sur-le-havre-de-sainte-adresse-1024x382.webp\" alt class=\"img-responsive wp-image-3844\" srcset=\"https:\/\/marc-chazelle.fr\/photographe\/wp-content\/uploads\/2024\/10\/vue-sur-le-havre-de-sainte-adresse-66x25.webp 66w, https:\/\/marc-chazelle.fr\/photographe\/wp-content\/uploads\/2024\/10\/vue-sur-le-havre-de-sainte-adresse-177x66.webp 177w, https:\/\/marc-chazelle.fr\/photographe\/wp-content\/uploads\/2024\/10\/vue-sur-le-havre-de-sainte-adresse-200x75.webp 200w, https:\/\/marc-chazelle.fr\/photographe\/wp-content\/uploads\/2024\/10\/vue-sur-le-havre-de-sainte-adresse-300x112.webp 300w, https:\/\/marc-chazelle.fr\/photographe\/wp-content\/uploads\/2024\/10\/vue-sur-le-havre-de-sainte-adresse-320x119.webp 320w, https:\/\/marc-chazelle.fr\/photographe\/wp-content\/uploads\/2024\/10\/vue-sur-le-havre-de-sainte-adresse-400x149.webp 400w, https:\/\/marc-chazelle.fr\/photographe\/wp-content\/uploads\/2024\/10\/vue-sur-le-havre-de-sainte-adresse-460x172.webp 460w, https:\/\/marc-chazelle.fr\/photographe\/wp-content\/uploads\/2024\/10\/vue-sur-le-havre-de-sainte-adresse-540x202.webp 540w, https:\/\/marc-chazelle.fr\/photographe\/wp-content\/uploads\/2024\/10\/vue-sur-le-havre-de-sainte-adresse-600x224.webp 600w, https:\/\/marc-chazelle.fr\/photographe\/wp-content\/uploads\/2024\/10\/vue-sur-le-havre-de-sainte-adresse-669x250.webp 669w, https:\/\/marc-chazelle.fr\/photographe\/wp-content\/uploads\/2024\/10\/vue-sur-le-havre-de-sainte-adresse-700x261.webp 700w, https:\/\/marc-chazelle.fr\/photographe\/wp-content\/uploads\/2024\/10\/vue-sur-le-havre-de-sainte-adresse-768x287.webp 768w, https:\/\/marc-chazelle.fr\/photographe\/wp-content\/uploads\/2024\/10\/vue-sur-le-havre-de-sainte-adresse-800x299.webp 800w, https:\/\/marc-chazelle.fr\/photographe\/wp-content\/uploads\/2024\/10\/vue-sur-le-havre-de-sainte-adresse-940x351.webp 940w, https:\/\/marc-chazelle.fr\/photographe\/wp-content\/uploads\/2024\/10\/vue-sur-le-havre-de-sainte-adresse-1024x382.webp 1024w, https:\/\/marc-chazelle.fr\/photographe\/wp-content\/uploads\/2024\/10\/vue-sur-le-havre-de-sainte-adresse.webp 1200w\" sizes=\"(max-width: 800px) 100vw, (max-width: 640px) 100vw, 1024px\" \/><\/span><div class=\"awb-imageframe-caption-container\" style=\"text-align:center;\"><div class=\"awb-imageframe-caption\"><div class=\"awb-imageframe-caption-title\">Photo panoramique prise depuis la terrasse d'un h\u00f4tel de Normandie<\/div><\/div><\/div><\/div><div class=\"fusion-title title fusion-title-8 fusion-title-text fusion-title-size-two\" style=\"--awb-text-color:var(--awb-color8);--awb-margin-top:30px;--awb-font-size:20px;\"><div class=\"title-sep-container title-sep-container-left fusion-no-large-visibility fusion-no-medium-visibility fusion-no-small-visibility\"><div class=\"title-sep sep- sep-solid\" style=\"border-color:var(--awb-color7);\"><\/div><\/div><span class=\"awb-title-spacer fusion-no-large-visibility fusion-no-medium-visibility fusion-no-small-visibility\"><\/span><h2 class=\"fusion-title-heading title-heading-left fusion-responsive-typography-calculated\" style=\"margin:0;font-size:1em;--fontSize:20;--minFontSize:20;line-height:1.2;\">Quel est le tarif de cet investissement<\/h2><span class=\"awb-title-spacer\"><\/span><div class=\"title-sep-container title-sep-container-right\"><div class=\"title-sep sep- sep-solid\" style=\"border-color:var(--awb-color7);\"><\/div><\/div><\/div><div class=\"fusion-text fusion-text-8\"><p>Je vais vous faire une vraie r\u00e9ponse de Normand, ce qui tombe bien pour un photographe bas\u00e9 \u00e0 proximit\u00e9 de Deauville et Cabourg : \u201c<b>Tout d\u00e9pend de vos besoins et de la taille de votre \u00e9tablissement<\/b>\u201d. <span style=\"color: var(--awb-text-color); font-family: var(--awb-text-font-family); font-size: var(--awb-font-size); font-style: var(--awb-text-font-style); font-weight: var(--awb-text-font-weight); letter-spacing: var(--awb-letter-spacing); text-align: var(--awb-content-alignment); text-transform: var(--awb-text-transform); background-color: var(--awb-bg-color-hover);\">Chaque projet \u00e9tant unique, mes tarifs sont adapt\u00e9s sur mesure en fonction de vos besoins et exigences. <\/span><\/p>\n<\/div><div class=\"fusion-title title fusion-title-9 fusion-title-text fusion-title-size-two\" style=\"--awb-text-color:var(--awb-color8);--awb-margin-top:30px;--awb-font-size:20px;\"><div class=\"title-sep-container title-sep-container-left fusion-no-large-visibility fusion-no-medium-visibility fusion-no-small-visibility\"><div class=\"title-sep sep- sep-solid\" style=\"border-color:var(--awb-color7);\"><\/div><\/div><span class=\"awb-title-spacer fusion-no-large-visibility fusion-no-medium-visibility fusion-no-small-visibility\"><\/span><h2 class=\"fusion-title-heading title-heading-left fusion-responsive-typography-calculated\" style=\"margin:0;font-size:1em;--fontSize:20;--minFontSize:20;line-height:1.2;\">Vous avez un projet de communication visuel pour votre h\u00f4tel ? Parlons-en&#8230;<\/h2><span class=\"awb-title-spacer\"><\/span><div class=\"title-sep-container title-sep-container-right\"><div class=\"title-sep sep- sep-solid\" style=\"border-color:var(--awb-color7);\"><\/div><\/div><\/div><div class=\"fusion-text fusion-text-9\"><p>Vous avez un projet photographique pour votre \u00e9tablissement, n&rsquo;h\u00e9sitez pas \u00e0 me contacter au 06 22 74 17 86 ou <a href=\"#contact1\">via mon formulaire de contact<\/a>.<\/p>\n<\/div><\/div><\/div><div class=\"fusion-layout-column fusion_builder_column fusion-builder-column-1 fusion_builder_column_1_4 1_4 fusion-flex-column\" style=\"--awb-bg-size:cover;--awb-width-large:25%;--awb-margin-top-large:0px;--awb-spacing-right-large:7.68%;--awb-margin-bottom-large:0px;--awb-spacing-left-large:7.68%;--awb-width-medium:100%;--awb-order-medium:0;--awb-spacing-right-medium:1.92%;--awb-spacing-left-medium:1.92%;--awb-width-small:100%;--awb-order-small:0;--awb-spacing-right-small:1.92%;--awb-spacing-left-small:1.92%;\"><div class=\"fusion-column-wrapper fusion-column-has-shadow fusion-flex-justify-content-flex-start fusion-content-layout-column\"><\/div><\/div><div class=\"fusion-layout-column fusion_builder_column fusion-builder-column-2 fusion_builder_column_1_2 1_2 fusion-flex-column\" style=\"--awb-padding-top:10px;--awb-padding-right:30px;--awb-padding-bottom:30px;--awb-padding-left:30px;--awb-bg-color:rgba(120,155,157,0.31);--awb-bg-color-hover:rgba(120,155,157,0.31);--awb-bg-blend:overlay;--awb-bg-size:cover;--awb-border-color:var(--awb-color4);--awb-border-right:0;--awb-border-bottom:0;--awb-border-left:0;--awb-border-style:solid;--awb-width-large:50%;--awb-margin-top-large:63px;--awb-spacing-right-large:3.84%;--awb-margin-bottom-large:0px;--awb-spacing-left-large:3.84%;--awb-width-medium:100%;--awb-spacing-right-medium:1.92%;--awb-spacing-left-medium:1.92%;--awb-width-small:100%;--awb-spacing-right-small:1.92%;--awb-spacing-left-small:1.92%;\"><div class=\"fusion-column-wrapper fusion-flex-justify-content-center fusion-content-layout-column\"><div class=\"fusion-text fusion-text-10\"><h4 class=\"fusion-responsive-typography-calculated\" style=\"text-align: left; --fontsize: 24; line-height: 1.25; --minfontsize: 24; color: var(--awb-color4); font-size: 24px;\" data-fontsize=\"24\" data-lineheight=\"30px\" data-fusion-font=\"true\">Auteur :<span style=\"font-weight: normal;\"> Marc CHAZELLE<\/span><\/h4>\n<\/div><div class=\"fusion-separator\" style=\"align-self: flex-start;margin-right:auto;margin-top:0px;width:100%;max-width:130px;\"><div class=\"fusion-separator-border sep-single sep-solid\" style=\"--awb-height:20px;--awb-amount:20px;--awb-sep-color:var(--awb-color3);border-color:var(--awb-color3);border-top-width:1px;\"><\/div><\/div><div class=\"fusion-image-element \" style=\"--awb-margin-top:20px;--awb-margin-bottom:10px;--awb-caption-title-font-family:var(--h2_typography-font-family);--awb-caption-title-font-weight:var(--h2_typography-font-weight);--awb-caption-title-font-style:var(--h2_typography-font-style);--awb-caption-title-size:var(--h2_typography-font-size);--awb-caption-title-transform:var(--h2_typography-text-transform);--awb-caption-title-line-height:var(--h2_typography-line-height);--awb-caption-title-letter-spacing:var(--h2_typography-letter-spacing);\"><span class=\" fusion-imageframe imageframe-none imageframe-7 hover-type-none\"><img decoding=\"async\" width=\"1064\" height=\"1600\" title=\"portrait nb1\" src=\"https:\/\/marc-chazelle.fr\/photographe\/wp-content\/uploads\/2024\/06\/portrait-nb1.jpg\" alt class=\"img-responsive wp-image-2010\" srcset=\"https:\/\/marc-chazelle.fr\/photographe\/wp-content\/uploads\/2024\/06\/portrait-nb1-200x301.jpg 200w, https:\/\/marc-chazelle.fr\/photographe\/wp-content\/uploads\/2024\/06\/portrait-nb1-400x602.jpg 400w, https:\/\/marc-chazelle.fr\/photographe\/wp-content\/uploads\/2024\/06\/portrait-nb1-600x902.jpg 600w, https:\/\/marc-chazelle.fr\/photographe\/wp-content\/uploads\/2024\/06\/portrait-nb1-800x1203.jpg 800w, https:\/\/marc-chazelle.fr\/photographe\/wp-content\/uploads\/2024\/06\/portrait-nb1.jpg 1064w\" sizes=\"(max-width: 800px) 100vw, (max-width: 640px) 100vw, 600px\" \/><\/span><\/div><div class=\"fusion-text fusion-text-11\"><p><span data-fusion-font=\"true\" data-fusion-google-font=\"Roboto\" data-fusion-google-variant=\"300\">Artisan photographe passionn\u00e9<\/span><span data-fusion-font=\"true\" data-fusion-google-font=\"Roboto\" data-fusion-google-variant=\"300\">, install\u00e9 sur la c\u00f4te normande, je parcours depuis 15 ans la Normandie et la France pour accompagner les entreprises, les collectivit\u00e9s locales et les particuliers dans leurs projets photographiques et audiovisuels.<\/span><\/p>\n<\/div><div style=\"text-align:center;\"><a class=\"fusion-button button-flat button-small button-custom fusion-button-default button-2 fusion-button-default-span fusion-button-default-type\" style=\"--button_accent_color:#000000;--button_border_color:#000000;--button_accent_hover_color:var(--awb-color5);--button_border_hover_color:var(--awb-color5);--button_border_width-top:1px;--button_border_width-right:1px;--button_border_width-bottom:1px;--button_border_width-left:1px;--button_gradient_top_color:var(--awb-color1);--button_gradient_bottom_color:var(--awb-color1);--button_gradient_top_color_hover:var(--awb-color1);--button_gradient_bottom_color_hover:var(--awb-color1);--button_margin-top:0px;width:calc(100%);\" target=\"_self\" href=\"#\"><span class=\"fusion-button-text\">En savoir encore plus&#8230;<\/span><\/a><\/div><div class=\"fusion-text fusion-text-12\"><h4 class=\"fusion-responsive-typography-calculated\" style=\"text-align: left; --fontsize: 24; line-height: 1.25; --minfontsize: 24; color: var(--awb-color4);\" data-fontsize=\"24\" data-lineheight=\"30px\">Contactez-moi<\/h4>\n<\/div><div class=\"fusion-separator\" style=\"align-self: flex-start;margin-right:auto;margin-top:0px;margin-bottom:30px;width:100%;max-width:130px;\"><div class=\"fusion-separator-border sep-single sep-solid\" style=\"--awb-height:20px;--awb-amount:20px;--awb-sep-color:var(--awb-color3);border-color:var(--awb-color3);border-top-width:1px;\"><\/div><\/div><div class=\"fusion-text fusion-text-13\"><p>Tel : +33(0)6.22.74.17.86<br \/>\nEmail: <a href=\"mailto:info@company.com\">c<\/a>hazelle.marc@gmail.com<\/p>\n<p>Beuvron-en-Auge &#8211; Normandie<br \/>\nOrmesson &#8211; R\u00e9gion Parisienne<\/p>\n<\/div><div class=\"fusion-separator fusion-full-width-sep\" style=\"align-self: center;margin-left: auto;margin-right: auto;margin-top:10px;width:100%;\"><\/div><div class=\"fusion-social-links fusion-social-links-1\" style=\"--awb-margin-top:0px;--awb-margin-right:0px;--awb-margin-bottom:0px;--awb-margin-left:0px;--awb-alignment:center;--awb-box-border-top:0px;--awb-box-border-right:0px;--awb-box-border-bottom:0px;--awb-box-border-left:0px;--awb-icon-colors-hover:rgba(29,32,40,0.8);--awb-box-colors-hover:rgba(255,255,255,0.8);--awb-box-border-color:var(--awb-color3);--awb-box-border-color-hover:var(--awb-color4);\"><div class=\"fusion-social-networks boxed-icons color-type-custom\"><div class=\"fusion-social-networks-wrapper\"><a class=\"fusion-social-network-icon fusion-tooltip fusion-facebook awb-icon-facebook\" style=\"color:var(--awb-color4);font-size:20px;width:20px;background-color:rgba(120,155,157,0);border-color:rgba(120,155,157,0);border-radius:0px;\" data-placement=\"top\" data-title=\"Facebook\" data-toggle=\"tooltip\" title=\"Facebook\" aria-label=\"facebook\" target=\"_blank\" rel=\"noopener noreferrer\" href=\"https:\/\/www.facebook.com\/marc.chazelle.photographe\"><\/a><a class=\"fusion-social-network-icon fusion-tooltip fusion-instagram awb-icon-instagram\" style=\"color:var(--awb-color4);font-size:20px;width:20px;background-color:rgba(120,155,157,0);border-color:rgba(120,155,157,0);border-radius:0px;\" data-placement=\"top\" data-title=\"Instagram\" data-toggle=\"tooltip\" title=\"Instagram\" aria-label=\"instagram\" target=\"_blank\" rel=\"noopener noreferrer\" href=\"https:\/\/www.instagram.com\/marc.chazelle.photographe\/\"><\/a><a class=\"fusion-social-network-icon fusion-tooltip fusion-linkedin awb-icon-linkedin\" style=\"color:var(--awb-color4);font-size:20px;width:20px;background-color:rgba(120,155,157,0);border-color:rgba(120,155,157,0);border-radius:0px;\" data-placement=\"top\" data-title=\"LinkedIn\" data-toggle=\"tooltip\" title=\"LinkedIn\" aria-label=\"linkedin\" target=\"_blank\" rel=\"noopener noreferrer\" href=\"https:\/\/www.linkedin.com\/in\/marc-chazelle-photographe\/\"><\/a><\/div><\/div><\/div><div class=\"fusion-separator fusion-full-width-sep\" style=\"align-self: center;margin-left: auto;margin-right: auto;margin-top:25px;width:100%;\"><\/div><div style=\"text-align:center;\"><a class=\"fusion-button button-flat button-medium button-default fusion-button-default button-3 fusion-button-default-span fusion-button-default-type\" style=\"width:calc(100%);\" target=\"_blank\" rel=\"noopener noreferrer\" href=\"#contact1\"><span class=\"fusion-button-text\">Contactez-moi<\/span><\/a><\/div><\/div><\/div><div class=\"fusion-layout-column fusion_builder_column fusion-builder-column-3 fusion_builder_column_1_4 1_4 fusion-flex-column\" style=\"--awb-bg-size:cover;--awb-width-large:25%;--awb-margin-top-large:0px;--awb-spacing-right-large:7.68%;--awb-margin-bottom-large:0px;--awb-spacing-left-large:7.68%;--awb-width-medium:100%;--awb-order-medium:0;--awb-spacing-right-medium:1.92%;--awb-spacing-left-medium:1.92%;--awb-width-small:100%;--awb-order-small:0;--awb-spacing-right-small:1.92%;--awb-spacing-left-small:1.92%;\"><div class=\"fusion-column-wrapper fusion-column-has-shadow fusion-flex-justify-content-flex-start fusion-content-layout-column\"><\/div><\/div><\/div><\/div><div class=\"fusion-fullwidth fullwidth-box fusion-builder-row-2 fusion-flex-container has-pattern-background has-mask-background hundred-percent-fullwidth non-hundred-percent-height-scrolling\" style=\"--awb-border-radius-top-left:0px;--awb-border-radius-top-right:0px;--awb-border-radius-bottom-right:0px;--awb-border-radius-bottom-left:0px;--awb-background-color:var(--awb-color1);--awb-flex-wrap:wrap;\" ><div class=\"fusion-builder-row fusion-row fusion-flex-align-items-flex-start fusion-flex-content-wrap\" style=\"width:104% !important;max-width:104% !important;margin-left: calc(-4% \/ 2 );margin-right: calc(-4% \/ 2 );\"><div class=\"fusion-layout-column fusion_builder_column fusion-builder-column-4 fusion_builder_column_1_1 1_1 fusion-flex-column\" style=\"--awb-bg-size:cover;--awb-width-large:100%;--awb-margin-top-large:30px;--awb-spacing-right-large:1.92%;--awb-margin-bottom-large:30px;--awb-spacing-left-large:1.92%;--awb-width-medium:100%;--awb-order-medium:0;--awb-spacing-right-medium:1.92%;--awb-spacing-left-medium:1.92%;--awb-width-small:100%;--awb-order-small:0;--awb-spacing-right-small:1.92%;--awb-spacing-left-small:1.92%;\"><div class=\"fusion-column-wrapper fusion-column-has-shadow fusion-flex-justify-content-flex-start fusion-content-layout-column\"><\/div><\/div><div class=\"fusion-layout-column fusion_builder_column fusion-builder-column-5 fusion_builder_column_1_1 1_1 fusion-flex-column\" style=\"--awb-bg-blend:overlay;--awb-bg-size:cover;--awb-width-large:100%;--awb-margin-top-large:0px;--awb-spacing-right-large:1.92%;--awb-margin-bottom-large:0px;--awb-spacing-left-large:1.92%;--awb-width-medium:100%;--awb-spacing-right-medium:1.92%;--awb-spacing-left-medium:1.92%;--awb-width-small:100%;--awb-spacing-right-small:1.92%;--awb-spacing-left-small:1.92%;\"><div class=\"fusion-column-wrapper fusion-flex-justify-content-flex-start fusion-content-layout-column\"><div class=\"fusion-separator fusion-full-width-sep\" style=\"align-self: center;margin-left: auto;margin-right: auto;margin-top:50px;width:100%;\"><\/div><div class=\"fusion-section-separator section-separator slant fusion-section-separator-1\" style=\"--awb-spacer-height:99px;--awb-svg-margin-left:1.92%;--awb-svg-margin-right:1.92%;--awb-svg-margin-left-medium:1.92%;--awb-svg-margin-right-medium:1.92%;--awb-svg-margin-left-small:1.92%;--awb-svg-margin-right-small:1.92%;--awb-divider-height:99px;--awb-spacer-padding-top:inherit;--awb-sep-padding:0;--awb-svg-padding:0;--awb-svg-tag-margin-bottom:-3px;--awb-sep-svg-display:block;\"><div class=\"fusion-section-separator-svg\"><svg class=\"fusion-slant-candy\" xmlns=\"http:\/\/www.w3.org\/2000\/svg\" version=\"1.1\" width=\"100%\" height=\"100\" viewBox=\"0 0 100 100\" preserveAspectRatio=\"none\" fill=\"rgba(120,155,157,1)\"><path d=\"M100 0 L0 100 L101 100 Z\"><\/path><\/svg><\/div><div class=\"fusion-section-separator-spacer\"><div class=\"fusion-section-separator-spacer-height\"><\/div><\/div><\/div><\/div><\/div><\/div><\/div><\/p>\n","protected":false},"excerpt":{"rendered":"","protected":false},"author":1,"featured_media":3749,"comment_status":"open","ping_status":"open","sticky":false,"template":"","format":"standard","meta":{"footnotes":""},"categories":[49,59],"tags":[56],"class_list":["post-4408","post","type-post","status-publish","format-standard","has-post-thumbnail","hentry","category-photo-dentreprise","category-photo-hoteliere","tag-photo-evenementielle"],"yoast_head":"<!-- This site is optimized with the Yoast SEO plugin v23.5 - https:\/\/yoast.com\/wordpress\/plugins\/seo\/ -->\n<title>H\u00f4tels de Normandie - Augmentez vos r\u00e9servations gr\u00e2ce \u00e0 la photo hotelli\u00e8re - Marc CHAZELLE Photographe d&#039;entreprise - Normandie &amp; Paris<\/title>\n<meta name=\"description\" content=\"Augmentez les r\u00e9servations de votre h\u00f4tel en Normandie avec des photos professionnelles ! D\u00e9couvrez comment des images de qualit\u00e9 attirent plus de clients et valorisent votre \u00e9tablissement. \ud83d\udcf8\" \/>\n<meta name=\"robots\" content=\"index, follow, max-snippet:-1, max-image-preview:large, max-video-preview:-1\" \/>\n<link rel=\"canonical\" href=\"https:\/\/marc-chazelle.fr\/photographe\/hotels-de-normandie-reportage-photo\/\" \/>\n<meta property=\"og:locale\" content=\"fr_FR\" \/>\n<meta property=\"og:type\" content=\"article\" \/>\n<meta property=\"og:title\" content=\"H\u00f4tels de Normandie - Augmentez vos r\u00e9servations gr\u00e2ce \u00e0 la photo hotelli\u00e8re - Marc CHAZELLE Photographe d&#039;entreprise - Normandie &amp; Paris\" \/>\n<meta property=\"og:description\" content=\"Augmentez les r\u00e9servations de votre h\u00f4tel en Normandie avec des photos professionnelles ! D\u00e9couvrez comment des images de qualit\u00e9 attirent plus de clients et valorisent votre \u00e9tablissement. \ud83d\udcf8\" \/>\n<meta property=\"og:url\" content=\"https:\/\/marc-chazelle.fr\/photographe\/hotels-de-normandie-reportage-photo\/\" \/>\n<meta property=\"og:site_name\" content=\"Marc CHAZELLE Photographe d&#039;entreprise - Normandie &amp; Paris\" \/>\n<meta property=\"article:publisher\" content=\"https:\/\/www.facebook.com\/marc.chazelle.photographe\/\" \/>\n<meta property=\"article:published_time\" content=\"2025-02-10T16:59:12+00:00\" \/>\n<meta property=\"article:modified_time\" content=\"2025-02-10T17:25:56+00:00\" \/>\n<meta property=\"og:image\" content=\"https:\/\/marc-chazelle.fr\/photographe\/wp-content\/uploads\/2024\/10\/suite-hotel-normandie-1.webp\" \/>\n\t<meta property=\"og:image:width\" content=\"1200\" \/>\n\t<meta property=\"og:image:height\" content=\"799\" \/>\n\t<meta property=\"og:image:type\" content=\"image\/webp\" \/>\n<meta name=\"author\" content=\"photo\" \/>\n<meta name=\"twitter:card\" content=\"summary_large_image\" \/>\n<meta name=\"twitter:label1\" content=\"\u00c9crit par\" \/>\n\t<meta name=\"twitter:data1\" content=\"photo\" \/>\n\t<meta name=\"twitter:label2\" content=\"Dur\u00e9e de lecture estim\u00e9e\" \/>\n\t<meta name=\"twitter:data2\" content=\"6 minutes\" \/>\n<script type=\"application\/ld+json\" class=\"yoast-schema-graph\">{\"@context\":\"https:\/\/schema.org\",\"@graph\":[{\"@type\":\"Article\",\"@id\":\"https:\/\/marc-chazelle.fr\/photographe\/hotels-de-normandie-reportage-photo\/#article\",\"isPartOf\":{\"@id\":\"https:\/\/marc-chazelle.fr\/photographe\/hotels-de-normandie-reportage-photo\/\"},\"author\":{\"name\":\"photo\",\"@id\":\"https:\/\/marc-chazelle.fr\/photographe\/#\/schema\/person\/2b730ad5b9bdeb913331ed633c91100d\"},\"headline\":\"H\u00f4tels de Normandie &#8211; Augmentez vos r\u00e9servations gr\u00e2ce \u00e0 la photo hotelli\u00e8re\",\"datePublished\":\"2025-02-10T16:59:12+00:00\",\"dateModified\":\"2025-02-10T17:25:56+00:00\",\"mainEntityOfPage\":{\"@id\":\"https:\/\/marc-chazelle.fr\/photographe\/hotels-de-normandie-reportage-photo\/\"},\"wordCount\":4669,\"commentCount\":0,\"publisher\":{\"@id\":\"https:\/\/marc-chazelle.fr\/photographe\/#organization\"},\"image\":{\"@id\":\"https:\/\/marc-chazelle.fr\/photographe\/hotels-de-normandie-reportage-photo\/#primaryimage\"},\"thumbnailUrl\":\"https:\/\/marc-chazelle.fr\/photographe\/wp-content\/uploads\/2024\/10\/suite-hotel-normandie-1.webp\",\"keywords\":[\"Photo \u00e9v\u00e8nementielle\"],\"articleSection\":[\"Photo d'entreprise\",\"photo h\u00f4teli\u00e8re\"],\"inLanguage\":\"fr-FR\",\"potentialAction\":[{\"@type\":\"CommentAction\",\"name\":\"Comment\",\"target\":[\"https:\/\/marc-chazelle.fr\/photographe\/hotels-de-normandie-reportage-photo\/#respond\"]}]},{\"@type\":\"WebPage\",\"@id\":\"https:\/\/marc-chazelle.fr\/photographe\/hotels-de-normandie-reportage-photo\/\",\"url\":\"https:\/\/marc-chazelle.fr\/photographe\/hotels-de-normandie-reportage-photo\/\",\"name\":\"H\u00f4tels de Normandie - Augmentez vos r\u00e9servations gr\u00e2ce \u00e0 la photo hotelli\u00e8re - Marc CHAZELLE Photographe d&#039;entreprise - Normandie &amp; Paris\",\"isPartOf\":{\"@id\":\"https:\/\/marc-chazelle.fr\/photographe\/#website\"},\"primaryImageOfPage\":{\"@id\":\"https:\/\/marc-chazelle.fr\/photographe\/hotels-de-normandie-reportage-photo\/#primaryimage\"},\"image\":{\"@id\":\"https:\/\/marc-chazelle.fr\/photographe\/hotels-de-normandie-reportage-photo\/#primaryimage\"},\"thumbnailUrl\":\"https:\/\/marc-chazelle.fr\/photographe\/wp-content\/uploads\/2024\/10\/suite-hotel-normandie-1.webp\",\"datePublished\":\"2025-02-10T16:59:12+00:00\",\"dateModified\":\"2025-02-10T17:25:56+00:00\",\"description\":\"Augmentez les r\u00e9servations de votre h\u00f4tel en Normandie avec des photos professionnelles ! D\u00e9couvrez comment des images de qualit\u00e9 attirent plus de clients et valorisent votre \u00e9tablissement. \ud83d\udcf8\",\"breadcrumb\":{\"@id\":\"https:\/\/marc-chazelle.fr\/photographe\/hotels-de-normandie-reportage-photo\/#breadcrumb\"},\"inLanguage\":\"fr-FR\",\"potentialAction\":[{\"@type\":\"ReadAction\",\"target\":[\"https:\/\/marc-chazelle.fr\/photographe\/hotels-de-normandie-reportage-photo\/\"]}]},{\"@type\":\"ImageObject\",\"inLanguage\":\"fr-FR\",\"@id\":\"https:\/\/marc-chazelle.fr\/photographe\/hotels-de-normandie-reportage-photo\/#primaryimage\",\"url\":\"https:\/\/marc-chazelle.fr\/photographe\/wp-content\/uploads\/2024\/10\/suite-hotel-normandie-1.webp\",\"contentUrl\":\"https:\/\/marc-chazelle.fr\/photographe\/wp-content\/uploads\/2024\/10\/suite-hotel-normandie-1.webp\",\"width\":1200,\"height\":799,\"caption\":\"suite d'un hotel parisien reportage photographique\"},{\"@type\":\"BreadcrumbList\",\"@id\":\"https:\/\/marc-chazelle.fr\/photographe\/hotels-de-normandie-reportage-photo\/#breadcrumb\",\"itemListElement\":[{\"@type\":\"ListItem\",\"position\":1,\"name\":\"Accueil\",\"item\":\"https:\/\/marc-chazelle.fr\/photographe\/\"},{\"@type\":\"ListItem\",\"position\":2,\"name\":\"H\u00f4tels de Normandie &#8211; Augmentez vos r\u00e9servations gr\u00e2ce \u00e0 la photo hotelli\u00e8re\"}]},{\"@type\":\"WebSite\",\"@id\":\"https:\/\/marc-chazelle.fr\/photographe\/#website\",\"url\":\"https:\/\/marc-chazelle.fr\/photographe\/\",\"name\":\"Marc CHAZELLE Photographe d'entreprise - Normandie & Paris\",\"description\":\"\",\"publisher\":{\"@id\":\"https:\/\/marc-chazelle.fr\/photographe\/#organization\"},\"potentialAction\":[{\"@type\":\"SearchAction\",\"target\":{\"@type\":\"EntryPoint\",\"urlTemplate\":\"https:\/\/marc-chazelle.fr\/photographe\/?s={search_term_string}\"},\"query-input\":{\"@type\":\"PropertyValueSpecification\",\"valueRequired\":true,\"valueName\":\"search_term_string\"}}],\"inLanguage\":\"fr-FR\"},{\"@type\":\"Organization\",\"@id\":\"https:\/\/marc-chazelle.fr\/photographe\/#organization\",\"name\":\"Marc CHAZELLE Photographe d'entreprise - Normandie & Paris\",\"url\":\"https:\/\/marc-chazelle.fr\/photographe\/\",\"logo\":{\"@type\":\"ImageObject\",\"inLanguage\":\"fr-FR\",\"@id\":\"https:\/\/marc-chazelle.fr\/photographe\/#\/schema\/logo\/image\/\",\"url\":\"https:\/\/marc-chazelle.fr\/photographe\/wp-content\/uploads\/2024\/09\/appareil-photo-1-copie.webp\",\"contentUrl\":\"https:\/\/marc-chazelle.fr\/photographe\/wp-content\/uploads\/2024\/09\/appareil-photo-1-copie.webp\",\"width\":2000,\"height\":2000,\"caption\":\"Marc CHAZELLE Photographe d'entreprise - Normandie & Paris\"},\"image\":{\"@id\":\"https:\/\/marc-chazelle.fr\/photographe\/#\/schema\/logo\/image\/\"},\"sameAs\":[\"https:\/\/www.facebook.com\/marc.chazelle.photographe\/\",\"https:\/\/www.instagram.com\/marc.chazelle.photographe\/\",\"https:\/\/www.linkedin.com\/in\/marc-chazelle-photographe\/\"]},{\"@type\":\"Person\",\"@id\":\"https:\/\/marc-chazelle.fr\/photographe\/#\/schema\/person\/2b730ad5b9bdeb913331ed633c91100d\",\"name\":\"photo\",\"image\":{\"@type\":\"ImageObject\",\"inLanguage\":\"fr-FR\",\"@id\":\"https:\/\/marc-chazelle.fr\/photographe\/#\/schema\/person\/image\/\",\"url\":\"https:\/\/secure.gravatar.com\/avatar\/1584137e92f7a4131a7f6b5101d8657acc0a7ec479f22403a74189ea46bf5169?s=96&d=mm&r=g\",\"contentUrl\":\"https:\/\/secure.gravatar.com\/avatar\/1584137e92f7a4131a7f6b5101d8657acc0a7ec479f22403a74189ea46bf5169?s=96&d=mm&r=g\",\"caption\":\"photo\"},\"sameAs\":[\"https:\/\/marc-chazelle.fr\/photographe\"],\"url\":\"https:\/\/marc-chazelle.fr\/photographe\/author\/photo\/\"}]}<\/script>\n<!-- \/ Yoast SEO plugin. -->","yoast_head_json":{"title":"H\u00f4tels de Normandie - Augmentez vos r\u00e9servations gr\u00e2ce \u00e0 la photo hotelli\u00e8re - Marc CHAZELLE Photographe d&#039;entreprise - Normandie &amp; Paris","description":"Augmentez les r\u00e9servations de votre h\u00f4tel en Normandie avec des photos professionnelles ! D\u00e9couvrez comment des images de qualit\u00e9 attirent plus de clients et valorisent votre \u00e9tablissement. \ud83d\udcf8","robots":{"index":"index","follow":"follow","max-snippet":"max-snippet:-1","max-image-preview":"max-image-preview:large","max-video-preview":"max-video-preview:-1"},"canonical":"https:\/\/marc-chazelle.fr\/photographe\/hotels-de-normandie-reportage-photo\/","og_locale":"fr_FR","og_type":"article","og_title":"H\u00f4tels de Normandie - Augmentez vos r\u00e9servations gr\u00e2ce \u00e0 la photo hotelli\u00e8re - Marc CHAZELLE Photographe d&#039;entreprise - Normandie &amp; Paris","og_description":"Augmentez les r\u00e9servations de votre h\u00f4tel en Normandie avec des photos professionnelles ! D\u00e9couvrez comment des images de qualit\u00e9 attirent plus de clients et valorisent votre \u00e9tablissement. \ud83d\udcf8","og_url":"https:\/\/marc-chazelle.fr\/photographe\/hotels-de-normandie-reportage-photo\/","og_site_name":"Marc CHAZELLE Photographe d&#039;entreprise - Normandie &amp; Paris","article_publisher":"https:\/\/www.facebook.com\/marc.chazelle.photographe\/","article_published_time":"2025-02-10T16:59:12+00:00","article_modified_time":"2025-02-10T17:25:56+00:00","og_image":[{"width":1200,"height":799,"url":"https:\/\/marc-chazelle.fr\/photographe\/wp-content\/uploads\/2024\/10\/suite-hotel-normandie-1.webp","type":"image\/webp"}],"author":"photo","twitter_card":"summary_large_image","twitter_misc":{"\u00c9crit par":"photo","Dur\u00e9e de lecture estim\u00e9e":"6 minutes"},"schema":{"@context":"https:\/\/schema.org","@graph":[{"@type":"Article","@id":"https:\/\/marc-chazelle.fr\/photographe\/hotels-de-normandie-reportage-photo\/#article","isPartOf":{"@id":"https:\/\/marc-chazelle.fr\/photographe\/hotels-de-normandie-reportage-photo\/"},"author":{"name":"photo","@id":"https:\/\/marc-chazelle.fr\/photographe\/#\/schema\/person\/2b730ad5b9bdeb913331ed633c91100d"},"headline":"H\u00f4tels de Normandie &#8211; Augmentez vos r\u00e9servations gr\u00e2ce \u00e0 la photo hotelli\u00e8re","datePublished":"2025-02-10T16:59:12+00:00","dateModified":"2025-02-10T17:25:56+00:00","mainEntityOfPage":{"@id":"https:\/\/marc-chazelle.fr\/photographe\/hotels-de-normandie-reportage-photo\/"},"wordCount":4669,"commentCount":0,"publisher":{"@id":"https:\/\/marc-chazelle.fr\/photographe\/#organization"},"image":{"@id":"https:\/\/marc-chazelle.fr\/photographe\/hotels-de-normandie-reportage-photo\/#primaryimage"},"thumbnailUrl":"https:\/\/marc-chazelle.fr\/photographe\/wp-content\/uploads\/2024\/10\/suite-hotel-normandie-1.webp","keywords":["Photo \u00e9v\u00e8nementielle"],"articleSection":["Photo d'entreprise","photo h\u00f4teli\u00e8re"],"inLanguage":"fr-FR","potentialAction":[{"@type":"CommentAction","name":"Comment","target":["https:\/\/marc-chazelle.fr\/photographe\/hotels-de-normandie-reportage-photo\/#respond"]}]},{"@type":"WebPage","@id":"https:\/\/marc-chazelle.fr\/photographe\/hotels-de-normandie-reportage-photo\/","url":"https:\/\/marc-chazelle.fr\/photographe\/hotels-de-normandie-reportage-photo\/","name":"H\u00f4tels de Normandie - Augmentez vos r\u00e9servations gr\u00e2ce \u00e0 la photo hotelli\u00e8re - Marc CHAZELLE Photographe d&#039;entreprise - Normandie &amp; Paris","isPartOf":{"@id":"https:\/\/marc-chazelle.fr\/photographe\/#website"},"primaryImageOfPage":{"@id":"https:\/\/marc-chazelle.fr\/photographe\/hotels-de-normandie-reportage-photo\/#primaryimage"},"image":{"@id":"https:\/\/marc-chazelle.fr\/photographe\/hotels-de-normandie-reportage-photo\/#primaryimage"},"thumbnailUrl":"https:\/\/marc-chazelle.fr\/photographe\/wp-content\/uploads\/2024\/10\/suite-hotel-normandie-1.webp","datePublished":"2025-02-10T16:59:12+00:00","dateModified":"2025-02-10T17:25:56+00:00","description":"Augmentez les r\u00e9servations de votre h\u00f4tel en Normandie avec des photos professionnelles ! D\u00e9couvrez comment des images de qualit\u00e9 attirent plus de clients et valorisent votre \u00e9tablissement. \ud83d\udcf8","breadcrumb":{"@id":"https:\/\/marc-chazelle.fr\/photographe\/hotels-de-normandie-reportage-photo\/#breadcrumb"},"inLanguage":"fr-FR","potentialAction":[{"@type":"ReadAction","target":["https:\/\/marc-chazelle.fr\/photographe\/hotels-de-normandie-reportage-photo\/"]}]},{"@type":"ImageObject","inLanguage":"fr-FR","@id":"https:\/\/marc-chazelle.fr\/photographe\/hotels-de-normandie-reportage-photo\/#primaryimage","url":"https:\/\/marc-chazelle.fr\/photographe\/wp-content\/uploads\/2024\/10\/suite-hotel-normandie-1.webp","contentUrl":"https:\/\/marc-chazelle.fr\/photographe\/wp-content\/uploads\/2024\/10\/suite-hotel-normandie-1.webp","width":1200,"height":799,"caption":"suite d'un hotel parisien reportage photographique"},{"@type":"BreadcrumbList","@id":"https:\/\/marc-chazelle.fr\/photographe\/hotels-de-normandie-reportage-photo\/#breadcrumb","itemListElement":[{"@type":"ListItem","position":1,"name":"Accueil","item":"https:\/\/marc-chazelle.fr\/photographe\/"},{"@type":"ListItem","position":2,"name":"H\u00f4tels de Normandie &#8211; Augmentez vos r\u00e9servations gr\u00e2ce \u00e0 la photo hotelli\u00e8re"}]},{"@type":"WebSite","@id":"https:\/\/marc-chazelle.fr\/photographe\/#website","url":"https:\/\/marc-chazelle.fr\/photographe\/","name":"Marc CHAZELLE Photographe d'entreprise - Normandie & Paris","description":"","publisher":{"@id":"https:\/\/marc-chazelle.fr\/photographe\/#organization"},"potentialAction":[{"@type":"SearchAction","target":{"@type":"EntryPoint","urlTemplate":"https:\/\/marc-chazelle.fr\/photographe\/?s={search_term_string}"},"query-input":{"@type":"PropertyValueSpecification","valueRequired":true,"valueName":"search_term_string"}}],"inLanguage":"fr-FR"},{"@type":"Organization","@id":"https:\/\/marc-chazelle.fr\/photographe\/#organization","name":"Marc CHAZELLE Photographe d'entreprise - Normandie & Paris","url":"https:\/\/marc-chazelle.fr\/photographe\/","logo":{"@type":"ImageObject","inLanguage":"fr-FR","@id":"https:\/\/marc-chazelle.fr\/photographe\/#\/schema\/logo\/image\/","url":"https:\/\/marc-chazelle.fr\/photographe\/wp-content\/uploads\/2024\/09\/appareil-photo-1-copie.webp","contentUrl":"https:\/\/marc-chazelle.fr\/photographe\/wp-content\/uploads\/2024\/09\/appareil-photo-1-copie.webp","width":2000,"height":2000,"caption":"Marc CHAZELLE Photographe d'entreprise - Normandie & Paris"},"image":{"@id":"https:\/\/marc-chazelle.fr\/photographe\/#\/schema\/logo\/image\/"},"sameAs":["https:\/\/www.facebook.com\/marc.chazelle.photographe\/","https:\/\/www.instagram.com\/marc.chazelle.photographe\/","https:\/\/www.linkedin.com\/in\/marc-chazelle-photographe\/"]},{"@type":"Person","@id":"https:\/\/marc-chazelle.fr\/photographe\/#\/schema\/person\/2b730ad5b9bdeb913331ed633c91100d","name":"photo","image":{"@type":"ImageObject","inLanguage":"fr-FR","@id":"https:\/\/marc-chazelle.fr\/photographe\/#\/schema\/person\/image\/","url":"https:\/\/secure.gravatar.com\/avatar\/1584137e92f7a4131a7f6b5101d8657acc0a7ec479f22403a74189ea46bf5169?s=96&d=mm&r=g","contentUrl":"https:\/\/secure.gravatar.com\/avatar\/1584137e92f7a4131a7f6b5101d8657acc0a7ec479f22403a74189ea46bf5169?s=96&d=mm&r=g","caption":"photo"},"sameAs":["https:\/\/marc-chazelle.fr\/photographe"],"url":"https:\/\/marc-chazelle.fr\/photographe\/author\/photo\/"}]}},"_links":{"self":[{"href":"https:\/\/marc-chazelle.fr\/photographe\/wp-json\/wp\/v2\/posts\/4408","targetHints":{"allow":["GET"]}}],"collection":[{"href":"https:\/\/marc-chazelle.fr\/photographe\/wp-json\/wp\/v2\/posts"}],"about":[{"href":"https:\/\/marc-chazelle.fr\/photographe\/wp-json\/wp\/v2\/types\/post"}],"author":[{"embeddable":true,"href":"https:\/\/marc-chazelle.fr\/photographe\/wp-json\/wp\/v2\/users\/1"}],"replies":[{"embeddable":true,"href":"https:\/\/marc-chazelle.fr\/photographe\/wp-json\/wp\/v2\/comments?post=4408"}],"version-history":[{"count":0,"href":"https:\/\/marc-chazelle.fr\/photographe\/wp-json\/wp\/v2\/posts\/4408\/revisions"}],"wp:featuredmedia":[{"embeddable":true,"href":"https:\/\/marc-chazelle.fr\/photographe\/wp-json\/wp\/v2\/media\/3749"}],"wp:attachment":[{"href":"https:\/\/marc-chazelle.fr\/photographe\/wp-json\/wp\/v2\/media?parent=4408"}],"wp:term":[{"taxonomy":"category","embeddable":true,"href":"https:\/\/marc-chazelle.fr\/photographe\/wp-json\/wp\/v2\/categories?post=4408"},{"taxonomy":"post_tag","embeddable":true,"href":"https:\/\/marc-chazelle.fr\/photographe\/wp-json\/wp\/v2\/tags?post=4408"}],"curies":[{"name":"wp","href":"https:\/\/api.w.org\/{rel}","templated":true}]}}