{"id":5613,"date":"2025-05-02T10:10:54","date_gmt":"2025-05-02T08:10:54","guid":{"rendered":"https:\/\/marc-chazelle.fr\/photographe\/?p=5613"},"modified":"2025-06-07T06:54:34","modified_gmt":"2025-06-07T04:54:34","slug":"portrait-artiste-peintre","status":"publish","type":"post","link":"https:\/\/marc-chazelle.fr\/photographe\/portrait-artiste-peintre\/","title":{"rendered":"Portrait d\u2019un artiste peintre : entre fragilit\u00e9 et lumi\u00e8re"},"content":{"rendered":"<p><div class=\"fusion-fullwidth fullwidth-box fusion-builder-row-1 fusion-flex-container has-pattern-background has-mask-background hundred-percent-fullwidth non-hundred-percent-height-scrolling\" style=\"--awb-border-sizes-top:0px;--awb-border-sizes-bottom:0px;--awb-border-sizes-left:0px;--awb-border-sizes-right:0px;--awb-border-radius-top-left:0px;--awb-border-radius-top-right:0px;--awb-border-radius-bottom-right:0px;--awb-border-radius-bottom-left:0px;--awb-padding-top:0px;--awb-padding-right:0px;--awb-padding-bottom:0px;--awb-padding-left:0px;--awb-padding-top-small:20px;--awb-margin-top:0px;--awb-background-color:var(--awb-color1);--awb-flex-wrap:wrap;\" id=\"more\" ><div class=\"awb-background-pattern\" style=\"background-image:  url();\"><\/div><div class=\"awb-background-mask\" style=\"background-image:  url(data:image\/svg+xml;utf8,%3Csvg%20width%3D%221920%22%20height%3D%22954%22%20fill%3D%22none%22%20xmlns%3D%22http%3A%2F%2Fwww.w3.org%2F2000%2Fsvg%22%3E%3Cpath%20fill-rule%3D%22evenodd%22%20clip-rule%3D%22evenodd%22%20d%3D%22M1920%20445.163c-2.92%203.137-5.9%206.234-8.96%209.288-123.43%20123.436-316.13%20135.398-452.99%2035.887l245%20184.622c-116.76%20154.952-336.57%20186.262-490.94%2069.933-36.72-27.669-66.43-61.199-88.81-98.322l157.02%20271.978c-124.14%2071.672-282.874%2029.138-354.546-95.001-71.672-124.14-29.139-282.876%2094.996-354.548l95.91%20166.116c-64.81-117.365-58.83-267.08%2027.33-381.421l304.5%20229.454a353.453%20353.453%200%2001-32.44-28.698C1292.2%20330.576%201280.59%20136.947%201381.25%200H0v954h1920V445.163z%22%20fill%3D%22rgba%28255%2C255%2C255%2C1%29%22%2F%3E%3C%2Fsvg%3E);transform: scale(-1, -1);mix-blend-mode:screen;\"><\/div><div class=\"fusion-builder-row fusion-row fusion-flex-align-items-flex-start fusion-flex-content-wrap\" style=\"width:104% !important;max-width:104% !important;margin-left: calc(-4% \/ 2 );margin-right: calc(-4% \/ 2 );\"><div class=\"fusion-layout-column fusion_builder_column fusion-builder-column-0 fusion_builder_column_1_1 1_1 fusion-flex-column\" style=\"--awb-bg-color:var(--awb-color1);--awb-bg-color-hover:var(--awb-color1);--awb-bg-size:cover;--awb-width-large:100%;--awb-margin-top-large:0px;--awb-spacing-right-large:1.92%;--awb-margin-bottom-large:0px;--awb-spacing-left-large:1.92%;--awb-width-medium:100%;--awb-order-medium:0;--awb-spacing-right-medium:1.92%;--awb-spacing-left-medium:1.92%;--awb-width-small:100%;--awb-order-small:0;--awb-spacing-right-small:1.92%;--awb-spacing-left-small:1.92%;\"><div class=\"fusion-column-wrapper fusion-column-has-shadow fusion-flex-justify-content-flex-start fusion-content-layout-column\"><div class=\"fusion-image-element \" style=\"text-align:center;--awb-margin-top:25px;--awb-margin-bottom:10px;--awb-max-width:120px;--awb-caption-title-font-family:var(--h2_typography-font-family);--awb-caption-title-font-weight:var(--h2_typography-font-weight);--awb-caption-title-font-style:var(--h2_typography-font-style);--awb-caption-title-size:var(--h2_typography-font-size);--awb-caption-title-transform:var(--h2_typography-text-transform);--awb-caption-title-line-height:var(--h2_typography-line-height);--awb-caption-title-letter-spacing:var(--h2_typography-letter-spacing);\"><span class=\" fusion-imageframe imageframe-none imageframe-1 hover-type-none\"><img decoding=\"async\" width=\"400\" height=\"400\" alt=\"appareil photo icone\" title=\"appareil photo 1\" src=\"https:\/\/marc-chazelle.fr\/photographe\/wp-content\/uploads\/2024\/09\/appareil-photo-1-400x400.png\" class=\"img-responsive wp-image-2882\" srcset=\"https:\/\/marc-chazelle.fr\/photographe\/wp-content\/uploads\/2024\/09\/appareil-photo-1-200x200.png 200w, https:\/\/marc-chazelle.fr\/photographe\/wp-content\/uploads\/2024\/09\/appareil-photo-1-400x400.png 400w, https:\/\/marc-chazelle.fr\/photographe\/wp-content\/uploads\/2024\/09\/appareil-photo-1-600x600.png 600w, https:\/\/marc-chazelle.fr\/photographe\/wp-content\/uploads\/2024\/09\/appareil-photo-1-800x800.png 800w, https:\/\/marc-chazelle.fr\/photographe\/wp-content\/uploads\/2024\/09\/appareil-photo-1-1200x1200.png 1200w\" sizes=\"(max-width: 800px) 100vw, (max-width: 640px) 100vw, 1200px\" \/><\/span><\/div><div class=\"fusion-title title fusion-title-1 fusion-title-center fusion-title-text fusion-title-size-one\" style=\"--awb-text-color:#000000;--awb-margin-bottom:10px;--awb-font-size:48px;\"><div class=\"title-sep-container title-sep-container-left\"><div class=\"title-sep sep- sep-solid\" style=\"border-color:var(--awb-color7);\"><\/div><\/div><span class=\"awb-title-spacer\"><\/span><h1 class=\"fusion-title-heading title-heading-center fusion-responsive-typography-calculated\" style=\"margin:0;font-size:1em;text-transform:uppercase;--fontSize:48;line-height:var(--awb-typography1-line-height);\"><b>Portrait d\u2019un artiste peintre<\/b><\/h1><span class=\"awb-title-spacer\"><\/span><div class=\"title-sep-container title-sep-container-right\"><div class=\"title-sep sep- sep-solid\" style=\"border-color:var(--awb-color7);\"><\/div><\/div><\/div><div class=\"fusion-title title fusion-title-2 fusion-title-center fusion-title-text fusion-title-size-three\" style=\"--awb-text-color:var(--awb-color8);--awb-font-size:17px;\"><div class=\"title-sep-container title-sep-container-left\"><div class=\"title-sep sep- sep-solid\" style=\"border-color:var(--awb-color7);\"><\/div><\/div><span class=\"awb-title-spacer\"><\/span><h3 class=\"fusion-title-heading title-heading-center fusion-responsive-typography-calculated\" style=\"font-family:&quot;Montserrat&quot;;font-style:normal;font-weight:600;margin:0;font-size:1em;letter-spacing:4px;--fontSize:17;--minFontSize:17;line-height:1;\"><b style=\"font-family: Montserrat; font-weight: 300;\" data-fusion-font=\"true\" data-fusion-google-font=\"Montserrat\" data-fusion-google-variant=\"300\">entre fragilit\u00e9 et lumi\u00e8re<\/b><\/h3><span class=\"awb-title-spacer\"><\/span><div class=\"title-sep-container title-sep-container-right\"><div class=\"title-sep sep- sep-solid\" style=\"border-color:var(--awb-color7);\"><\/div><\/div><\/div><div class=\"fusion-separator\" style=\"align-self: center;margin-left: auto;margin-right: auto;margin-top:15px;margin-bottom:25px;width:100%;max-width:20px;\"><div class=\"fusion-separator-border sep-single sep-solid\" style=\"--awb-height:20px;--awb-amount:20px;--awb-sep-color:var(--awb-color4);border-color:var(--awb-color4);border-top-width:2px;\"><\/div><\/div><\/div><\/div><\/div><\/div><div class=\"fusion-fullwidth fullwidth-box fusion-builder-row-2 fusion-flex-container nonhundred-percent-fullwidth non-hundred-percent-height-scrolling\" style=\"--awb-background-position:left top;--awb-border-sizes-top:0px;--awb-border-sizes-bottom:0px;--awb-border-sizes-left:0px;--awb-border-sizes-right:0px;--awb-border-radius-top-left:0px;--awb-border-radius-top-right:0px;--awb-border-radius-bottom-right:0px;--awb-border-radius-bottom-left:0px;--awb-padding-top:0px;--awb-margin-top:0px;--awb-background-color:#ffffff;--awb-flex-wrap:wrap;\" ><div class=\"fusion-builder-row fusion-row fusion-flex-align-items-flex-start fusion-flex-content-wrap\" style=\"max-width:1216.8px;margin-left: calc(-4% \/ 2 );margin-right: calc(-4% \/ 2 );\"><div class=\"fusion-layout-column fusion_builder_column fusion-builder-column-1 fusion_builder_column_1_1 1_1 fusion-flex-column\" style=\"--awb-padding-right:50px;--awb-padding-left:50px;--awb-padding-right-small:0px;--awb-padding-left-small:0px;--awb-bg-blend:overlay;--awb-bg-size:cover;--awb-width-large:100%;--awb-margin-top-large:0px;--awb-spacing-right-large:3.84%;--awb-margin-bottom-large:40px;--awb-spacing-left-large:1.92%;--awb-width-medium:100%;--awb-spacing-right-medium:1.92%;--awb-spacing-left-medium:1.92%;--awb-width-small:100%;--awb-spacing-right-small:1.92%;--awb-spacing-left-small:1.92%;\"><div class=\"fusion-column-wrapper fusion-flex-justify-content-flex-start fusion-content-layout-column\"><div class=\"fusion-text fusion-text-1\" style=\"--awb-text-font-family:&quot;Roboto&quot;;--awb-text-font-style:normal;--awb-text-font-weight:500;\"><p style=\"font-family: Roboto; font-weight: 300;\" data-fusion-font=\"true\" data-fusion-google-font=\"Roboto\" data-fusion-google-variant=\"300\">Ce n\u2019est pas tous les jours que j\u2019ai l\u2019occasion de photographier un artiste peintre. Et je dois l\u2019avouer : c\u2019est un moment aussi grisant qu\u2019intimidant.<\/p>\n<p style=\"font-family: Roboto;\" data-fusion-font=\"true\" data-fusion-google-font=\"Roboto\" data-fusion-google-variant=\"300\"><span style=\"font-weight: 300;\">En tant que <u><a href=\"https:\/\/marc-chazelle.fr\/photographe\/photographe-portrait-professionnel-corporate\/\">photographe de portrait corporate en Normandie<\/a><\/u>, j\u2019ai l\u2019habitude de c\u00f4toyer des dirigeants, des \u00e9lus, des chefs d\u2019entreprise. <\/span><b>Des personnalit\u00e9s qui, face \u00e0 l\u2019objectif, cherchent \u00e0 ma\u00eetriser leur image<\/b>, <span style=\"font-family: Roboto; font-weight: 300;\" data-fusion-font=\"true\" data-fusion-google-font=\"Roboto\" data-fusion-google-variant=\"300\">\u00e0 incarner la confiance, la r\u00e9ussite, la solidit\u00e9. Mais l\u00e0, tout est diff\u00e9rent. L\u2019homme que j\u2019ai en face de moi ne cherche pas \u00e0 se montrer sous son meilleur jour.<\/span> Il veut, au contraire, que l\u2019on per\u00e7oive ses failles, ses doutes. Il m\u2019offre sa vuln\u00e9rabilit\u00e9. Et cela change tout.<\/p>\n<p style=\"font-family: Roboto;\" data-fusion-font=\"true\" data-fusion-google-font=\"Roboto\" data-fusion-google-variant=\"300\"><span style=\"font-weight: 300;\">Derri\u00e8re chaque \u0153uvre, il y a un \u00eatre humain. Un esprit en mouvement, parfois tourment\u00e9. Un corps habit\u00e9 par la cr\u00e9ation, port\u00e9 par un geste. C\u2019est ce que je voulais capter. Un portrait qui ne se contente pas de figer un visage, mais qui questionne l\u2019essence m\u00eame de l\u2019acte de cr\u00e9er. <\/span><b>Un clich\u00e9 qui d\u00e9voile les strates invisibles de l\u2019\u00e2me de l\u2019artiste<\/b>, comme les couches superpos\u00e9es d\u2019une toile.<\/p>\n<p style=\"font-family: Roboto; font-weight: 300;\" data-fusion-font=\"true\" data-fusion-google-font=\"Roboto\" data-fusion-google-variant=\"300\">La s\u00e9ance avait pour but de mettre en valeur son univers, sa technique, son atelier, ses gestes. Apr\u00e8s quelques heures de prises de vue dans des coins choisis de son espace de travail, je commen\u00e7ais \u00e0 avoir une belle mati\u00e8re. J\u2019\u00e9tais satisfait.<\/p>\n<p style=\"font-family: Roboto;\" data-fusion-font=\"true\" data-fusion-google-font=\"Roboto\" data-fusion-google-variant=\"300\"><span style=\"font-weight: 300;\">Et puis, \u00e0 la toute fin, alors que la fatigue s\u2019\u00e9tait install\u00e9e et que je rangeais doucement mon mat\u00e9riel, je l\u2019ai vu faire un geste simple, presque anodin : passer sa main sur son visage. Un mouvement charg\u00e9. Je lui ai demand\u00e9 de le refaire. Il n\u2019y avait presque plus de lumi\u00e8re. J\u2019ai ouvert en grand, f\/1.4. J\u2019ai retenu mon souffle. Et j\u2019ai su. <\/span><b>Je tenais mon portrait.<\/b><\/p>\n<p style=\"font-family: Roboto;\" data-fusion-font=\"true\" data-fusion-google-font=\"Roboto\" data-fusion-google-variant=\"300\"><span style=\"font-weight: 300;\">Celui qui ne montre pas seulement un artiste, mais <strong>la fragilit\u00e9 de l\u2019homme derri\u00e8re l\u2019\u0153uvre<\/strong>. Une posture, une lumi\u00e8re qui racontent bien plus que ce que l\u2019on voit. <\/span><b>Une image brute, sinc\u00e8re, d\u00e9pouill\u00e9e, qui tente de r\u00e9v\u00e9ler ce qu\u2019il y a d\u2019intime dans la cr\u00e9ation.<\/b><\/p>\n<p style=\"font-family: Roboto; font-weight: 300;\" data-fusion-font=\"true\" data-fusion-google-font=\"Roboto\" data-fusion-google-variant=\"300\">Un portrait qui ne cherche pas \u00e0 flatter. Mais \u00e0 dire vrai.<\/p>\n<p style=\"font-family: Roboto; font-weight: 300;\" data-fusion-font=\"true\" data-fusion-google-font=\"Roboto\" data-fusion-google-variant=\"300\">Si vous souhaitez d\u00e9couvrir l\u2019univers d\u2019AXHONE, ses \u0153uvres puissantes, sa technique d\u2019une pr\u00e9cision rare, je vous invite \u00e0 visiter son site : <a href=\"https:\/\/www.axhone.com\/\">www.axhone.com<\/a>. Une plong\u00e9e sensible dans un monde o\u00f9 chaque tableau est une part de son histoire et de son parcours.<\/p>\n<\/div><div ><a class=\"fusion-button button-flat button-medium button-custom fusion-button-default button-1 fusion-button-default-span fusion-button-default-type fusion-has-button-gradient\" style=\"--button_accent_color:var(--awb-color1);--button_accent_hover_color:var(--awb-color5);--button_border_hover_color:var(--awb-color5);--button_border_width-top:1px;--button_border_width-right:1px;--button_border_width-bottom:1px;--button_border_width-left:1px;--button_gradient_top_color:#789b9d;--button_gradient_bottom_color:var(--awb-color3);--button_gradient_top_color_hover:var(--awb-color1);--button_gradient_bottom_color_hover:var(--awb-color1);--button_margin-top:30px;--button_margin-bottom:30px;width:calc(100%);\" target=\"_self\" href=\"#contact1\"><span class=\"fusion-button-text\">Besoin d&rsquo;un portrait qui vous parle ? Contactez-moi<\/span><\/a><\/div><div class=\"fusion-text fusion-text-2\" style=\"--awb-text-font-family:&quot;Roboto&quot;;--awb-text-font-style:normal;--awb-text-font-weight:500;\"><p style=\"font-family: Roboto;\" data-fusion-font=\"true\" data-fusion-google-font=\"Roboto\" data-fusion-google-variant=\"400\">Ci-dessous le portrait d&rsquo;Axhone<\/p>\n<\/div><div class=\"fusion-image-element \" style=\"text-align:center;--awb-max-width:450px;--awb-caption-title-font-family:var(--h2_typography-font-family);--awb-caption-title-font-weight:var(--h2_typography-font-weight);--awb-caption-title-font-style:var(--h2_typography-font-style);--awb-caption-title-size:var(--h2_typography-font-size);--awb-caption-title-transform:var(--h2_typography-text-transform);--awb-caption-title-line-height:var(--h2_typography-line-height);--awb-caption-title-letter-spacing:var(--h2_typography-letter-spacing);\"><span class=\" fusion-imageframe imageframe-none imageframe-2 hover-type-none\"><a href=\"https:\/\/marc-chazelle.fr\/photographe\/wp-content\/uploads\/2025\/04\/portrait-artiste-peintre.webp\" class=\"fusion-lightbox\" data-rel=\"iLightbox[2b6216d61833302843a]\" data-title=\"portrait artiste peintre\" title=\"portrait artiste peintre\"><img decoding=\"async\" width=\"1703\" height=\"2560\" alt=\"portrait artiste peintre\" src=\"https:\/\/marc-chazelle.fr\/photographe\/wp-content\/uploads\/2025\/04\/portrait-artiste-peintre.webp\" class=\"img-responsive wp-image-5616\" srcset=\"https:\/\/marc-chazelle.fr\/photographe\/wp-content\/uploads\/2025\/04\/portrait-artiste-peintre-200x301.webp 200w, https:\/\/marc-chazelle.fr\/photographe\/wp-content\/uploads\/2025\/04\/portrait-artiste-peintre-400x601.webp 400w, https:\/\/marc-chazelle.fr\/photographe\/wp-content\/uploads\/2025\/04\/portrait-artiste-peintre-600x902.webp 600w, https:\/\/marc-chazelle.fr\/photographe\/wp-content\/uploads\/2025\/04\/portrait-artiste-peintre-681x1024.webp 681w, https:\/\/marc-chazelle.fr\/photographe\/wp-content\/uploads\/2025\/04\/portrait-artiste-peintre-768x1154.webp 768w, https:\/\/marc-chazelle.fr\/photographe\/wp-content\/uploads\/2025\/04\/portrait-artiste-peintre-800x1203.webp 800w, https:\/\/marc-chazelle.fr\/photographe\/wp-content\/uploads\/2025\/04\/portrait-artiste-peintre-1022x1536.webp 1022w, https:\/\/marc-chazelle.fr\/photographe\/wp-content\/uploads\/2025\/04\/portrait-artiste-peintre-1200x1804.webp 1200w, https:\/\/marc-chazelle.fr\/photographe\/wp-content\/uploads\/2025\/04\/portrait-artiste-peintre-1362x2048.webp 1362w, https:\/\/marc-chazelle.fr\/photographe\/wp-content\/uploads\/2025\/04\/portrait-artiste-peintre.webp 1703w\" sizes=\"(max-width: 800px) 100vw, (max-width: 640px) 100vw, 1200px\" \/><\/a><\/span><\/div><\/div><\/div><div class=\"fusion-layout-column fusion_builder_column fusion-builder-column-2 fusion_builder_column_1_4 1_4 fusion-flex-column\" style=\"--awb-bg-size:cover;--awb-width-large:25%;--awb-margin-top-large:0px;--awb-spacing-right-large:7.68%;--awb-margin-bottom-large:0px;--awb-spacing-left-large:7.68%;--awb-width-medium:100%;--awb-order-medium:0;--awb-spacing-right-medium:1.92%;--awb-spacing-left-medium:1.92%;--awb-width-small:100%;--awb-order-small:0;--awb-spacing-right-small:1.92%;--awb-spacing-left-small:1.92%;\"><div class=\"fusion-column-wrapper fusion-column-has-shadow fusion-flex-justify-content-flex-start fusion-content-layout-column\"><\/div><\/div><div class=\"fusion-layout-column fusion_builder_column fusion-builder-column-3 fusion_builder_column_1_2 1_2 fusion-flex-column\" style=\"--awb-padding-top:10px;--awb-padding-right:30px;--awb-padding-bottom:30px;--awb-padding-left:30px;--awb-bg-color:rgba(120,155,157,0.31);--awb-bg-color-hover:rgba(120,155,157,0.31);--awb-bg-blend:overlay;--awb-bg-size:cover;--awb-border-color:var(--awb-color4);--awb-border-right:0;--awb-border-bottom:0;--awb-border-left:0;--awb-border-style:solid;--awb-width-large:50%;--awb-margin-top-large:63px;--awb-spacing-right-large:3.84%;--awb-margin-bottom-large:0px;--awb-spacing-left-large:3.84%;--awb-width-medium:100%;--awb-spacing-right-medium:1.92%;--awb-spacing-left-medium:1.92%;--awb-width-small:100%;--awb-spacing-right-small:1.92%;--awb-spacing-left-small:1.92%;\"><div class=\"fusion-column-wrapper fusion-flex-justify-content-center fusion-content-layout-column\"><div class=\"fusion-text fusion-text-3\"><h4 class=\"fusion-responsive-typography-calculated\" style=\"text-align: left; --fontsize: 24; line-height: 1.25; --minfontsize: 24; color: var(--awb-color4); font-size: 24px;\" data-fontsize=\"24\" data-lineheight=\"30px\" data-fusion-font=\"true\">Auteur :<span style=\"font-weight: normal;\"> Marc CHAZELLE<\/span><\/h4>\n<\/div><div class=\"fusion-separator\" style=\"align-self: flex-start;margin-right:auto;margin-top:0px;width:100%;max-width:130px;\"><div class=\"fusion-separator-border sep-single sep-solid\" style=\"--awb-height:20px;--awb-amount:20px;--awb-sep-color:var(--awb-color3);border-color:var(--awb-color3);border-top-width:1px;\"><\/div><\/div><div class=\"fusion-image-element \" style=\"--awb-margin-top:20px;--awb-margin-bottom:10px;--awb-caption-title-font-family:var(--h2_typography-font-family);--awb-caption-title-font-weight:var(--h2_typography-font-weight);--awb-caption-title-font-style:var(--h2_typography-font-style);--awb-caption-title-size:var(--h2_typography-font-size);--awb-caption-title-transform:var(--h2_typography-text-transform);--awb-caption-title-line-height:var(--h2_typography-line-height);--awb-caption-title-letter-spacing:var(--h2_typography-letter-spacing);\"><span class=\" fusion-imageframe imageframe-none imageframe-3 hover-type-none\"><img decoding=\"async\" width=\"1064\" height=\"1600\" title=\"portrait nb1\" src=\"https:\/\/marc-chazelle.fr\/photographe\/wp-content\/uploads\/2024\/06\/portrait-nb1.jpg\" alt class=\"img-responsive wp-image-2010\" srcset=\"https:\/\/marc-chazelle.fr\/photographe\/wp-content\/uploads\/2024\/06\/portrait-nb1-200x301.jpg 200w, https:\/\/marc-chazelle.fr\/photographe\/wp-content\/uploads\/2024\/06\/portrait-nb1-400x602.jpg 400w, https:\/\/marc-chazelle.fr\/photographe\/wp-content\/uploads\/2024\/06\/portrait-nb1-600x902.jpg 600w, https:\/\/marc-chazelle.fr\/photographe\/wp-content\/uploads\/2024\/06\/portrait-nb1-800x1203.jpg 800w, https:\/\/marc-chazelle.fr\/photographe\/wp-content\/uploads\/2024\/06\/portrait-nb1.jpg 1064w\" sizes=\"(max-width: 800px) 100vw, (max-width: 640px) 100vw, 600px\" \/><\/span><\/div><div class=\"fusion-text fusion-text-4\"><p><span data-fusion-font=\"true\" data-fusion-google-font=\"Roboto\" data-fusion-google-variant=\"300\">Artisan photographe Professionnel<\/span><span data-fusion-font=\"true\" data-fusion-google-font=\"Roboto\" data-fusion-google-variant=\"300\">, install\u00e9 sur la c\u00f4te normande, je parcours depuis 15 ans la Normandie et la France pour r\u00e9aliser des portraits d&rsquo;entrepreneur et d&rsquo;artiste.<\/span><\/p>\n<\/div><div class=\"fusion-text fusion-text-5\"><h4 class=\"fusion-responsive-typography-calculated\" style=\"text-align: left; --fontsize: 24; line-height: 1.25; --minfontsize: 24; color: var(--awb-color4);\" data-fontsize=\"24\" data-lineheight=\"30px\">Contactez-moi<\/h4>\n<\/div><div class=\"fusion-separator\" style=\"align-self: flex-start;margin-right:auto;margin-top:0px;margin-bottom:30px;width:100%;max-width:130px;\"><div class=\"fusion-separator-border sep-single sep-solid\" style=\"--awb-height:20px;--awb-amount:20px;--awb-sep-color:var(--awb-color3);border-color:var(--awb-color3);border-top-width:1px;\"><\/div><\/div><div class=\"fusion-text fusion-text-6\"><p>Tel : +33(0)6.22.74.17.86<br \/>\nEmail: <a href=\"mailto:info@company.com\">c<\/a>hazelle.marc@gmail.com<\/p>\n<p>Beuvron-en-Auge &#8211; Normandie<br \/>\nOrmesson &#8211; R\u00e9gion Parisienne<\/p>\n<\/div><div class=\"fusion-separator fusion-full-width-sep\" style=\"align-self: center;margin-left: auto;margin-right: auto;margin-top:10px;width:100%;\"><\/div><div class=\"fusion-social-links fusion-social-links-1\" style=\"--awb-margin-top:0px;--awb-margin-right:0px;--awb-margin-bottom:0px;--awb-margin-left:0px;--awb-alignment:center;--awb-box-border-top:0px;--awb-box-border-right:0px;--awb-box-border-bottom:0px;--awb-box-border-left:0px;--awb-icon-colors-hover:rgba(29,32,40,0.8);--awb-box-colors-hover:rgba(255,255,255,0.8);--awb-box-border-color:var(--awb-color3);--awb-box-border-color-hover:var(--awb-color4);\"><div class=\"fusion-social-networks boxed-icons color-type-custom\"><div class=\"fusion-social-networks-wrapper\"><a class=\"fusion-social-network-icon fusion-tooltip fusion-facebook awb-icon-facebook\" style=\"color:var(--awb-color4);font-size:20px;width:20px;background-color:rgba(120,155,157,0);border-color:rgba(120,155,157,0);border-radius:0px;\" data-placement=\"top\" data-title=\"Facebook\" data-toggle=\"tooltip\" title=\"Facebook\" aria-label=\"facebook\" target=\"_blank\" rel=\"noopener noreferrer\" href=\"https:\/\/www.facebook.com\/marc.chazelle.photographe\"><\/a><a class=\"fusion-social-network-icon fusion-tooltip fusion-instagram awb-icon-instagram\" style=\"color:var(--awb-color4);font-size:20px;width:20px;background-color:rgba(120,155,157,0);border-color:rgba(120,155,157,0);border-radius:0px;\" data-placement=\"top\" data-title=\"Instagram\" data-toggle=\"tooltip\" title=\"Instagram\" aria-label=\"instagram\" target=\"_blank\" rel=\"noopener noreferrer\" href=\"https:\/\/www.instagram.com\/marc.chazelle.photographe\/\"><\/a><a class=\"fusion-social-network-icon fusion-tooltip fusion-linkedin awb-icon-linkedin\" style=\"color:var(--awb-color4);font-size:20px;width:20px;background-color:rgba(120,155,157,0);border-color:rgba(120,155,157,0);border-radius:0px;\" data-placement=\"top\" data-title=\"LinkedIn\" data-toggle=\"tooltip\" title=\"LinkedIn\" aria-label=\"linkedin\" target=\"_blank\" rel=\"noopener noreferrer\" href=\"https:\/\/www.linkedin.com\/in\/marc-chazelle-photographe\/\"><\/a><\/div><\/div><\/div><div class=\"fusion-separator fusion-full-width-sep\" style=\"align-self: center;margin-left: auto;margin-right: auto;margin-top:25px;width:100%;\"><\/div><div style=\"text-align:center;\"><a class=\"fusion-button button-flat button-medium button-default fusion-button-default button-2 fusion-button-default-span fusion-button-default-type\" style=\"width:calc(100%);\" target=\"_blank\" rel=\"noopener noreferrer\" href=\"#contact1\"><span class=\"fusion-button-text\">Contactez-moi<\/span><\/a><\/div><\/div><\/div><div class=\"fusion-layout-column fusion_builder_column fusion-builder-column-4 fusion_builder_column_1_4 1_4 fusion-flex-column\" style=\"--awb-bg-size:cover;--awb-width-large:25%;--awb-margin-top-large:0px;--awb-spacing-right-large:7.68%;--awb-margin-bottom-large:0px;--awb-spacing-left-large:7.68%;--awb-width-medium:100%;--awb-order-medium:0;--awb-spacing-right-medium:1.92%;--awb-spacing-left-medium:1.92%;--awb-width-small:100%;--awb-order-small:0;--awb-spacing-right-small:1.92%;--awb-spacing-left-small:1.92%;\"><div class=\"fusion-column-wrapper fusion-column-has-shadow fusion-flex-justify-content-flex-start fusion-content-layout-column\"><\/div><\/div><\/div><\/div><div class=\"fusion-fullwidth fullwidth-box fusion-builder-row-3 fusion-flex-container has-pattern-background has-mask-background hundred-percent-fullwidth non-hundred-percent-height-scrolling\" style=\"--awb-border-radius-top-left:0px;--awb-border-radius-top-right:0px;--awb-border-radius-bottom-right:0px;--awb-border-radius-bottom-left:0px;--awb-background-color:var(--awb-color1);--awb-flex-wrap:wrap;\" ><div class=\"fusion-builder-row fusion-row fusion-flex-align-items-flex-start fusion-flex-content-wrap\" style=\"width:104% !important;max-width:104% !important;margin-left: calc(-4% \/ 2 );margin-right: calc(-4% \/ 2 );\"><div class=\"fusion-layout-column fusion_builder_column fusion-builder-column-5 fusion_builder_column_1_1 1_1 fusion-flex-column\" style=\"--awb-bg-blend:overlay;--awb-bg-size:cover;--awb-width-large:100%;--awb-margin-top-large:0px;--awb-spacing-right-large:1.92%;--awb-margin-bottom-large:0px;--awb-spacing-left-large:1.92%;--awb-width-medium:100%;--awb-spacing-right-medium:1.92%;--awb-spacing-left-medium:1.92%;--awb-width-small:100%;--awb-spacing-right-small:1.92%;--awb-spacing-left-small:1.92%;\"><div class=\"fusion-column-wrapper fusion-flex-justify-content-flex-start fusion-content-layout-column\"><div class=\"fusion-separator fusion-full-width-sep\" style=\"align-self: center;margin-left: auto;margin-right: auto;margin-top:50px;width:100%;\"><\/div><div class=\"fusion-section-separator section-separator slant fusion-section-separator-1\" style=\"--awb-spacer-height:99px;--awb-svg-margin-left:1.92%;--awb-svg-margin-right:1.92%;--awb-svg-margin-left-medium:1.92%;--awb-svg-margin-right-medium:1.92%;--awb-svg-margin-left-small:1.92%;--awb-svg-margin-right-small:1.92%;--awb-divider-height:99px;--awb-spacer-padding-top:inherit;--awb-sep-padding:0;--awb-svg-padding:0;--awb-svg-tag-margin-bottom:-3px;--awb-sep-svg-display:block;\"><div class=\"fusion-section-separator-svg\"><svg class=\"fusion-slant-candy\" xmlns=\"http:\/\/www.w3.org\/2000\/svg\" version=\"1.1\" width=\"100%\" height=\"100\" viewBox=\"0 0 100 100\" preserveAspectRatio=\"none\" fill=\"rgba(120,155,157,1)\"><path d=\"M100 0 L0 100 L101 100 Z\"><\/path><\/svg><\/div><div class=\"fusion-section-separator-spacer\"><div class=\"fusion-section-separator-spacer-height\"><\/div><\/div><\/div><\/div><\/div><\/div><\/div><\/p>\n","protected":false},"excerpt":{"rendered":"","protected":false},"author":1,"featured_media":5616,"comment_status":"open","ping_status":"open","sticky":false,"template":"","format":"standard","meta":{"footnotes":""},"categories":[49,54],"tags":[89],"class_list":["post-5613","post","type-post","status-publish","format-standard","has-post-thumbnail","hentry","category-photo-dentreprise","category-portrait-dentreprise","tag-portrait-dartiste"],"yoast_head":"<!-- This site is optimized with the Yoast SEO plugin v23.5 - https:\/\/yoast.com\/wordpress\/plugins\/seo\/ -->\n<title>Portrait d\u2019un artiste peintre : entre fragilit\u00e9 et lumi\u00e8re - Marc CHAZELLE<\/title>\n<meta name=\"description\" content=\"Plong\u00e9e intime dans une s\u00e9ance photo avec un artiste peintre. Un portrait sinc\u00e8re qui r\u00e9v\u00e8le la fragilit\u00e9, la profondeur et l\u2019essence de la cr\u00e9ation artistique.\" \/>\n<meta name=\"robots\" content=\"index, follow, max-snippet:-1, max-image-preview:large, max-video-preview:-1\" \/>\n<link rel=\"canonical\" href=\"https:\/\/marc-chazelle.fr\/photographe\/portrait-artiste-peintre\/\" \/>\n<meta property=\"og:locale\" content=\"fr_FR\" \/>\n<meta property=\"og:type\" content=\"article\" \/>\n<meta property=\"og:title\" content=\"Portrait d\u2019un artiste peintre : entre fragilit\u00e9 et lumi\u00e8re - Marc CHAZELLE\" \/>\n<meta property=\"og:description\" content=\"Plong\u00e9e intime dans une s\u00e9ance photo avec un artiste peintre. Un portrait sinc\u00e8re qui r\u00e9v\u00e8le la fragilit\u00e9, la profondeur et l\u2019essence de la cr\u00e9ation artistique.\" \/>\n<meta property=\"og:url\" content=\"https:\/\/marc-chazelle.fr\/photographe\/portrait-artiste-peintre\/\" \/>\n<meta property=\"og:site_name\" content=\"Marc CHAZELLE Photographe d&#039;entreprise - Normandie &amp; Paris\" \/>\n<meta property=\"article:publisher\" content=\"https:\/\/www.facebook.com\/marc.chazelle.photographe\/\" \/>\n<meta property=\"article:published_time\" content=\"2025-05-02T08:10:54+00:00\" \/>\n<meta property=\"article:modified_time\" content=\"2025-06-07T04:54:34+00:00\" \/>\n<meta property=\"og:image\" content=\"https:\/\/marc-chazelle.fr\/photographe\/wp-content\/uploads\/2025\/04\/portrait-artiste-peintre.webp\" \/>\n\t<meta property=\"og:image:width\" content=\"1703\" \/>\n\t<meta property=\"og:image:height\" content=\"2560\" \/>\n\t<meta property=\"og:image:type\" content=\"image\/webp\" \/>\n<meta name=\"author\" content=\"photo\" \/>\n<meta name=\"twitter:card\" content=\"summary_large_image\" \/>\n<meta name=\"twitter:label1\" content=\"\u00c9crit par\" \/>\n\t<meta name=\"twitter:data1\" content=\"photo\" \/>\n\t<meta name=\"twitter:label2\" content=\"Dur\u00e9e de lecture estim\u00e9e\" \/>\n\t<meta name=\"twitter:data2\" content=\"4 minutes\" \/>\n<script type=\"application\/ld+json\" class=\"yoast-schema-graph\">{\"@context\":\"https:\/\/schema.org\",\"@graph\":[{\"@type\":\"Article\",\"@id\":\"https:\/\/marc-chazelle.fr\/photographe\/portrait-artiste-peintre\/#article\",\"isPartOf\":{\"@id\":\"https:\/\/marc-chazelle.fr\/photographe\/portrait-artiste-peintre\/\"},\"author\":{\"name\":\"photo\",\"@id\":\"https:\/\/marc-chazelle.fr\/photographe\/#\/schema\/person\/2b730ad5b9bdeb913331ed633c91100d\"},\"headline\":\"Portrait d\u2019un artiste peintre : entre fragilit\u00e9 et lumi\u00e8re\",\"datePublished\":\"2025-05-02T08:10:54+00:00\",\"dateModified\":\"2025-06-07T04:54:34+00:00\",\"mainEntityOfPage\":{\"@id\":\"https:\/\/marc-chazelle.fr\/photographe\/portrait-artiste-peintre\/\"},\"wordCount\":3013,\"commentCount\":0,\"publisher\":{\"@id\":\"https:\/\/marc-chazelle.fr\/photographe\/#organization\"},\"image\":{\"@id\":\"https:\/\/marc-chazelle.fr\/photographe\/portrait-artiste-peintre\/#primaryimage\"},\"thumbnailUrl\":\"https:\/\/marc-chazelle.fr\/photographe\/wp-content\/uploads\/2025\/04\/portrait-artiste-peintre.webp\",\"keywords\":[\"portrait d'artiste\"],\"articleSection\":[\"Photo d'entreprise\",\"portrait d'entreprise\"],\"inLanguage\":\"fr-FR\",\"potentialAction\":[{\"@type\":\"CommentAction\",\"name\":\"Comment\",\"target\":[\"https:\/\/marc-chazelle.fr\/photographe\/portrait-artiste-peintre\/#respond\"]}]},{\"@type\":\"WebPage\",\"@id\":\"https:\/\/marc-chazelle.fr\/photographe\/portrait-artiste-peintre\/\",\"url\":\"https:\/\/marc-chazelle.fr\/photographe\/portrait-artiste-peintre\/\",\"name\":\"Portrait d\u2019un artiste peintre : entre fragilit\u00e9 et lumi\u00e8re - Marc CHAZELLE\",\"isPartOf\":{\"@id\":\"https:\/\/marc-chazelle.fr\/photographe\/#website\"},\"primaryImageOfPage\":{\"@id\":\"https:\/\/marc-chazelle.fr\/photographe\/portrait-artiste-peintre\/#primaryimage\"},\"image\":{\"@id\":\"https:\/\/marc-chazelle.fr\/photographe\/portrait-artiste-peintre\/#primaryimage\"},\"thumbnailUrl\":\"https:\/\/marc-chazelle.fr\/photographe\/wp-content\/uploads\/2025\/04\/portrait-artiste-peintre.webp\",\"datePublished\":\"2025-05-02T08:10:54+00:00\",\"dateModified\":\"2025-06-07T04:54:34+00:00\",\"description\":\"Plong\u00e9e intime dans une s\u00e9ance photo avec un artiste peintre. Un portrait sinc\u00e8re qui r\u00e9v\u00e8le la fragilit\u00e9, la profondeur et l\u2019essence de la cr\u00e9ation artistique.\",\"breadcrumb\":{\"@id\":\"https:\/\/marc-chazelle.fr\/photographe\/portrait-artiste-peintre\/#breadcrumb\"},\"inLanguage\":\"fr-FR\",\"potentialAction\":[{\"@type\":\"ReadAction\",\"target\":[\"https:\/\/marc-chazelle.fr\/photographe\/portrait-artiste-peintre\/\"]}]},{\"@type\":\"ImageObject\",\"inLanguage\":\"fr-FR\",\"@id\":\"https:\/\/marc-chazelle.fr\/photographe\/portrait-artiste-peintre\/#primaryimage\",\"url\":\"https:\/\/marc-chazelle.fr\/photographe\/wp-content\/uploads\/2025\/04\/portrait-artiste-peintre.webp\",\"contentUrl\":\"https:\/\/marc-chazelle.fr\/photographe\/wp-content\/uploads\/2025\/04\/portrait-artiste-peintre.webp\",\"width\":1703,\"height\":2560,\"caption\":\"portrait artiste peintre\"},{\"@type\":\"BreadcrumbList\",\"@id\":\"https:\/\/marc-chazelle.fr\/photographe\/portrait-artiste-peintre\/#breadcrumb\",\"itemListElement\":[{\"@type\":\"ListItem\",\"position\":1,\"name\":\"Accueil\",\"item\":\"https:\/\/marc-chazelle.fr\/photographe\/\"},{\"@type\":\"ListItem\",\"position\":2,\"name\":\"Portrait d\u2019un artiste peintre : entre fragilit\u00e9 et lumi\u00e8re\"}]},{\"@type\":\"WebSite\",\"@id\":\"https:\/\/marc-chazelle.fr\/photographe\/#website\",\"url\":\"https:\/\/marc-chazelle.fr\/photographe\/\",\"name\":\"Marc CHAZELLE Photographe d'entreprise - Normandie & Paris\",\"description\":\"\",\"publisher\":{\"@id\":\"https:\/\/marc-chazelle.fr\/photographe\/#organization\"},\"potentialAction\":[{\"@type\":\"SearchAction\",\"target\":{\"@type\":\"EntryPoint\",\"urlTemplate\":\"https:\/\/marc-chazelle.fr\/photographe\/?s={search_term_string}\"},\"query-input\":{\"@type\":\"PropertyValueSpecification\",\"valueRequired\":true,\"valueName\":\"search_term_string\"}}],\"inLanguage\":\"fr-FR\"},{\"@type\":\"Organization\",\"@id\":\"https:\/\/marc-chazelle.fr\/photographe\/#organization\",\"name\":\"Marc CHAZELLE Photographe d'entreprise - Normandie & Paris\",\"url\":\"https:\/\/marc-chazelle.fr\/photographe\/\",\"logo\":{\"@type\":\"ImageObject\",\"inLanguage\":\"fr-FR\",\"@id\":\"https:\/\/marc-chazelle.fr\/photographe\/#\/schema\/logo\/image\/\",\"url\":\"https:\/\/marc-chazelle.fr\/photographe\/wp-content\/uploads\/2024\/09\/appareil-photo-1-copie.webp\",\"contentUrl\":\"https:\/\/marc-chazelle.fr\/photographe\/wp-content\/uploads\/2024\/09\/appareil-photo-1-copie.webp\",\"width\":2000,\"height\":2000,\"caption\":\"Marc CHAZELLE Photographe d'entreprise - Normandie & Paris\"},\"image\":{\"@id\":\"https:\/\/marc-chazelle.fr\/photographe\/#\/schema\/logo\/image\/\"},\"sameAs\":[\"https:\/\/www.facebook.com\/marc.chazelle.photographe\/\",\"https:\/\/www.instagram.com\/marc.chazelle.photographe\/\",\"https:\/\/www.linkedin.com\/in\/marc-chazelle-photographe\/\"]},{\"@type\":\"Person\",\"@id\":\"https:\/\/marc-chazelle.fr\/photographe\/#\/schema\/person\/2b730ad5b9bdeb913331ed633c91100d\",\"name\":\"photo\",\"image\":{\"@type\":\"ImageObject\",\"inLanguage\":\"fr-FR\",\"@id\":\"https:\/\/marc-chazelle.fr\/photographe\/#\/schema\/person\/image\/\",\"url\":\"https:\/\/secure.gravatar.com\/avatar\/1584137e92f7a4131a7f6b5101d8657acc0a7ec479f22403a74189ea46bf5169?s=96&d=mm&r=g\",\"contentUrl\":\"https:\/\/secure.gravatar.com\/avatar\/1584137e92f7a4131a7f6b5101d8657acc0a7ec479f22403a74189ea46bf5169?s=96&d=mm&r=g\",\"caption\":\"photo\"},\"sameAs\":[\"https:\/\/marc-chazelle.fr\/photographe\"],\"url\":\"https:\/\/marc-chazelle.fr\/photographe\/author\/photo\/\"}]}<\/script>\n<!-- \/ Yoast SEO plugin. -->","yoast_head_json":{"title":"Portrait d\u2019un artiste peintre : entre fragilit\u00e9 et lumi\u00e8re - Marc CHAZELLE","description":"Plong\u00e9e intime dans une s\u00e9ance photo avec un artiste peintre. Un portrait sinc\u00e8re qui r\u00e9v\u00e8le la fragilit\u00e9, la profondeur et l\u2019essence de la cr\u00e9ation artistique.","robots":{"index":"index","follow":"follow","max-snippet":"max-snippet:-1","max-image-preview":"max-image-preview:large","max-video-preview":"max-video-preview:-1"},"canonical":"https:\/\/marc-chazelle.fr\/photographe\/portrait-artiste-peintre\/","og_locale":"fr_FR","og_type":"article","og_title":"Portrait d\u2019un artiste peintre : entre fragilit\u00e9 et lumi\u00e8re - Marc CHAZELLE","og_description":"Plong\u00e9e intime dans une s\u00e9ance photo avec un artiste peintre. Un portrait sinc\u00e8re qui r\u00e9v\u00e8le la fragilit\u00e9, la profondeur et l\u2019essence de la cr\u00e9ation artistique.","og_url":"https:\/\/marc-chazelle.fr\/photographe\/portrait-artiste-peintre\/","og_site_name":"Marc CHAZELLE Photographe d&#039;entreprise - Normandie &amp; Paris","article_publisher":"https:\/\/www.facebook.com\/marc.chazelle.photographe\/","article_published_time":"2025-05-02T08:10:54+00:00","article_modified_time":"2025-06-07T04:54:34+00:00","og_image":[{"width":1703,"height":2560,"url":"https:\/\/marc-chazelle.fr\/photographe\/wp-content\/uploads\/2025\/04\/portrait-artiste-peintre.webp","type":"image\/webp"}],"author":"photo","twitter_card":"summary_large_image","twitter_misc":{"\u00c9crit par":"photo","Dur\u00e9e de lecture estim\u00e9e":"4 minutes"},"schema":{"@context":"https:\/\/schema.org","@graph":[{"@type":"Article","@id":"https:\/\/marc-chazelle.fr\/photographe\/portrait-artiste-peintre\/#article","isPartOf":{"@id":"https:\/\/marc-chazelle.fr\/photographe\/portrait-artiste-peintre\/"},"author":{"name":"photo","@id":"https:\/\/marc-chazelle.fr\/photographe\/#\/schema\/person\/2b730ad5b9bdeb913331ed633c91100d"},"headline":"Portrait d\u2019un artiste peintre : entre fragilit\u00e9 et lumi\u00e8re","datePublished":"2025-05-02T08:10:54+00:00","dateModified":"2025-06-07T04:54:34+00:00","mainEntityOfPage":{"@id":"https:\/\/marc-chazelle.fr\/photographe\/portrait-artiste-peintre\/"},"wordCount":3013,"commentCount":0,"publisher":{"@id":"https:\/\/marc-chazelle.fr\/photographe\/#organization"},"image":{"@id":"https:\/\/marc-chazelle.fr\/photographe\/portrait-artiste-peintre\/#primaryimage"},"thumbnailUrl":"https:\/\/marc-chazelle.fr\/photographe\/wp-content\/uploads\/2025\/04\/portrait-artiste-peintre.webp","keywords":["portrait d'artiste"],"articleSection":["Photo d'entreprise","portrait d'entreprise"],"inLanguage":"fr-FR","potentialAction":[{"@type":"CommentAction","name":"Comment","target":["https:\/\/marc-chazelle.fr\/photographe\/portrait-artiste-peintre\/#respond"]}]},{"@type":"WebPage","@id":"https:\/\/marc-chazelle.fr\/photographe\/portrait-artiste-peintre\/","url":"https:\/\/marc-chazelle.fr\/photographe\/portrait-artiste-peintre\/","name":"Portrait d\u2019un artiste peintre : entre fragilit\u00e9 et lumi\u00e8re - Marc CHAZELLE","isPartOf":{"@id":"https:\/\/marc-chazelle.fr\/photographe\/#website"},"primaryImageOfPage":{"@id":"https:\/\/marc-chazelle.fr\/photographe\/portrait-artiste-peintre\/#primaryimage"},"image":{"@id":"https:\/\/marc-chazelle.fr\/photographe\/portrait-artiste-peintre\/#primaryimage"},"thumbnailUrl":"https:\/\/marc-chazelle.fr\/photographe\/wp-content\/uploads\/2025\/04\/portrait-artiste-peintre.webp","datePublished":"2025-05-02T08:10:54+00:00","dateModified":"2025-06-07T04:54:34+00:00","description":"Plong\u00e9e intime dans une s\u00e9ance photo avec un artiste peintre. Un portrait sinc\u00e8re qui r\u00e9v\u00e8le la fragilit\u00e9, la profondeur et l\u2019essence de la cr\u00e9ation artistique.","breadcrumb":{"@id":"https:\/\/marc-chazelle.fr\/photographe\/portrait-artiste-peintre\/#breadcrumb"},"inLanguage":"fr-FR","potentialAction":[{"@type":"ReadAction","target":["https:\/\/marc-chazelle.fr\/photographe\/portrait-artiste-peintre\/"]}]},{"@type":"ImageObject","inLanguage":"fr-FR","@id":"https:\/\/marc-chazelle.fr\/photographe\/portrait-artiste-peintre\/#primaryimage","url":"https:\/\/marc-chazelle.fr\/photographe\/wp-content\/uploads\/2025\/04\/portrait-artiste-peintre.webp","contentUrl":"https:\/\/marc-chazelle.fr\/photographe\/wp-content\/uploads\/2025\/04\/portrait-artiste-peintre.webp","width":1703,"height":2560,"caption":"portrait artiste peintre"},{"@type":"BreadcrumbList","@id":"https:\/\/marc-chazelle.fr\/photographe\/portrait-artiste-peintre\/#breadcrumb","itemListElement":[{"@type":"ListItem","position":1,"name":"Accueil","item":"https:\/\/marc-chazelle.fr\/photographe\/"},{"@type":"ListItem","position":2,"name":"Portrait d\u2019un artiste peintre : entre fragilit\u00e9 et lumi\u00e8re"}]},{"@type":"WebSite","@id":"https:\/\/marc-chazelle.fr\/photographe\/#website","url":"https:\/\/marc-chazelle.fr\/photographe\/","name":"Marc CHAZELLE Photographe d'entreprise - Normandie & Paris","description":"","publisher":{"@id":"https:\/\/marc-chazelle.fr\/photographe\/#organization"},"potentialAction":[{"@type":"SearchAction","target":{"@type":"EntryPoint","urlTemplate":"https:\/\/marc-chazelle.fr\/photographe\/?s={search_term_string}"},"query-input":{"@type":"PropertyValueSpecification","valueRequired":true,"valueName":"search_term_string"}}],"inLanguage":"fr-FR"},{"@type":"Organization","@id":"https:\/\/marc-chazelle.fr\/photographe\/#organization","name":"Marc CHAZELLE Photographe d'entreprise - Normandie & Paris","url":"https:\/\/marc-chazelle.fr\/photographe\/","logo":{"@type":"ImageObject","inLanguage":"fr-FR","@id":"https:\/\/marc-chazelle.fr\/photographe\/#\/schema\/logo\/image\/","url":"https:\/\/marc-chazelle.fr\/photographe\/wp-content\/uploads\/2024\/09\/appareil-photo-1-copie.webp","contentUrl":"https:\/\/marc-chazelle.fr\/photographe\/wp-content\/uploads\/2024\/09\/appareil-photo-1-copie.webp","width":2000,"height":2000,"caption":"Marc CHAZELLE Photographe d'entreprise - Normandie & Paris"},"image":{"@id":"https:\/\/marc-chazelle.fr\/photographe\/#\/schema\/logo\/image\/"},"sameAs":["https:\/\/www.facebook.com\/marc.chazelle.photographe\/","https:\/\/www.instagram.com\/marc.chazelle.photographe\/","https:\/\/www.linkedin.com\/in\/marc-chazelle-photographe\/"]},{"@type":"Person","@id":"https:\/\/marc-chazelle.fr\/photographe\/#\/schema\/person\/2b730ad5b9bdeb913331ed633c91100d","name":"photo","image":{"@type":"ImageObject","inLanguage":"fr-FR","@id":"https:\/\/marc-chazelle.fr\/photographe\/#\/schema\/person\/image\/","url":"https:\/\/secure.gravatar.com\/avatar\/1584137e92f7a4131a7f6b5101d8657acc0a7ec479f22403a74189ea46bf5169?s=96&d=mm&r=g","contentUrl":"https:\/\/secure.gravatar.com\/avatar\/1584137e92f7a4131a7f6b5101d8657acc0a7ec479f22403a74189ea46bf5169?s=96&d=mm&r=g","caption":"photo"},"sameAs":["https:\/\/marc-chazelle.fr\/photographe"],"url":"https:\/\/marc-chazelle.fr\/photographe\/author\/photo\/"}]}},"_links":{"self":[{"href":"https:\/\/marc-chazelle.fr\/photographe\/wp-json\/wp\/v2\/posts\/5613","targetHints":{"allow":["GET"]}}],"collection":[{"href":"https:\/\/marc-chazelle.fr\/photographe\/wp-json\/wp\/v2\/posts"}],"about":[{"href":"https:\/\/marc-chazelle.fr\/photographe\/wp-json\/wp\/v2\/types\/post"}],"author":[{"embeddable":true,"href":"https:\/\/marc-chazelle.fr\/photographe\/wp-json\/wp\/v2\/users\/1"}],"replies":[{"embeddable":true,"href":"https:\/\/marc-chazelle.fr\/photographe\/wp-json\/wp\/v2\/comments?post=5613"}],"version-history":[{"count":0,"href":"https:\/\/marc-chazelle.fr\/photographe\/wp-json\/wp\/v2\/posts\/5613\/revisions"}],"wp:featuredmedia":[{"embeddable":true,"href":"https:\/\/marc-chazelle.fr\/photographe\/wp-json\/wp\/v2\/media\/5616"}],"wp:attachment":[{"href":"https:\/\/marc-chazelle.fr\/photographe\/wp-json\/wp\/v2\/media?parent=5613"}],"wp:term":[{"taxonomy":"category","embeddable":true,"href":"https:\/\/marc-chazelle.fr\/photographe\/wp-json\/wp\/v2\/categories?post=5613"},{"taxonomy":"post_tag","embeddable":true,"href":"https:\/\/marc-chazelle.fr\/photographe\/wp-json\/wp\/v2\/tags?post=5613"}],"curies":[{"name":"wp","href":"https:\/\/api.w.org\/{rel}","templated":true}]}}